{"id":20565,"date":"2025-06-29T12:00:25","date_gmt":"2025-06-29T12:00:25","guid":{"rendered":"https:\/\/www.press7.tv\/?p=20565"},"modified":"2025-06-29T12:00:25","modified_gmt":"2025-06-29T12:00:25","slug":"rihanna-shtatzene-shfaq-barkun-e-saj-ne-premieren-e-smurfs","status":"publish","type":"post","link":"https:\/\/www.press7.tv\/?p=20565","title":{"rendered":"Rihanna shtatz\u00ebn\u00eb shfaq barkun e saj n\u00eb premier\u00ebn e \u201cSmurfs\u201d"},"content":{"rendered":"\n    <div class=\"xs_social_share_widget xs_share_url before_content \t\tmain_content  wslu-style-2 wslu-share-box-shaped wslu-fill-colored wslu-share-m-5 wslu-none wslu-share-vertical wslu-theme-font-no wslu-main_content\">\n\n\t\t\n        <ul>\n\t\t\t        <\/ul>\n    <\/div> \n<p>Rihanna ka v\u00ebn\u00eb n\u00eb qend\u00ebr t\u00eb v\u00ebmendjes barkun e saj t\u00eb shtatz\u00ebnis\u00eb s\u00eb tret\u00eb, me pamjen e saj t\u00eb fundit n\u00eb tapetin e kuq.<\/p>\n<p>Fituesja e n\u00ebnt\u00eb \u00e7mimeve Grammy, ka dal\u00eb bashk\u00eb me t\u00eb dashurin e saj, A$AP Rocky n\u00eb premier\u00ebn bot\u00ebrore t\u00eb Smurfs n\u00eb Bruksel t\u00eb shtun\u00ebn, e veshur me nj\u00eb fustan dypjes\u00ebsh me ngjyr\u00eb t\u00eb gjelb\u00ebrt dhe i cili zbulonte barkun e saj.<\/p>\n<p>Veshja nga Chanel, i cili p\u00ebrfshinte nj\u00eb bluz\u00eb dhe fundin prej m\u00ebndafshi jeshil, ka marr\u00eb 840 or\u00eb p\u00ebr t&#8217;u realizuar, sipas mark\u00ebs s\u00eb mod\u00ebs. Seti ishte zbukuruar me kristale dhe pupla. <\/p>\n<p>Rihanna, e cila zbuloi n\u00eb Met Gala n\u00eb maj se ajo dhe Rocky po prisnin f\u00ebmij\u00ebn e tyre t\u00eb tret\u00eb s\u00eb bashku, mori pjes\u00eb n\u00eb debutimin e filmit t\u00eb saj t\u00eb fundit n\u00eb Belgjik\u00eb s\u00eb bashku me reperin 36 vje\u00e7. <\/p>\n<p>Rocky e plot\u00ebsonte Rihann\u00ebn duke veshur nj\u00eb k\u00ebmish\u00eb me vija me kopsa, nj\u00eb kravat\u00eb po ashtu me vija, pantallona t\u00eb zeza t\u00eb gjera dhe nj\u00eb pal\u00eb syze t\u00eb zeza. T\u00eb dy jan\u00eb tashm\u00eb prind\u00ebr t\u00eb djemve RZA, 3 vje\u00e7, dhe Riot, 1 vje\u00e7.<\/p>\n<p>Para k\u00ebsaj, \u00e7ifti u shfaq s\u00eb bashku n\u00eb Festivalin e Filmit n\u00eb Kan\u00eb, ku ec\u00ebn n\u00eb tapetin e premier\u00ebs s\u00eb filmit t\u00eb Rocky-t, Highest 2 Lowest, m\u00eb 19 maj.<\/p>\n<p>Rihanna luan n\u00eb filmin e ri t\u00eb Smurfs n\u00eb rolin e Smurfette. <\/p>\n<p>N\u00eb film luajn\u00eb gjithashtu James Corden, Nick Offerman, Daniel Levy, Amy Sedaris, Natasha Lyonne, Sandra Oh, Octavia Spencer, Nick Kroll, Hannah Waddingham, Alex Winter dhe Maya Erskine. <\/p>\n<p>Sa i p\u00ebrket kolon\u00ebs zanore t\u00eb filmit Smurfs, fansat mund t\u00eb presin muzik\u00eb t\u00eb re nga Rihanna, e cila tashm\u00eb publikoi k\u00ebng\u00ebn &#8220;Friend of Mine&#8221; n\u00eb maj.<\/p>\n<p>Smurfs shfaqet n\u00eb kinema t\u00eb premten, m\u00eb 18 korrik.<\/p>\n","protected":false},"excerpt":{"rendered":"<p>Rihanna ka v\u00ebn\u00eb n\u00eb qend\u00ebr t\u00eb v\u00ebmendjes barkun e saj t\u00eb shtatz\u00ebnis\u00eb s\u00eb tret\u00eb, me pamjen e saj t\u00eb fundit n\u00eb tapetin e kuq. Fituesja e n\u00ebnt\u00eb \u00e7mimeve Grammy, ka dal\u00eb bashk\u00eb me t\u00eb dashurin e saj, A$AP Rocky n\u00eb premier\u00ebn bot\u00ebrore t\u00eb Smurfs n\u00eb Bruksel t\u00eb shtun\u00ebn, e veshur me nj\u00eb fustan dypjes\u00ebsh me [&hellip;]<\/p>\n","protected":false},"author":8,"featured_media":20566,"comment_status":"closed","ping_status":"closed","sticky":false,"template":"","format":"standard","meta":{"footnotes":""},"categories":[238],"tags":[],"class_list":["post-20565","post","type-post","status-publish","format-standard","has-post-thumbnail","hentry","category-showbiz"],"yoast_head":"<!-- This site is optimized with the Yoast SEO plugin v25.1 - https:\/\/yoast.com\/wordpress\/plugins\/seo\/ -->\n<title>Rihanna shtatz\u00ebn\u00eb shfaq barkun e saj n\u00eb premier\u00ebn e \u201cSmurfs\u201d - press7.tv<\/title>\n<meta name=\"robots\" content=\"index, follow, max-snippet:-1, max-image-preview:large, max-video-preview:-1\" \/>\n<link rel=\"canonical\" href=\"https:\/\/www.press7.tv\/?p=20565\" \/>\n<meta property=\"og:locale\" content=\"en_US\" \/>\n<meta property=\"og:type\" content=\"article\" \/>\n<meta property=\"og:title\" content=\"Rihanna shtatz\u00ebn\u00eb shfaq barkun e saj n\u00eb premier\u00ebn e \u201cSmurfs\u201d - press7.tv\" \/>\n<meta property=\"og:description\" content=\"Rihanna ka v\u00ebn\u00eb n\u00eb qend\u00ebr t\u00eb v\u00ebmendjes barkun e saj t\u00eb shtatz\u00ebnis\u00eb s\u00eb tret\u00eb, me pamjen e saj t\u00eb fundit n\u00eb tapetin e kuq. Fituesja e n\u00ebnt\u00eb \u00e7mimeve Grammy, ka dal\u00eb bashk\u00eb me t\u00eb dashurin e saj, A$AP Rocky n\u00eb premier\u00ebn bot\u00ebrore t\u00eb Smurfs n\u00eb Bruksel t\u00eb shtun\u00ebn, e veshur me nj\u00eb fustan dypjes\u00ebsh me [&hellip;]\" \/>\n<meta property=\"og:url\" content=\"https:\/\/www.press7.tv\/?p=20565\" \/>\n<meta property=\"og:site_name\" content=\"press7.tv\" \/>\n<meta property=\"article:publisher\" content=\"https:\/\/www.facebook.com\/press7.tv\" \/>\n<meta property=\"article:published_time\" content=\"2025-06-29T12:00:25+00:00\" \/>\n<meta property=\"og:image\" content=\"https:\/\/www.press7.tv\/wp-content\/uploads\/2025\/06\/IMG_5891.avif\" \/>\n\t<meta property=\"og:image:width\" content=\"1360\" \/>\n\t<meta property=\"og:image:height\" content=\"870\" \/>\n\t<meta property=\"og:image:type\" content=\"image\/webp\" \/>\n<meta name=\"author\" content=\"gazetar2\" \/>\n<meta name=\"twitter:card\" content=\"summary_large_image\" \/>\n<meta name=\"twitter:label1\" content=\"Written by\" \/>\n\t<meta name=\"twitter:data1\" content=\"gazetar2\" \/>\n\t<meta name=\"twitter:label2\" content=\"Est. reading time\" \/>\n\t<meta name=\"twitter:data2\" content=\"1 minute\" \/>\n<script type=\"application\/ld+json\" class=\"yoast-schema-graph\">{\"@context\":\"https:\/\/schema.org\",\"@graph\":[{\"@type\":\"Article\",\"@id\":\"https:\/\/www.press7.tv\/?p=20565#article\",\"isPartOf\":{\"@id\":\"https:\/\/www.press7.tv\/?p=20565\"},\"author\":{\"name\":\"gazetar2\",\"@id\":\"https:\/\/www.news33.tv\/#\/schema\/person\/5a04a38a23ccdba82f9bd665cd8f9efa\"},\"headline\":\"Rihanna shtatz\u00ebn\u00eb shfaq barkun e saj n\u00eb premier\u00ebn e \u201cSmurfs\u201d\",\"datePublished\":\"2025-06-29T12:00:25+00:00\",\"mainEntityOfPage\":{\"@id\":\"https:\/\/www.press7.tv\/?p=20565\"},\"wordCount\":318,\"publisher\":{\"@id\":\"https:\/\/www.news33.tv\/#organization\"},\"image\":{\"@id\":\"https:\/\/www.press7.tv\/?p=20565#primaryimage\"},\"thumbnailUrl\":\"https:\/\/www.press7.tv\/wp-content\/uploads\/2025\/06\/IMG_5891.avif\",\"articleSection\":[\"ShowBiz\"],\"inLanguage\":\"en-US\"},{\"@type\":\"WebPage\",\"@id\":\"https:\/\/www.press7.tv\/?p=20565\",\"url\":\"https:\/\/www.press7.tv\/?p=20565\",\"name\":\"Rihanna shtatz\u00ebn\u00eb shfaq barkun e saj n\u00eb premier\u00ebn e \u201cSmurfs\u201d - press7.tv\",\"isPartOf\":{\"@id\":\"https:\/\/www.news33.tv\/#website\"},\"primaryImageOfPage\":{\"@id\":\"https:\/\/www.press7.tv\/?p=20565#primaryimage\"},\"image\":{\"@id\":\"https:\/\/www.press7.tv\/?p=20565#primaryimage\"},\"thumbnailUrl\":\"https:\/\/www.press7.tv\/wp-content\/uploads\/2025\/06\/IMG_5891.avif\",\"datePublished\":\"2025-06-29T12:00:25+00:00\",\"breadcrumb\":{\"@id\":\"https:\/\/www.press7.tv\/?p=20565#breadcrumb\"},\"inLanguage\":\"en-US\",\"potentialAction\":[{\"@type\":\"ReadAction\",\"target\":[\"https:\/\/www.press7.tv\/?p=20565\"]}]},{\"@type\":\"ImageObject\",\"inLanguage\":\"en-US\",\"@id\":\"https:\/\/www.press7.tv\/?p=20565#primaryimage\",\"url\":\"https:\/\/www.press7.tv\/wp-content\/uploads\/2025\/06\/IMG_5891.avif\",\"contentUrl\":\"https:\/\/www.press7.tv\/wp-content\/uploads\/2025\/06\/IMG_5891.avif\",\"width\":1360,\"height\":870},{\"@type\":\"BreadcrumbList\",\"@id\":\"https:\/\/www.press7.tv\/?p=20565#breadcrumb\",\"itemListElement\":[{\"@type\":\"ListItem\",\"position\":1,\"name\":\"Home\",\"item\":\"https:\/\/www.press7.tv\/\"},{\"@type\":\"ListItem\",\"position\":2,\"name\":\"Rihanna shtatz\u00ebn\u00eb shfaq barkun e saj n\u00eb premier\u00ebn e \u201cSmurfs\u201d\"}]},{\"@type\":\"WebSite\",\"@id\":\"https:\/\/www.news33.tv\/#website\",\"url\":\"https:\/\/www.news33.tv\/\",\"name\":\"News33.tv Media\",\"description\":\"Media\",\"publisher\":{\"@id\":\"https:\/\/www.news33.tv\/#organization\"},\"potentialAction\":[{\"@type\":\"SearchAction\",\"target\":{\"@type\":\"EntryPoint\",\"urlTemplate\":\"https:\/\/www.news33.tv\/?s={search_term_string}\"},\"query-input\":{\"@type\":\"PropertyValueSpecification\",\"valueRequired\":true,\"valueName\":\"search_term_string\"}}],\"inLanguage\":\"en-US\"},{\"@type\":\"Organization\",\"@id\":\"https:\/\/www.news33.tv\/#organization\",\"name\":\"News33.tv Media\",\"url\":\"https:\/\/www.news33.tv\/\",\"logo\":{\"@type\":\"ImageObject\",\"inLanguage\":\"en-US\",\"@id\":\"https:\/\/www.news33.tv\/#\/schema\/logo\/image\/\",\"url\":\"https:\/\/www.press7.tv\/wp-content\/uploads\/2024\/02\/logo-news33-black.png\",\"contentUrl\":\"https:\/\/www.press7.tv\/wp-content\/uploads\/2024\/02\/logo-news33-black.png\",\"width\":180,\"height\":37,\"caption\":\"News33.tv Media\"},\"image\":{\"@id\":\"https:\/\/www.news33.tv\/#\/schema\/logo\/image\/\"},\"sameAs\":[\"https:\/\/www.facebook.com\/press7.tv\"]},{\"@type\":\"Person\",\"@id\":\"https:\/\/www.news33.tv\/#\/schema\/person\/5a04a38a23ccdba82f9bd665cd8f9efa\",\"name\":\"gazetar2\",\"image\":{\"@type\":\"ImageObject\",\"inLanguage\":\"en-US\",\"@id\":\"https:\/\/www.news33.tv\/#\/schema\/person\/image\/\",\"url\":\"https:\/\/www.press7.tv\/wp-content\/litespeed\/avatar\/41975e402c3049d9ddb03adca8f7a883.jpg?ver=1777169572\",\"contentUrl\":\"https:\/\/www.press7.tv\/wp-content\/litespeed\/avatar\/41975e402c3049d9ddb03adca8f7a883.jpg?ver=1777169572\",\"caption\":\"gazetar2\"},\"url\":\"https:\/\/www.press7.tv\/?author=8\"}]}<\/script>\n<!-- \/ Yoast SEO plugin. -->","yoast_head_json":{"title":"Rihanna shtatz\u00ebn\u00eb shfaq barkun e saj n\u00eb premier\u00ebn e \u201cSmurfs\u201d - press7.tv","robots":{"index":"index","follow":"follow","max-snippet":"max-snippet:-1","max-image-preview":"max-image-preview:large","max-video-preview":"max-video-preview:-1"},"canonical":"https:\/\/www.press7.tv\/?p=20565","og_locale":"en_US","og_type":"article","og_title":"Rihanna shtatz\u00ebn\u00eb shfaq barkun e saj n\u00eb premier\u00ebn e \u201cSmurfs\u201d - press7.tv","og_description":"Rihanna ka v\u00ebn\u00eb n\u00eb qend\u00ebr t\u00eb v\u00ebmendjes barkun e saj t\u00eb shtatz\u00ebnis\u00eb s\u00eb tret\u00eb, me pamjen e saj t\u00eb fundit n\u00eb tapetin e kuq. Fituesja e n\u00ebnt\u00eb \u00e7mimeve Grammy, ka dal\u00eb bashk\u00eb me t\u00eb dashurin e saj, A$AP Rocky n\u00eb premier\u00ebn bot\u00ebrore t\u00eb Smurfs n\u00eb Bruksel t\u00eb shtun\u00ebn, e veshur me nj\u00eb fustan dypjes\u00ebsh me [&hellip;]","og_url":"https:\/\/www.press7.tv\/?p=20565","og_site_name":"press7.tv","article_publisher":"https:\/\/www.facebook.com\/press7.tv","article_published_time":"2025-06-29T12:00:25+00:00","og_image":[{"width":1360,"height":870,"url":"https:\/\/www.press7.tv\/wp-content\/uploads\/2025\/06\/IMG_5891.avif","type":"image\/webp"}],"author":"gazetar2","twitter_card":"summary_large_image","twitter_misc":{"Written by":"gazetar2","Est. reading time":"1 minute"},"schema":{"@context":"https:\/\/schema.org","@graph":[{"@type":"Article","@id":"https:\/\/www.press7.tv\/?p=20565#article","isPartOf":{"@id":"https:\/\/www.press7.tv\/?p=20565"},"author":{"name":"gazetar2","@id":"https:\/\/www.news33.tv\/#\/schema\/person\/5a04a38a23ccdba82f9bd665cd8f9efa"},"headline":"Rihanna shtatz\u00ebn\u00eb shfaq barkun e saj n\u00eb premier\u00ebn e \u201cSmurfs\u201d","datePublished":"2025-06-29T12:00:25+00:00","mainEntityOfPage":{"@id":"https:\/\/www.press7.tv\/?p=20565"},"wordCount":318,"publisher":{"@id":"https:\/\/www.news33.tv\/#organization"},"image":{"@id":"https:\/\/www.press7.tv\/?p=20565#primaryimage"},"thumbnailUrl":"https:\/\/www.press7.tv\/wp-content\/uploads\/2025\/06\/IMG_5891.avif","articleSection":["ShowBiz"],"inLanguage":"en-US"},{"@type":"WebPage","@id":"https:\/\/www.press7.tv\/?p=20565","url":"https:\/\/www.press7.tv\/?p=20565","name":"Rihanna shtatz\u00ebn\u00eb shfaq barkun e saj n\u00eb premier\u00ebn e \u201cSmurfs\u201d - press7.tv","isPartOf":{"@id":"https:\/\/www.news33.tv\/#website"},"primaryImageOfPage":{"@id":"https:\/\/www.press7.tv\/?p=20565#primaryimage"},"image":{"@id":"https:\/\/www.press7.tv\/?p=20565#primaryimage"},"thumbnailUrl":"https:\/\/www.press7.tv\/wp-content\/uploads\/2025\/06\/IMG_5891.avif","datePublished":"2025-06-29T12:00:25+00:00","breadcrumb":{"@id":"https:\/\/www.press7.tv\/?p=20565#breadcrumb"},"inLanguage":"en-US","potentialAction":[{"@type":"ReadAction","target":["https:\/\/www.press7.tv\/?p=20565"]}]},{"@type":"ImageObject","inLanguage":"en-US","@id":"https:\/\/www.press7.tv\/?p=20565#primaryimage","url":"https:\/\/www.press7.tv\/wp-content\/uploads\/2025\/06\/IMG_5891.avif","contentUrl":"https:\/\/www.press7.tv\/wp-content\/uploads\/2025\/06\/IMG_5891.avif","width":1360,"height":870},{"@type":"BreadcrumbList","@id":"https:\/\/www.press7.tv\/?p=20565#breadcrumb","itemListElement":[{"@type":"ListItem","position":1,"name":"Home","item":"https:\/\/www.press7.tv\/"},{"@type":"ListItem","position":2,"name":"Rihanna shtatz\u00ebn\u00eb shfaq barkun e saj n\u00eb premier\u00ebn e \u201cSmurfs\u201d"}]},{"@type":"WebSite","@id":"https:\/\/www.news33.tv\/#website","url":"https:\/\/www.news33.tv\/","name":"News33.tv Media","description":"Media","publisher":{"@id":"https:\/\/www.news33.tv\/#organization"},"potentialAction":[{"@type":"SearchAction","target":{"@type":"EntryPoint","urlTemplate":"https:\/\/www.news33.tv\/?s={search_term_string}"},"query-input":{"@type":"PropertyValueSpecification","valueRequired":true,"valueName":"search_term_string"}}],"inLanguage":"en-US"},{"@type":"Organization","@id":"https:\/\/www.news33.tv\/#organization","name":"News33.tv Media","url":"https:\/\/www.news33.tv\/","logo":{"@type":"ImageObject","inLanguage":"en-US","@id":"https:\/\/www.news33.tv\/#\/schema\/logo\/image\/","url":"https:\/\/www.press7.tv\/wp-content\/uploads\/2024\/02\/logo-news33-black.png","contentUrl":"https:\/\/www.press7.tv\/wp-content\/uploads\/2024\/02\/logo-news33-black.png","width":180,"height":37,"caption":"News33.tv Media"},"image":{"@id":"https:\/\/www.news33.tv\/#\/schema\/logo\/image\/"},"sameAs":["https:\/\/www.facebook.com\/press7.tv"]},{"@type":"Person","@id":"https:\/\/www.news33.tv\/#\/schema\/person\/5a04a38a23ccdba82f9bd665cd8f9efa","name":"gazetar2","image":{"@type":"ImageObject","inLanguage":"en-US","@id":"https:\/\/www.news33.tv\/#\/schema\/person\/image\/","url":"https:\/\/www.press7.tv\/wp-content\/litespeed\/avatar\/41975e402c3049d9ddb03adca8f7a883.jpg?ver=1777169572","contentUrl":"https:\/\/www.press7.tv\/wp-content\/litespeed\/avatar\/41975e402c3049d9ddb03adca8f7a883.jpg?ver=1777169572","caption":"gazetar2"},"url":"https:\/\/www.press7.tv\/?author=8"}]}},"amp_enabled":true,"_links":{"self":[{"href":"https:\/\/www.press7.tv\/index.php?rest_route=\/wp\/v2\/posts\/20565","targetHints":{"allow":["GET"]}}],"collection":[{"href":"https:\/\/www.press7.tv\/index.php?rest_route=\/wp\/v2\/posts"}],"about":[{"href":"https:\/\/www.press7.tv\/index.php?rest_route=\/wp\/v2\/types\/post"}],"author":[{"embeddable":true,"href":"https:\/\/www.press7.tv\/index.php?rest_route=\/wp\/v2\/users\/8"}],"replies":[{"embeddable":true,"href":"https:\/\/www.press7.tv\/index.php?rest_route=%2Fwp%2Fv2%2Fcomments&post=20565"}],"version-history":[{"count":1,"href":"https:\/\/www.press7.tv\/index.php?rest_route=\/wp\/v2\/posts\/20565\/revisions"}],"predecessor-version":[{"id":20567,"href":"https:\/\/www.press7.tv\/index.php?rest_route=\/wp\/v2\/posts\/20565\/revisions\/20567"}],"wp:featuredmedia":[{"embeddable":true,"href":"https:\/\/www.press7.tv\/index.php?rest_route=\/wp\/v2\/media\/20566"}],"wp:attachment":[{"href":"https:\/\/www.press7.tv\/index.php?rest_route=%2Fwp%2Fv2%2Fmedia&parent=20565"}],"wp:term":[{"taxonomy":"category","embeddable":true,"href":"https:\/\/www.press7.tv\/index.php?rest_route=%2Fwp%2Fv2%2Fcategories&post=20565"},{"taxonomy":"post_tag","embeddable":true,"href":"https:\/\/www.press7.tv\/index.php?rest_route=%2Fwp%2Fv2%2Ftags&post=20565"}],"curies":[{"name":"wp","href":"https:\/\/api.w.org\/{rel}","templated":true}]}}