{"id":20562,"date":"2025-06-28T22:39:50","date_gmt":"2025-06-28T22:39:50","guid":{"rendered":"https:\/\/www.press7.tv\/?p=20562"},"modified":"2025-06-28T22:39:50","modified_gmt":"2025-06-28T22:39:50","slug":"tensione-ne-beograd-perplasje-mes-xhandarmerise-dhe-personave-te-maskuar","status":"publish","type":"post","link":"https:\/\/www.press7.tv\/?p=20562","title":{"rendered":"Tensione n\u00eb Beograd, p\u00ebrplasje mes xhandarm\u00ebris\u00eb dhe personave t\u00eb maskuar"},"content":{"rendered":"\n    <div class=\"xs_social_share_widget xs_share_url before_content \t\tmain_content  wslu-style-2 wslu-share-box-shaped wslu-fill-colored wslu-share-m-5 wslu-none wslu-share-vertical wslu-theme-font-no wslu-main_content\">\n\n\t\t\n        <ul>\n\t\t\t        <\/ul>\n    <\/div> \n<p>P\u00ebrdit\u00ebsim 23:44 &#8211; Policia e Serbis\u00eb ka p\u00ebrdorur gazlotsjell\u00ebs p\u00ebr t\u00eb shp\u00ebrndar\u00eb turma t\u00eb njer\u00ebzve q\u00eb q\u00ebndronin rrug\u00ebve pas protest\u00ebs s\u00eb student\u00ebve n\u00eb Beograd. Si\u00e7 ka raportuar \u201cN1\u201d, xhandarm\u00ebria serbe \u00ebsht\u00eb p\u00ebrplasur me disa persona t\u00eb maskuar.<\/p>\n<p>Zyrtarisht, protesta e student\u00ebve ka p\u00ebrfunduar. \u201cS\u2019\u00ebsht\u00eb m\u00eb protest\u00eb e student\u00ebve\u201d, kan\u00eb deklaruar organizator\u00ebt pas or\u00ebs 21:00.<\/p>\n<p>Disa persona raportohet t\u00eb jen\u00eb arrestuar.<\/p>\n<p>Student\u00ebt me ultimatum k\u00ebrkojn\u00eb zgjedhje n\u00eb Serbi, nd\u00ebrhyn xhandarm\u00ebria<\/p>\n<p>Qindra mij\u00ebra qytetar\u00eb e student\u00eb kan\u00eb protestuar n\u00eb Beograd t\u00eb  shtun\u00ebn, n\u00eb protest\u00ebn me t\u00eb cil\u00ebn kan\u00eb vendosur ultimatum p\u00ebr zgjedhje t\u00eb reja n\u00eb Serbi dhe rr\u00ebzim t\u00eb presidentit Aleksandar Vu\u00e7iq.<\/p>\n<p>Student\u00ebt kan\u00eb parashtruar dy k\u00ebrkesa p\u00ebr qeverin\u00eb serbe. Me t\u00eb par\u00ebn, k\u00ebrkohen zgjedhje t\u00eb parakohshme, kurse me t\u00eb dyt\u00ebn nd\u00ebrprerja e tubimit n\u00eb qend\u00ebr t\u00eb Beogradit, ku gjat\u00eb tre muajve t\u00eb fundit kan\u00eb b\u00ebr\u00eb kampe mb\u00ebshtet\u00ebsit e presidentit serb, Aleksand\u00ebr Vu\u00e7iq, t\u00eb cil\u00ebt kund\u00ebrshtojn\u00eb protestat e student\u00ebve.<\/p>\n<p>Protestuesit kan\u00eb shprehur pritjen q\u00eb k\u00ebrkesat t\u00eb p\u00ebrmbushen deri n\u00eb or\u00ebn 21:00, por presidenti serb i ka hedhur posht\u00eb k\u00ebrkesat. E fiks n\u00eb or\u00ebn 21:00, student\u00ebt kan\u00eb b\u00ebr\u00eb thirrje se \u201cultimatumi ka p\u00ebrfunduar\u201d.<\/p>\n<p>Aty tashm\u00eb ka nd\u00ebrhyr\u00eb edhe xhandarm\u00ebria serbe dhe dy brigada policie, si\u00e7 ka raportuar \u201cDanas\u201d. E protestuesit sipas \u201cN1\u201d duke u konfrontuar me policin\u00eb jan\u00eb d\u00ebgjuar duke u th\u00ebn\u00eb \u201cShkoni n\u00eb Kosov\u00eb\u201d.<\/p>\n<p>N\u00eb turmat e protestuesve pati edhe parulla si \u201cSNS shqiptare (pezhorativ \u2013 shqiptari), e keni tradhtuar Kosov\u00ebn\u201d.<\/p>\n<p>N\u00eb nj\u00eb rast ka pasur edhe hedhje t\u00eb gazit lotsjell\u00ebs nga Policia.<\/p>\n<p>Q\u00eb nga njoftimi p\u00ebr mbajtjen e protest\u00ebs, p\u00ebrfaq\u00ebsuesit e pushtetit n\u00eb Serbi kan\u00eb deklaruar se student\u00ebt dhe pjes\u00ebmarr\u00ebsit n\u00eb k\u00ebt\u00eb protest\u00eb po planifikojn\u00eb t\u00eb b\u00ebjn\u00eb trazira n\u00eb rrug\u00eb.<\/p>\n<p>\u00cbsht\u00eb raportuar se disa dit\u00eb para protest\u00ebs policia serbe ka arrestuar nj\u00eb num\u00ebr personash, n\u00ebn akuz\u00ebn p\u00ebr komplot e p\u00ebr p\u00ebrmbysje t\u00eb qeveris\u00eb.<\/p>\n<p>Nd\u00ebrkaq, student\u00ebt protestues kan\u00eb deklaruar se me veprimet e tyre deri tani kan\u00eb treguar se jan\u00eb kund\u00ebr \u00e7do forme t\u00eb dhun\u00ebs.<\/p>\n<p>P\u00ebr m\u00eb shum\u00eb se shtat\u00eb muaj, student\u00ebt kan\u00eb organizuar protesta n\u00eb t\u00eb gjith\u00eb Serbin\u00eb, duke k\u00ebrkuar kryesisht q\u00eb t\u00eb p\u00ebrcaktohet p\u00ebrgjegj\u00ebsia politike dhe penale p\u00ebr vdekjen e 16 personave nga shembja e streh\u00ebs s\u00eb betonit n\u00eb Stacionin Hekurudhor n\u00eb Novi Sad.<\/p>\n<p>Stacioni ishte rikonstruktuar dhe inauguruar zyrtarisht disa muaj para shembjes.<\/p>\n<p>N\u00eb t\u00eb nj\u00ebjt\u00ebn dit\u00eb, n\u00eb Beograd \u00ebsht\u00eb organizuar edhe nj\u00eb protest\u00eb tjet\u00ebr, n\u00eb at\u00eb q\u00eb njihet si festa komb\u00ebtare e Vidovdanit. Kjo protest\u00eb u organizua nga mb\u00ebshtet\u00ebsit e Vu\u00e7iqit. Mb\u00ebshtet\u00ebsit e Qeveris\u00eb u mblodh\u00ebn para nd\u00ebrtes\u00ebs s\u00eb parlamentit, ku planifikojn\u00eb t\u00eb organizojn\u00eb \u201cmbr\u00ebmje letrare\u201d.<\/p>\n<p><iframe title=\"U\u017dIVO | Studentski protest &quot;Vidimo se na Vidovdan&quot; | Beograd\" width=\"1200\" height=\"675\" src=\"https:\/\/www.youtube.com\/embed\/3EHHhV_Kfmw?feature=oembed\" frameborder=\"0\" allow=\"accelerometer; autoplay; clipboard-write; encrypted-media; gyroscope; picture-in-picture; web-share\" referrerpolicy=\"strict-origin-when-cross-origin\" allowfullscreen><\/iframe><\/p>\n","protected":false},"excerpt":{"rendered":"<p>P\u00ebrdit\u00ebsim 23:44 &#8211; Policia e Serbis\u00eb ka p\u00ebrdorur gazlotsjell\u00ebs p\u00ebr t\u00eb shp\u00ebrndar\u00eb turma t\u00eb njer\u00ebzve q\u00eb q\u00ebndronin rrug\u00ebve pas protest\u00ebs s\u00eb student\u00ebve n\u00eb Beograd. Si\u00e7 ka raportuar \u201cN1\u201d, xhandarm\u00ebria serbe \u00ebsht\u00eb p\u00ebrplasur me disa persona t\u00eb maskuar. Zyrtarisht, protesta e student\u00ebve ka p\u00ebrfunduar. \u201cS\u2019\u00ebsht\u00eb m\u00eb protest\u00eb e student\u00ebve\u201d, kan\u00eb deklaruar organizator\u00ebt pas or\u00ebs 21:00. Disa [&hellip;]<\/p>\n","protected":false},"author":8,"featured_media":20561,"comment_status":"closed","ping_status":"closed","sticky":false,"template":"","format":"standard","meta":{"footnotes":""},"categories":[213,219],"tags":[],"class_list":["post-20562","post","type-post","status-publish","format-standard","has-post-thumbnail","hentry","category-lajme","category-rajon"],"yoast_head":"<!-- This site is optimized with the Yoast SEO plugin v25.1 - https:\/\/yoast.com\/wordpress\/plugins\/seo\/ -->\n<title>Tensione n\u00eb Beograd, p\u00ebrplasje mes xhandarm\u00ebris\u00eb dhe personave t\u00eb maskuar - press7.tv<\/title>\n<meta name=\"robots\" content=\"index, follow, max-snippet:-1, max-image-preview:large, max-video-preview:-1\" \/>\n<link rel=\"canonical\" href=\"https:\/\/www.press7.tv\/?p=20562\" \/>\n<meta property=\"og:locale\" content=\"en_US\" \/>\n<meta property=\"og:type\" content=\"article\" \/>\n<meta property=\"og:title\" content=\"Tensione n\u00eb Beograd, p\u00ebrplasje mes xhandarm\u00ebris\u00eb dhe personave t\u00eb maskuar - press7.tv\" \/>\n<meta property=\"og:description\" content=\"P\u00ebrdit\u00ebsim 23:44 &#8211; Policia e Serbis\u00eb ka p\u00ebrdorur gazlotsjell\u00ebs p\u00ebr t\u00eb shp\u00ebrndar\u00eb turma t\u00eb njer\u00ebzve q\u00eb q\u00ebndronin rrug\u00ebve pas protest\u00ebs s\u00eb student\u00ebve n\u00eb Beograd. Si\u00e7 ka raportuar \u201cN1\u201d, xhandarm\u00ebria serbe \u00ebsht\u00eb p\u00ebrplasur me disa persona t\u00eb maskuar. Zyrtarisht, protesta e student\u00ebve ka p\u00ebrfunduar. \u201cS\u2019\u00ebsht\u00eb m\u00eb protest\u00eb e student\u00ebve\u201d, kan\u00eb deklaruar organizator\u00ebt pas or\u00ebs 21:00. Disa [&hellip;]\" \/>\n<meta property=\"og:url\" content=\"https:\/\/www.press7.tv\/?p=20562\" \/>\n<meta property=\"og:site_name\" content=\"press7.tv\" \/>\n<meta property=\"article:publisher\" content=\"https:\/\/www.facebook.com\/press7.tv\" \/>\n<meta property=\"article:published_time\" content=\"2025-06-28T22:39:50+00:00\" \/>\n<meta property=\"og:image\" content=\"https:\/\/www.press7.tv\/wp-content\/uploads\/2025\/06\/IMG_5887.avif\" \/>\n\t<meta property=\"og:image:width\" content=\"1360\" \/>\n\t<meta property=\"og:image:height\" content=\"870\" \/>\n\t<meta property=\"og:image:type\" content=\"image\/webp\" \/>\n<meta name=\"author\" content=\"gazetar2\" \/>\n<meta name=\"twitter:card\" content=\"summary_large_image\" \/>\n<meta name=\"twitter:label1\" content=\"Written by\" \/>\n\t<meta name=\"twitter:data1\" content=\"gazetar2\" \/>\n\t<meta name=\"twitter:label2\" content=\"Est. reading time\" \/>\n\t<meta name=\"twitter:data2\" content=\"1 minute\" \/>\n<script type=\"application\/ld+json\" class=\"yoast-schema-graph\">{\"@context\":\"https:\/\/schema.org\",\"@graph\":[{\"@type\":\"Article\",\"@id\":\"https:\/\/www.press7.tv\/?p=20562#article\",\"isPartOf\":{\"@id\":\"https:\/\/www.press7.tv\/?p=20562\"},\"author\":{\"name\":\"gazetar2\",\"@id\":\"https:\/\/www.news33.tv\/#\/schema\/person\/5a04a38a23ccdba82f9bd665cd8f9efa\"},\"headline\":\"Tensione n\u00eb Beograd, p\u00ebrplasje mes xhandarm\u00ebris\u00eb dhe personave t\u00eb maskuar\",\"datePublished\":\"2025-06-28T22:39:50+00:00\",\"mainEntityOfPage\":{\"@id\":\"https:\/\/www.press7.tv\/?p=20562\"},\"wordCount\":526,\"publisher\":{\"@id\":\"https:\/\/www.news33.tv\/#organization\"},\"image\":{\"@id\":\"https:\/\/www.press7.tv\/?p=20562#primaryimage\"},\"thumbnailUrl\":\"https:\/\/www.press7.tv\/wp-content\/uploads\/2025\/06\/IMG_5887.avif\",\"articleSection\":[\"Lajme\",\"Rajon\"],\"inLanguage\":\"en-US\"},{\"@type\":\"WebPage\",\"@id\":\"https:\/\/www.press7.tv\/?p=20562\",\"url\":\"https:\/\/www.press7.tv\/?p=20562\",\"name\":\"Tensione n\u00eb Beograd, p\u00ebrplasje mes xhandarm\u00ebris\u00eb dhe personave t\u00eb maskuar - press7.tv\",\"isPartOf\":{\"@id\":\"https:\/\/www.news33.tv\/#website\"},\"primaryImageOfPage\":{\"@id\":\"https:\/\/www.press7.tv\/?p=20562#primaryimage\"},\"image\":{\"@id\":\"https:\/\/www.press7.tv\/?p=20562#primaryimage\"},\"thumbnailUrl\":\"https:\/\/www.press7.tv\/wp-content\/uploads\/2025\/06\/IMG_5887.avif\",\"datePublished\":\"2025-06-28T22:39:50+00:00\",\"breadcrumb\":{\"@id\":\"https:\/\/www.press7.tv\/?p=20562#breadcrumb\"},\"inLanguage\":\"en-US\",\"potentialAction\":[{\"@type\":\"ReadAction\",\"target\":[\"https:\/\/www.press7.tv\/?p=20562\"]}]},{\"@type\":\"ImageObject\",\"inLanguage\":\"en-US\",\"@id\":\"https:\/\/www.press7.tv\/?p=20562#primaryimage\",\"url\":\"https:\/\/www.press7.tv\/wp-content\/uploads\/2025\/06\/IMG_5887.avif\",\"contentUrl\":\"https:\/\/www.press7.tv\/wp-content\/uploads\/2025\/06\/IMG_5887.avif\",\"width\":1360,\"height\":870},{\"@type\":\"BreadcrumbList\",\"@id\":\"https:\/\/www.press7.tv\/?p=20562#breadcrumb\",\"itemListElement\":[{\"@type\":\"ListItem\",\"position\":1,\"name\":\"Home\",\"item\":\"https:\/\/www.press7.tv\/\"},{\"@type\":\"ListItem\",\"position\":2,\"name\":\"Tensione n\u00eb Beograd, p\u00ebrplasje mes xhandarm\u00ebris\u00eb dhe personave t\u00eb maskuar\"}]},{\"@type\":\"WebSite\",\"@id\":\"https:\/\/www.news33.tv\/#website\",\"url\":\"https:\/\/www.news33.tv\/\",\"name\":\"News33.tv Media\",\"description\":\"Media\",\"publisher\":{\"@id\":\"https:\/\/www.news33.tv\/#organization\"},\"potentialAction\":[{\"@type\":\"SearchAction\",\"target\":{\"@type\":\"EntryPoint\",\"urlTemplate\":\"https:\/\/www.news33.tv\/?s={search_term_string}\"},\"query-input\":{\"@type\":\"PropertyValueSpecification\",\"valueRequired\":true,\"valueName\":\"search_term_string\"}}],\"inLanguage\":\"en-US\"},{\"@type\":\"Organization\",\"@id\":\"https:\/\/www.news33.tv\/#organization\",\"name\":\"News33.tv Media\",\"url\":\"https:\/\/www.news33.tv\/\",\"logo\":{\"@type\":\"ImageObject\",\"inLanguage\":\"en-US\",\"@id\":\"https:\/\/www.news33.tv\/#\/schema\/logo\/image\/\",\"url\":\"https:\/\/www.press7.tv\/wp-content\/uploads\/2024\/02\/logo-news33-black.png\",\"contentUrl\":\"https:\/\/www.press7.tv\/wp-content\/uploads\/2024\/02\/logo-news33-black.png\",\"width\":180,\"height\":37,\"caption\":\"News33.tv Media\"},\"image\":{\"@id\":\"https:\/\/www.news33.tv\/#\/schema\/logo\/image\/\"},\"sameAs\":[\"https:\/\/www.facebook.com\/press7.tv\"]},{\"@type\":\"Person\",\"@id\":\"https:\/\/www.news33.tv\/#\/schema\/person\/5a04a38a23ccdba82f9bd665cd8f9efa\",\"name\":\"gazetar2\",\"image\":{\"@type\":\"ImageObject\",\"inLanguage\":\"en-US\",\"@id\":\"https:\/\/www.news33.tv\/#\/schema\/person\/image\/\",\"url\":\"https:\/\/www.press7.tv\/wp-content\/litespeed\/avatar\/41975e402c3049d9ddb03adca8f7a883.jpg?ver=1777169572\",\"contentUrl\":\"https:\/\/www.press7.tv\/wp-content\/litespeed\/avatar\/41975e402c3049d9ddb03adca8f7a883.jpg?ver=1777169572\",\"caption\":\"gazetar2\"},\"url\":\"https:\/\/www.press7.tv\/?author=8\"}]}<\/script>\n<!-- \/ Yoast SEO plugin. -->","yoast_head_json":{"title":"Tensione n\u00eb Beograd, p\u00ebrplasje mes xhandarm\u00ebris\u00eb dhe personave t\u00eb maskuar - press7.tv","robots":{"index":"index","follow":"follow","max-snippet":"max-snippet:-1","max-image-preview":"max-image-preview:large","max-video-preview":"max-video-preview:-1"},"canonical":"https:\/\/www.press7.tv\/?p=20562","og_locale":"en_US","og_type":"article","og_title":"Tensione n\u00eb Beograd, p\u00ebrplasje mes xhandarm\u00ebris\u00eb dhe personave t\u00eb maskuar - press7.tv","og_description":"P\u00ebrdit\u00ebsim 23:44 &#8211; Policia e Serbis\u00eb ka p\u00ebrdorur gazlotsjell\u00ebs p\u00ebr t\u00eb shp\u00ebrndar\u00eb turma t\u00eb njer\u00ebzve q\u00eb q\u00ebndronin rrug\u00ebve pas protest\u00ebs s\u00eb student\u00ebve n\u00eb Beograd. Si\u00e7 ka raportuar \u201cN1\u201d, xhandarm\u00ebria serbe \u00ebsht\u00eb p\u00ebrplasur me disa persona t\u00eb maskuar. Zyrtarisht, protesta e student\u00ebve ka p\u00ebrfunduar. \u201cS\u2019\u00ebsht\u00eb m\u00eb protest\u00eb e student\u00ebve\u201d, kan\u00eb deklaruar organizator\u00ebt pas or\u00ebs 21:00. Disa [&hellip;]","og_url":"https:\/\/www.press7.tv\/?p=20562","og_site_name":"press7.tv","article_publisher":"https:\/\/www.facebook.com\/press7.tv","article_published_time":"2025-06-28T22:39:50+00:00","og_image":[{"width":1360,"height":870,"url":"https:\/\/www.press7.tv\/wp-content\/uploads\/2025\/06\/IMG_5887.avif","type":"image\/webp"}],"author":"gazetar2","twitter_card":"summary_large_image","twitter_misc":{"Written by":"gazetar2","Est. reading time":"1 minute"},"schema":{"@context":"https:\/\/schema.org","@graph":[{"@type":"Article","@id":"https:\/\/www.press7.tv\/?p=20562#article","isPartOf":{"@id":"https:\/\/www.press7.tv\/?p=20562"},"author":{"name":"gazetar2","@id":"https:\/\/www.news33.tv\/#\/schema\/person\/5a04a38a23ccdba82f9bd665cd8f9efa"},"headline":"Tensione n\u00eb Beograd, p\u00ebrplasje mes xhandarm\u00ebris\u00eb dhe personave t\u00eb maskuar","datePublished":"2025-06-28T22:39:50+00:00","mainEntityOfPage":{"@id":"https:\/\/www.press7.tv\/?p=20562"},"wordCount":526,"publisher":{"@id":"https:\/\/www.news33.tv\/#organization"},"image":{"@id":"https:\/\/www.press7.tv\/?p=20562#primaryimage"},"thumbnailUrl":"https:\/\/www.press7.tv\/wp-content\/uploads\/2025\/06\/IMG_5887.avif","articleSection":["Lajme","Rajon"],"inLanguage":"en-US"},{"@type":"WebPage","@id":"https:\/\/www.press7.tv\/?p=20562","url":"https:\/\/www.press7.tv\/?p=20562","name":"Tensione n\u00eb Beograd, p\u00ebrplasje mes xhandarm\u00ebris\u00eb dhe personave t\u00eb maskuar - press7.tv","isPartOf":{"@id":"https:\/\/www.news33.tv\/#website"},"primaryImageOfPage":{"@id":"https:\/\/www.press7.tv\/?p=20562#primaryimage"},"image":{"@id":"https:\/\/www.press7.tv\/?p=20562#primaryimage"},"thumbnailUrl":"https:\/\/www.press7.tv\/wp-content\/uploads\/2025\/06\/IMG_5887.avif","datePublished":"2025-06-28T22:39:50+00:00","breadcrumb":{"@id":"https:\/\/www.press7.tv\/?p=20562#breadcrumb"},"inLanguage":"en-US","potentialAction":[{"@type":"ReadAction","target":["https:\/\/www.press7.tv\/?p=20562"]}]},{"@type":"ImageObject","inLanguage":"en-US","@id":"https:\/\/www.press7.tv\/?p=20562#primaryimage","url":"https:\/\/www.press7.tv\/wp-content\/uploads\/2025\/06\/IMG_5887.avif","contentUrl":"https:\/\/www.press7.tv\/wp-content\/uploads\/2025\/06\/IMG_5887.avif","width":1360,"height":870},{"@type":"BreadcrumbList","@id":"https:\/\/www.press7.tv\/?p=20562#breadcrumb","itemListElement":[{"@type":"ListItem","position":1,"name":"Home","item":"https:\/\/www.press7.tv\/"},{"@type":"ListItem","position":2,"name":"Tensione n\u00eb Beograd, p\u00ebrplasje mes xhandarm\u00ebris\u00eb dhe personave t\u00eb maskuar"}]},{"@type":"WebSite","@id":"https:\/\/www.news33.tv\/#website","url":"https:\/\/www.news33.tv\/","name":"News33.tv Media","description":"Media","publisher":{"@id":"https:\/\/www.news33.tv\/#organization"},"potentialAction":[{"@type":"SearchAction","target":{"@type":"EntryPoint","urlTemplate":"https:\/\/www.news33.tv\/?s={search_term_string}"},"query-input":{"@type":"PropertyValueSpecification","valueRequired":true,"valueName":"search_term_string"}}],"inLanguage":"en-US"},{"@type":"Organization","@id":"https:\/\/www.news33.tv\/#organization","name":"News33.tv Media","url":"https:\/\/www.news33.tv\/","logo":{"@type":"ImageObject","inLanguage":"en-US","@id":"https:\/\/www.news33.tv\/#\/schema\/logo\/image\/","url":"https:\/\/www.press7.tv\/wp-content\/uploads\/2024\/02\/logo-news33-black.png","contentUrl":"https:\/\/www.press7.tv\/wp-content\/uploads\/2024\/02\/logo-news33-black.png","width":180,"height":37,"caption":"News33.tv Media"},"image":{"@id":"https:\/\/www.news33.tv\/#\/schema\/logo\/image\/"},"sameAs":["https:\/\/www.facebook.com\/press7.tv"]},{"@type":"Person","@id":"https:\/\/www.news33.tv\/#\/schema\/person\/5a04a38a23ccdba82f9bd665cd8f9efa","name":"gazetar2","image":{"@type":"ImageObject","inLanguage":"en-US","@id":"https:\/\/www.news33.tv\/#\/schema\/person\/image\/","url":"https:\/\/www.press7.tv\/wp-content\/litespeed\/avatar\/41975e402c3049d9ddb03adca8f7a883.jpg?ver=1777169572","contentUrl":"https:\/\/www.press7.tv\/wp-content\/litespeed\/avatar\/41975e402c3049d9ddb03adca8f7a883.jpg?ver=1777169572","caption":"gazetar2"},"url":"https:\/\/www.press7.tv\/?author=8"}]}},"amp_enabled":true,"_links":{"self":[{"href":"https:\/\/www.press7.tv\/index.php?rest_route=\/wp\/v2\/posts\/20562","targetHints":{"allow":["GET"]}}],"collection":[{"href":"https:\/\/www.press7.tv\/index.php?rest_route=\/wp\/v2\/posts"}],"about":[{"href":"https:\/\/www.press7.tv\/index.php?rest_route=\/wp\/v2\/types\/post"}],"author":[{"embeddable":true,"href":"https:\/\/www.press7.tv\/index.php?rest_route=\/wp\/v2\/users\/8"}],"replies":[{"embeddable":true,"href":"https:\/\/www.press7.tv\/index.php?rest_route=%2Fwp%2Fv2%2Fcomments&post=20562"}],"version-history":[{"count":1,"href":"https:\/\/www.press7.tv\/index.php?rest_route=\/wp\/v2\/posts\/20562\/revisions"}],"predecessor-version":[{"id":20563,"href":"https:\/\/www.press7.tv\/index.php?rest_route=\/wp\/v2\/posts\/20562\/revisions\/20563"}],"wp:featuredmedia":[{"embeddable":true,"href":"https:\/\/www.press7.tv\/index.php?rest_route=\/wp\/v2\/media\/20561"}],"wp:attachment":[{"href":"https:\/\/www.press7.tv\/index.php?rest_route=%2Fwp%2Fv2%2Fmedia&parent=20562"}],"wp:term":[{"taxonomy":"category","embeddable":true,"href":"https:\/\/www.press7.tv\/index.php?rest_route=%2Fwp%2Fv2%2Fcategories&post=20562"},{"taxonomy":"post_tag","embeddable":true,"href":"https:\/\/www.press7.tv\/index.php?rest_route=%2Fwp%2Fv2%2Ftags&post=20562"}],"curies":[{"name":"wp","href":"https:\/\/api.w.org\/{rel}","templated":true}]}}