{"id":20557,"date":"2025-06-28T18:00:24","date_gmt":"2025-06-28T18:00:24","guid":{"rendered":"https:\/\/www.press7.tv\/?p=20557"},"modified":"2025-06-28T18:00:24","modified_gmt":"2025-06-28T18:00:24","slug":"ekskluzive-arrestohet-gazetari-valon-syla-dyshohet-per-dhune-ne-familje-dhe-lendim-te-lehte-trupor","status":"publish","type":"post","link":"https:\/\/www.press7.tv\/?p=20557","title":{"rendered":"Ekskluzive: Arrestohet gazetari Valon Syla \u2013 Dyshohet p\u00ebr dhun\u00eb n\u00eb familje dhe l\u00ebndim t\u00eb leht\u00eb trupor"},"content":{"rendered":"\n    <div class=\"xs_social_share_widget xs_share_url before_content \t\tmain_content  wslu-style-2 wslu-share-box-shaped wslu-fill-colored wslu-share-m-5 wslu-none wslu-share-vertical wslu-theme-font-no wslu-main_content\">\n\n\t\t\n        <ul>\n\t\t\t        <\/ul>\n    <\/div> \n<p>Nj\u00eb ngjarje e r\u00ebnd\u00eb \u00ebsht\u00eb regjistruar n\u00eb mbr\u00ebmjen e 27 qershorit n\u00eb Prishtin\u00eb, ku sipas burimeve t\u00eb Sinjalit, \u00ebsht\u00eb arrestuar gazetari Valon Syla, n\u00ebn dyshimin p\u00ebr dhun\u00eb n\u00eb familje dhe l\u00ebndim t\u00eb leht\u00eb trupor ndaj bashk\u00ebjetueses s\u00eb tij.<\/p>\n<p>Sipas t\u00eb dh\u00ebnave policore, viktima E.N. ka deklaruar se \u00ebsht\u00eb sulmuar fizikisht dhe ofenduar r\u00ebnd\u00eb nga i dyshuari, p\u00ebr \u00e7ka ka pranuar trajtim mjek\u00ebsor dhe \u00ebsht\u00eb fotografuar p\u00ebr d\u00ebshmit\u00eb e l\u00ebndimeve.<\/p>\n<p>Ngjarja ka ndodhur n\u00eb rrug\u00ebn \u201cLidhja e Pej\u00ebs\u201d n\u00eb kryeqytet.<\/p>\n<p>N\u00eb deklarimin e saj t\u00eb dyt\u00eb, viktima ka konfirmuar pretendimet fillestare, nd\u00ebrsa d\u00ebshmitarja, motra e saj E.N., 24 vje\u00e7are, ka dor\u00ebzuar video-incizime t\u00eb momentit t\u00eb incidentit, t\u00eb cilat do t\u00eb p\u00ebrdoren si prov\u00eb n\u00eb rastin penal.<\/p>\n<p>Valon Syla \u00ebsht\u00eb intervistuar n\u00eb prezenc\u00eb t\u00eb avokatit t\u00eb tij, nd\u00ebrsa me urdh\u00ebr t\u00eb Prokuroris\u00eb, \u00ebsht\u00eb ndaluar p\u00ebr 48 or\u00eb n\u00eb qendr\u00ebn e mbajtjes, n\u00eb pritje t\u00eb procedimeve t\u00eb m\u00ebtejshme ligjore.<\/p>\n<p>Rasti \u00ebsht\u00eb cil\u00ebsuar si \u201cL\u00ebndim i leht\u00eb trupor\u201d dhe \u201cDhuna n\u00eb familje\u201d, nd\u00ebrkoh\u00eb hetimet vazhdojn\u00eb nga nj\u00ebsit\u00eb kompetente t\u00eb Policis\u00eb s\u00eb Kosov\u00ebs.<\/p>\n<p>Sinjali \u2013 aty ku e v\u00ebrteta flet para lajmit!<\/p>\n<p>Sh\u00ebnim: Personat e apostrofuar n\u00eb k\u00ebt\u00eb artikull prezumohet i pafajsh\u00ebm derisa faj\u00ebsia e tij t\u00eb mos provohet me vendim t\u00eb form\u00ebs s\u00eb prer\u00eb nga gjykata.<\/p>\n<p>\/GazetaSinjali\/<\/p>\n","protected":false},"excerpt":{"rendered":"<p>Nj\u00eb ngjarje e r\u00ebnd\u00eb \u00ebsht\u00eb regjistruar n\u00eb mbr\u00ebmjen e 27 qershorit n\u00eb Prishtin\u00eb, ku sipas burimeve t\u00eb Sinjalit, \u00ebsht\u00eb arrestuar gazetari Valon Syla, n\u00ebn dyshimin p\u00ebr dhun\u00eb n\u00eb familje dhe l\u00ebndim t\u00eb leht\u00eb trupor ndaj bashk\u00ebjetueses s\u00eb tij. Sipas t\u00eb dh\u00ebnave policore, viktima E.N. ka deklaruar se \u00ebsht\u00eb sulmuar fizikisht dhe ofenduar r\u00ebnd\u00eb nga i [&hellip;]<\/p>\n","protected":false},"author":8,"featured_media":20558,"comment_status":"closed","ping_status":"closed","sticky":false,"template":"","format":"standard","meta":{"footnotes":""},"categories":[215,213],"tags":[],"class_list":["post-20557","post","type-post","status-publish","format-standard","has-post-thumbnail","hentry","category-kosove","category-lajme"],"yoast_head":"<!-- This site is optimized with the Yoast SEO plugin v25.1 - https:\/\/yoast.com\/wordpress\/plugins\/seo\/ -->\n<title>Ekskluzive: Arrestohet gazetari Valon Syla \u2013 Dyshohet p\u00ebr dhun\u00eb n\u00eb familje dhe l\u00ebndim t\u00eb leht\u00eb trupor - press7.tv<\/title>\n<meta name=\"robots\" content=\"index, follow, max-snippet:-1, max-image-preview:large, max-video-preview:-1\" \/>\n<link rel=\"canonical\" href=\"https:\/\/www.press7.tv\/?p=20557\" \/>\n<meta property=\"og:locale\" content=\"en_US\" \/>\n<meta property=\"og:type\" content=\"article\" \/>\n<meta property=\"og:title\" content=\"Ekskluzive: Arrestohet gazetari Valon Syla \u2013 Dyshohet p\u00ebr dhun\u00eb n\u00eb familje dhe l\u00ebndim t\u00eb leht\u00eb trupor - press7.tv\" \/>\n<meta property=\"og:description\" content=\"Nj\u00eb ngjarje e r\u00ebnd\u00eb \u00ebsht\u00eb regjistruar n\u00eb mbr\u00ebmjen e 27 qershorit n\u00eb Prishtin\u00eb, ku sipas burimeve t\u00eb Sinjalit, \u00ebsht\u00eb arrestuar gazetari Valon Syla, n\u00ebn dyshimin p\u00ebr dhun\u00eb n\u00eb familje dhe l\u00ebndim t\u00eb leht\u00eb trupor ndaj bashk\u00ebjetueses s\u00eb tij. Sipas t\u00eb dh\u00ebnave policore, viktima E.N. ka deklaruar se \u00ebsht\u00eb sulmuar fizikisht dhe ofenduar r\u00ebnd\u00eb nga i [&hellip;]\" \/>\n<meta property=\"og:url\" content=\"https:\/\/www.press7.tv\/?p=20557\" \/>\n<meta property=\"og:site_name\" content=\"press7.tv\" \/>\n<meta property=\"article:publisher\" content=\"https:\/\/www.facebook.com\/press7.tv\" \/>\n<meta property=\"article:published_time\" content=\"2025-06-28T18:00:24+00:00\" \/>\n<meta property=\"og:image\" content=\"https:\/\/www.press7.tv\/wp-content\/uploads\/2025\/06\/IMG_5875.avif\" \/>\n\t<meta property=\"og:image:width\" content=\"854\" \/>\n\t<meta property=\"og:image:height\" content=\"850\" \/>\n\t<meta property=\"og:image:type\" content=\"image\/jpeg\" \/>\n<meta name=\"author\" content=\"gazetar2\" \/>\n<meta name=\"twitter:card\" content=\"summary_large_image\" \/>\n<meta name=\"twitter:label1\" content=\"Written by\" \/>\n\t<meta name=\"twitter:data1\" content=\"gazetar2\" \/>\n\t<meta name=\"twitter:label2\" content=\"Est. reading time\" \/>\n\t<meta name=\"twitter:data2\" content=\"1 minute\" \/>\n<script type=\"application\/ld+json\" class=\"yoast-schema-graph\">{\"@context\":\"https:\/\/schema.org\",\"@graph\":[{\"@type\":\"Article\",\"@id\":\"https:\/\/www.press7.tv\/?p=20557#article\",\"isPartOf\":{\"@id\":\"https:\/\/www.press7.tv\/?p=20557\"},\"author\":{\"name\":\"gazetar2\",\"@id\":\"https:\/\/www.news33.tv\/#\/schema\/person\/5a04a38a23ccdba82f9bd665cd8f9efa\"},\"headline\":\"Ekskluzive: Arrestohet gazetari Valon Syla \u2013 Dyshohet p\u00ebr dhun\u00eb n\u00eb familje dhe l\u00ebndim t\u00eb leht\u00eb trupor\",\"datePublished\":\"2025-06-28T18:00:24+00:00\",\"mainEntityOfPage\":{\"@id\":\"https:\/\/www.press7.tv\/?p=20557\"},\"wordCount\":254,\"publisher\":{\"@id\":\"https:\/\/www.news33.tv\/#organization\"},\"image\":{\"@id\":\"https:\/\/www.press7.tv\/?p=20557#primaryimage\"},\"thumbnailUrl\":\"https:\/\/www.press7.tv\/wp-content\/uploads\/2025\/06\/IMG_5875.avif\",\"articleSection\":[\"Kosov\u00eb\",\"Lajme\"],\"inLanguage\":\"en-US\"},{\"@type\":\"WebPage\",\"@id\":\"https:\/\/www.press7.tv\/?p=20557\",\"url\":\"https:\/\/www.press7.tv\/?p=20557\",\"name\":\"Ekskluzive: Arrestohet gazetari Valon Syla \u2013 Dyshohet p\u00ebr dhun\u00eb n\u00eb familje dhe l\u00ebndim t\u00eb leht\u00eb trupor - press7.tv\",\"isPartOf\":{\"@id\":\"https:\/\/www.news33.tv\/#website\"},\"primaryImageOfPage\":{\"@id\":\"https:\/\/www.press7.tv\/?p=20557#primaryimage\"},\"image\":{\"@id\":\"https:\/\/www.press7.tv\/?p=20557#primaryimage\"},\"thumbnailUrl\":\"https:\/\/www.press7.tv\/wp-content\/uploads\/2025\/06\/IMG_5875.avif\",\"datePublished\":\"2025-06-28T18:00:24+00:00\",\"breadcrumb\":{\"@id\":\"https:\/\/www.press7.tv\/?p=20557#breadcrumb\"},\"inLanguage\":\"en-US\",\"potentialAction\":[{\"@type\":\"ReadAction\",\"target\":[\"https:\/\/www.press7.tv\/?p=20557\"]}]},{\"@type\":\"ImageObject\",\"inLanguage\":\"en-US\",\"@id\":\"https:\/\/www.press7.tv\/?p=20557#primaryimage\",\"url\":\"https:\/\/www.press7.tv\/wp-content\/uploads\/2025\/06\/IMG_5875.avif\",\"contentUrl\":\"https:\/\/www.press7.tv\/wp-content\/uploads\/2025\/06\/IMG_5875.avif\",\"width\":854,\"height\":850},{\"@type\":\"BreadcrumbList\",\"@id\":\"https:\/\/www.press7.tv\/?p=20557#breadcrumb\",\"itemListElement\":[{\"@type\":\"ListItem\",\"position\":1,\"name\":\"Home\",\"item\":\"https:\/\/www.press7.tv\/\"},{\"@type\":\"ListItem\",\"position\":2,\"name\":\"Ekskluzive: Arrestohet gazetari Valon Syla \u2013 Dyshohet p\u00ebr dhun\u00eb n\u00eb familje dhe l\u00ebndim t\u00eb leht\u00eb trupor\"}]},{\"@type\":\"WebSite\",\"@id\":\"https:\/\/www.news33.tv\/#website\",\"url\":\"https:\/\/www.news33.tv\/\",\"name\":\"News33.tv Media\",\"description\":\"Media\",\"publisher\":{\"@id\":\"https:\/\/www.news33.tv\/#organization\"},\"potentialAction\":[{\"@type\":\"SearchAction\",\"target\":{\"@type\":\"EntryPoint\",\"urlTemplate\":\"https:\/\/www.news33.tv\/?s={search_term_string}\"},\"query-input\":{\"@type\":\"PropertyValueSpecification\",\"valueRequired\":true,\"valueName\":\"search_term_string\"}}],\"inLanguage\":\"en-US\"},{\"@type\":\"Organization\",\"@id\":\"https:\/\/www.news33.tv\/#organization\",\"name\":\"News33.tv Media\",\"url\":\"https:\/\/www.news33.tv\/\",\"logo\":{\"@type\":\"ImageObject\",\"inLanguage\":\"en-US\",\"@id\":\"https:\/\/www.news33.tv\/#\/schema\/logo\/image\/\",\"url\":\"https:\/\/www.press7.tv\/wp-content\/uploads\/2024\/02\/logo-news33-black.png\",\"contentUrl\":\"https:\/\/www.press7.tv\/wp-content\/uploads\/2024\/02\/logo-news33-black.png\",\"width\":180,\"height\":37,\"caption\":\"News33.tv Media\"},\"image\":{\"@id\":\"https:\/\/www.news33.tv\/#\/schema\/logo\/image\/\"},\"sameAs\":[\"https:\/\/www.facebook.com\/press7.tv\"]},{\"@type\":\"Person\",\"@id\":\"https:\/\/www.news33.tv\/#\/schema\/person\/5a04a38a23ccdba82f9bd665cd8f9efa\",\"name\":\"gazetar2\",\"image\":{\"@type\":\"ImageObject\",\"inLanguage\":\"en-US\",\"@id\":\"https:\/\/www.news33.tv\/#\/schema\/person\/image\/\",\"url\":\"https:\/\/www.press7.tv\/wp-content\/litespeed\/avatar\/41975e402c3049d9ddb03adca8f7a883.jpg?ver=1777169572\",\"contentUrl\":\"https:\/\/www.press7.tv\/wp-content\/litespeed\/avatar\/41975e402c3049d9ddb03adca8f7a883.jpg?ver=1777169572\",\"caption\":\"gazetar2\"},\"url\":\"https:\/\/www.press7.tv\/?author=8\"}]}<\/script>\n<!-- \/ Yoast SEO plugin. -->","yoast_head_json":{"title":"Ekskluzive: Arrestohet gazetari Valon Syla \u2013 Dyshohet p\u00ebr dhun\u00eb n\u00eb familje dhe l\u00ebndim t\u00eb leht\u00eb trupor - press7.tv","robots":{"index":"index","follow":"follow","max-snippet":"max-snippet:-1","max-image-preview":"max-image-preview:large","max-video-preview":"max-video-preview:-1"},"canonical":"https:\/\/www.press7.tv\/?p=20557","og_locale":"en_US","og_type":"article","og_title":"Ekskluzive: Arrestohet gazetari Valon Syla \u2013 Dyshohet p\u00ebr dhun\u00eb n\u00eb familje dhe l\u00ebndim t\u00eb leht\u00eb trupor - press7.tv","og_description":"Nj\u00eb ngjarje e r\u00ebnd\u00eb \u00ebsht\u00eb regjistruar n\u00eb mbr\u00ebmjen e 27 qershorit n\u00eb Prishtin\u00eb, ku sipas burimeve t\u00eb Sinjalit, \u00ebsht\u00eb arrestuar gazetari Valon Syla, n\u00ebn dyshimin p\u00ebr dhun\u00eb n\u00eb familje dhe l\u00ebndim t\u00eb leht\u00eb trupor ndaj bashk\u00ebjetueses s\u00eb tij. Sipas t\u00eb dh\u00ebnave policore, viktima E.N. ka deklaruar se \u00ebsht\u00eb sulmuar fizikisht dhe ofenduar r\u00ebnd\u00eb nga i [&hellip;]","og_url":"https:\/\/www.press7.tv\/?p=20557","og_site_name":"press7.tv","article_publisher":"https:\/\/www.facebook.com\/press7.tv","article_published_time":"2025-06-28T18:00:24+00:00","og_image":[{"width":854,"height":850,"url":"https:\/\/www.press7.tv\/wp-content\/uploads\/2025\/06\/IMG_5875.avif","type":"image\/jpeg"}],"author":"gazetar2","twitter_card":"summary_large_image","twitter_misc":{"Written by":"gazetar2","Est. reading time":"1 minute"},"schema":{"@context":"https:\/\/schema.org","@graph":[{"@type":"Article","@id":"https:\/\/www.press7.tv\/?p=20557#article","isPartOf":{"@id":"https:\/\/www.press7.tv\/?p=20557"},"author":{"name":"gazetar2","@id":"https:\/\/www.news33.tv\/#\/schema\/person\/5a04a38a23ccdba82f9bd665cd8f9efa"},"headline":"Ekskluzive: Arrestohet gazetari Valon Syla \u2013 Dyshohet p\u00ebr dhun\u00eb n\u00eb familje dhe l\u00ebndim t\u00eb leht\u00eb trupor","datePublished":"2025-06-28T18:00:24+00:00","mainEntityOfPage":{"@id":"https:\/\/www.press7.tv\/?p=20557"},"wordCount":254,"publisher":{"@id":"https:\/\/www.news33.tv\/#organization"},"image":{"@id":"https:\/\/www.press7.tv\/?p=20557#primaryimage"},"thumbnailUrl":"https:\/\/www.press7.tv\/wp-content\/uploads\/2025\/06\/IMG_5875.avif","articleSection":["Kosov\u00eb","Lajme"],"inLanguage":"en-US"},{"@type":"WebPage","@id":"https:\/\/www.press7.tv\/?p=20557","url":"https:\/\/www.press7.tv\/?p=20557","name":"Ekskluzive: Arrestohet gazetari Valon Syla \u2013 Dyshohet p\u00ebr dhun\u00eb n\u00eb familje dhe l\u00ebndim t\u00eb leht\u00eb trupor - press7.tv","isPartOf":{"@id":"https:\/\/www.news33.tv\/#website"},"primaryImageOfPage":{"@id":"https:\/\/www.press7.tv\/?p=20557#primaryimage"},"image":{"@id":"https:\/\/www.press7.tv\/?p=20557#primaryimage"},"thumbnailUrl":"https:\/\/www.press7.tv\/wp-content\/uploads\/2025\/06\/IMG_5875.avif","datePublished":"2025-06-28T18:00:24+00:00","breadcrumb":{"@id":"https:\/\/www.press7.tv\/?p=20557#breadcrumb"},"inLanguage":"en-US","potentialAction":[{"@type":"ReadAction","target":["https:\/\/www.press7.tv\/?p=20557"]}]},{"@type":"ImageObject","inLanguage":"en-US","@id":"https:\/\/www.press7.tv\/?p=20557#primaryimage","url":"https:\/\/www.press7.tv\/wp-content\/uploads\/2025\/06\/IMG_5875.avif","contentUrl":"https:\/\/www.press7.tv\/wp-content\/uploads\/2025\/06\/IMG_5875.avif","width":854,"height":850},{"@type":"BreadcrumbList","@id":"https:\/\/www.press7.tv\/?p=20557#breadcrumb","itemListElement":[{"@type":"ListItem","position":1,"name":"Home","item":"https:\/\/www.press7.tv\/"},{"@type":"ListItem","position":2,"name":"Ekskluzive: Arrestohet gazetari Valon Syla \u2013 Dyshohet p\u00ebr dhun\u00eb n\u00eb familje dhe l\u00ebndim t\u00eb leht\u00eb trupor"}]},{"@type":"WebSite","@id":"https:\/\/www.news33.tv\/#website","url":"https:\/\/www.news33.tv\/","name":"News33.tv Media","description":"Media","publisher":{"@id":"https:\/\/www.news33.tv\/#organization"},"potentialAction":[{"@type":"SearchAction","target":{"@type":"EntryPoint","urlTemplate":"https:\/\/www.news33.tv\/?s={search_term_string}"},"query-input":{"@type":"PropertyValueSpecification","valueRequired":true,"valueName":"search_term_string"}}],"inLanguage":"en-US"},{"@type":"Organization","@id":"https:\/\/www.news33.tv\/#organization","name":"News33.tv Media","url":"https:\/\/www.news33.tv\/","logo":{"@type":"ImageObject","inLanguage":"en-US","@id":"https:\/\/www.news33.tv\/#\/schema\/logo\/image\/","url":"https:\/\/www.press7.tv\/wp-content\/uploads\/2024\/02\/logo-news33-black.png","contentUrl":"https:\/\/www.press7.tv\/wp-content\/uploads\/2024\/02\/logo-news33-black.png","width":180,"height":37,"caption":"News33.tv Media"},"image":{"@id":"https:\/\/www.news33.tv\/#\/schema\/logo\/image\/"},"sameAs":["https:\/\/www.facebook.com\/press7.tv"]},{"@type":"Person","@id":"https:\/\/www.news33.tv\/#\/schema\/person\/5a04a38a23ccdba82f9bd665cd8f9efa","name":"gazetar2","image":{"@type":"ImageObject","inLanguage":"en-US","@id":"https:\/\/www.news33.tv\/#\/schema\/person\/image\/","url":"https:\/\/www.press7.tv\/wp-content\/litespeed\/avatar\/41975e402c3049d9ddb03adca8f7a883.jpg?ver=1777169572","contentUrl":"https:\/\/www.press7.tv\/wp-content\/litespeed\/avatar\/41975e402c3049d9ddb03adca8f7a883.jpg?ver=1777169572","caption":"gazetar2"},"url":"https:\/\/www.press7.tv\/?author=8"}]}},"amp_enabled":true,"_links":{"self":[{"href":"https:\/\/www.press7.tv\/index.php?rest_route=\/wp\/v2\/posts\/20557","targetHints":{"allow":["GET"]}}],"collection":[{"href":"https:\/\/www.press7.tv\/index.php?rest_route=\/wp\/v2\/posts"}],"about":[{"href":"https:\/\/www.press7.tv\/index.php?rest_route=\/wp\/v2\/types\/post"}],"author":[{"embeddable":true,"href":"https:\/\/www.press7.tv\/index.php?rest_route=\/wp\/v2\/users\/8"}],"replies":[{"embeddable":true,"href":"https:\/\/www.press7.tv\/index.php?rest_route=%2Fwp%2Fv2%2Fcomments&post=20557"}],"version-history":[{"count":1,"href":"https:\/\/www.press7.tv\/index.php?rest_route=\/wp\/v2\/posts\/20557\/revisions"}],"predecessor-version":[{"id":20559,"href":"https:\/\/www.press7.tv\/index.php?rest_route=\/wp\/v2\/posts\/20557\/revisions\/20559"}],"wp:featuredmedia":[{"embeddable":true,"href":"https:\/\/www.press7.tv\/index.php?rest_route=\/wp\/v2\/media\/20558"}],"wp:attachment":[{"href":"https:\/\/www.press7.tv\/index.php?rest_route=%2Fwp%2Fv2%2Fmedia&parent=20557"}],"wp:term":[{"taxonomy":"category","embeddable":true,"href":"https:\/\/www.press7.tv\/index.php?rest_route=%2Fwp%2Fv2%2Fcategories&post=20557"},{"taxonomy":"post_tag","embeddable":true,"href":"https:\/\/www.press7.tv\/index.php?rest_route=%2Fwp%2Fv2%2Ftags&post=20557"}],"curies":[{"name":"wp","href":"https:\/\/api.w.org\/{rel}","templated":true}]}}