{"id":20550,"date":"2025-06-28T17:08:21","date_gmt":"2025-06-28T17:08:21","guid":{"rendered":"https:\/\/www.press7.tv\/?p=20550"},"modified":"2025-06-28T17:08:21","modified_gmt":"2025-06-28T17:08:21","slug":"xhensila-dhe-ledri-kapen-ne-moment-intim-foto-nga-pushimet-ne-ibiza","status":"publish","type":"post","link":"https:\/\/www.press7.tv\/?p=20550","title":{"rendered":"Xhensila dhe Ledri kapen n\u00eb moment \u201cintim\u201d, foto nga pushimet n\u00eb Ibiza"},"content":{"rendered":"\n    <div class=\"xs_social_share_widget xs_share_url before_content \t\tmain_content  wslu-style-2 wslu-share-box-shaped wslu-fill-colored wslu-share-m-5 wslu-none wslu-share-vertical wslu-theme-font-no wslu-main_content\">\n\n\t\t\n        <ul>\n\t\t\t        <\/ul>\n    <\/div> \n<p>Duart n\u00eb bel dhe af\u00ebrsia mes tyre tregojn\u00eb m\u00eb shum\u00eb sesa fjal\u00ebt.<\/p>\n<p>Reperi i njohur Ledri Vula dhe k\u00ebng\u00ebtarja Xhensila Myrtezaj jan\u00eb fotografuar n\u00eb nj\u00eb moment intim q\u00eb ka ngritur dyshimet p\u00ebr nj\u00eb lidhje romantike mes tyre.<\/p>\n<p>N\u00eb nj\u00eb fotografi t\u00eb siguruar nga \u2018Express\u2019 ku Ledri shfaqet n\u00eb nj\u00eb \u2018nej\u00eb\u2019 nga pushimet n\u00eb Ibiza, shihet pran\u00eb nj\u00eb vajze q\u00eb ka mbuluar fytyr\u00ebn, por q\u00eb ka l\u00ebn\u00eb t\u00eb ekspozuara disa detaje identifikuese n\u00eb trup dhe duar. E q\u00eb keto tatuazhe n\u00eb dor\u00eb e bel, i p\u00ebrkasin Xhensila Myrtezajt.<\/p>\n<p>Nj\u00ebri prej tyre, nj\u00eb tatuazh n\u00eb bel, p\u00ebrputhet sakt\u00ebsisht me at\u00eb q\u00eb ajo ka shfaqur edhe m\u00eb her\u00ebt n\u00eb videoklipet muzikore. N\u00eb nj\u00eb tjet\u00ebr foto, vihet re nj\u00eb tatuazh n\u00eb dor\u00ebn e vajz\u00ebs misterioze pran\u00eb Ledrit, i cili \u00ebsht\u00eb identik me tatuazhin e dyt\u00eb t\u00eb Xhensil\u00ebs.<\/p>\n<p><img data-dominant-color=\"736c8b\" data-has-transparency=\"false\" style=\"--dominant-color: #736c8b;\" fetchpriority=\"high\" decoding=\"async\" src=\"https:\/\/www.press7.tv\/wp-content\/uploads\/2025\/06\/IMG_5867-300x259.avif\" alt=\"\" width=\"300\" height=\"259\" class=\"alignnone size-medium wp-image-20552 not-transparent\" srcset=\"https:\/\/www.press7.tv\/wp-content\/uploads\/2025\/06\/IMG_5867-300x259.avif 300w, https:\/\/www.press7.tv\/wp-content\/uploads\/2025\/06\/IMG_5867-1024x885.avif 1024w, https:\/\/www.press7.tv\/wp-content\/uploads\/2025\/06\/IMG_5867-768x664.avif 768w, https:\/\/www.press7.tv\/wp-content\/uploads\/2025\/06\/IMG_5867.avif 1290w\" sizes=\"(max-width: 300px) 100vw, 300px\" \/><\/p>\n<p><img data-dominant-color=\"523e3e\" data-has-transparency=\"false\" style=\"--dominant-color: #523e3e;\" decoding=\"async\" src=\"https:\/\/www.press7.tv\/wp-content\/uploads\/2025\/06\/IMG_5868-232x300.avif\" alt=\"\" width=\"232\" height=\"300\" class=\"alignnone size-medium wp-image-20553 not-transparent\" srcset=\"https:\/\/www.press7.tv\/wp-content\/uploads\/2025\/06\/IMG_5868-232x300.avif 232w, https:\/\/www.press7.tv\/wp-content\/uploads\/2025\/06\/IMG_5868-793x1024.avif 793w, https:\/\/www.press7.tv\/wp-content\/uploads\/2025\/06\/IMG_5868-768x992.avif 768w, https:\/\/www.press7.tv\/wp-content\/uploads\/2025\/06\/IMG_5868.avif 1010w\" sizes=\"(max-width: 232px) 100vw, 232px\" \/><\/p>\n<p><img data-dominant-color=\"363633\" data-has-transparency=\"false\" style=\"--dominant-color: #363633;\" decoding=\"async\" src=\"https:\/\/www.press7.tv\/wp-content\/uploads\/2025\/06\/IMG_5869-258x300.avif\" alt=\"\" width=\"258\" height=\"300\" class=\"alignnone size-medium wp-image-20554 not-transparent\" srcset=\"https:\/\/www.press7.tv\/wp-content\/uploads\/2025\/06\/IMG_5869-258x300.avif 258w, https:\/\/www.press7.tv\/wp-content\/uploads\/2025\/06\/IMG_5869-881x1024.avif 881w, https:\/\/www.press7.tv\/wp-content\/uploads\/2025\/06\/IMG_5869-768x893.avif 768w, https:\/\/www.press7.tv\/wp-content\/uploads\/2025\/06\/IMG_5869-752x878.avif 752w, https:\/\/www.press7.tv\/wp-content\/uploads\/2025\/06\/IMG_5869.avif 993w\" sizes=\"(max-width: 258px) 100vw, 258px\" \/><\/p>\n<p>Pavar\u00ebsisht p\u00ebrpjekjeve p\u00ebr ta mbajtur t\u00eb fsheht\u00eb, pamjet flasin vet\u00eb: mes Ledrit dhe Xhensil\u00ebs po zhvillohet nj\u00eb romanc\u00eb e duksh\u00ebme.<\/p>\n<p>Nd\u00ebrkoh\u00eb, kujtojm\u00eb se n\u00eb nj\u00eb intervist\u00eb t\u00eb dh\u00ebn\u00eb dit\u00eb m\u00eb par\u00eb, reperi Ledri Vula \u00ebsht\u00eb pyetur n\u00ebse do t\u00eb lidhej me k\u00ebng\u00ebtaren Xhensila Myrtezaj vet\u00ebm p\u00ebr efekt t\u00eb v\u00ebmendjes mediatike.<\/p>\n<p>Ai e mohoi nj\u00eb gj\u00eb t\u00eb till\u00eb, duke theksuar se lidhjet duhet t\u00eb bazohen n\u00eb ndjenja t\u00eb v\u00ebrteta.<\/p>\n<p>\u201cNuk shkon k\u00ebshtu, duhet t\u00eb kesh kimi, dashuri. Nuk mund t\u00eb lidhesh vet\u00ebm p\u00ebr fansa apo p\u00ebr showbiz. Pa pasur di\u00e7ka, nuk mundesh t\u00eb lidhesh, kukulla nuk jemi\u201d, u shpreh Ledri.<\/p>\n","protected":false},"excerpt":{"rendered":"<p>Duart n\u00eb bel dhe af\u00ebrsia mes tyre tregojn\u00eb m\u00eb shum\u00eb sesa fjal\u00ebt. Reperi i njohur Ledri Vula dhe k\u00ebng\u00ebtarja Xhensila Myrtezaj jan\u00eb fotografuar n\u00eb nj\u00eb moment intim q\u00eb ka ngritur dyshimet p\u00ebr nj\u00eb lidhje romantike mes tyre. N\u00eb nj\u00eb fotografi t\u00eb siguruar nga \u2018Express\u2019 ku Ledri shfaqet n\u00eb nj\u00eb \u2018nej\u00eb\u2019 nga pushimet n\u00eb Ibiza, shihet [&hellip;]<\/p>\n","protected":false},"author":8,"featured_media":20551,"comment_status":"closed","ping_status":"closed","sticky":false,"template":"","format":"standard","meta":{"footnotes":""},"categories":[238],"tags":[],"class_list":["post-20550","post","type-post","status-publish","format-standard","has-post-thumbnail","hentry","category-showbiz"],"yoast_head":"<!-- This site is optimized with the Yoast SEO plugin v25.1 - https:\/\/yoast.com\/wordpress\/plugins\/seo\/ -->\n<title>Xhensila dhe Ledri kapen n\u00eb moment \u201cintim\u201d, foto nga pushimet n\u00eb Ibiza - press7.tv<\/title>\n<meta name=\"robots\" content=\"index, follow, max-snippet:-1, max-image-preview:large, max-video-preview:-1\" \/>\n<link rel=\"canonical\" href=\"https:\/\/www.press7.tv\/?p=20550\" \/>\n<meta property=\"og:locale\" content=\"en_US\" \/>\n<meta property=\"og:type\" content=\"article\" \/>\n<meta property=\"og:title\" content=\"Xhensila dhe Ledri kapen n\u00eb moment \u201cintim\u201d, foto nga pushimet n\u00eb Ibiza - press7.tv\" \/>\n<meta property=\"og:description\" content=\"Duart n\u00eb bel dhe af\u00ebrsia mes tyre tregojn\u00eb m\u00eb shum\u00eb sesa fjal\u00ebt. Reperi i njohur Ledri Vula dhe k\u00ebng\u00ebtarja Xhensila Myrtezaj jan\u00eb fotografuar n\u00eb nj\u00eb moment intim q\u00eb ka ngritur dyshimet p\u00ebr nj\u00eb lidhje romantike mes tyre. N\u00eb nj\u00eb fotografi t\u00eb siguruar nga \u2018Express\u2019 ku Ledri shfaqet n\u00eb nj\u00eb \u2018nej\u00eb\u2019 nga pushimet n\u00eb Ibiza, shihet [&hellip;]\" \/>\n<meta property=\"og:url\" content=\"https:\/\/www.press7.tv\/?p=20550\" \/>\n<meta property=\"og:site_name\" content=\"press7.tv\" \/>\n<meta property=\"article:publisher\" content=\"https:\/\/www.facebook.com\/press7.tv\" \/>\n<meta property=\"article:published_time\" content=\"2025-06-28T17:08:21+00:00\" \/>\n<meta property=\"og:image\" content=\"https:\/\/www.press7.tv\/wp-content\/uploads\/2025\/06\/IMG_5866.avif\" \/>\n\t<meta property=\"og:image:width\" content=\"600\" \/>\n\t<meta property=\"og:image:height\" content=\"360\" \/>\n\t<meta property=\"og:image:type\" content=\"image\/jpeg\" \/>\n<meta name=\"author\" content=\"gazetar2\" \/>\n<meta name=\"twitter:card\" content=\"summary_large_image\" \/>\n<meta name=\"twitter:label1\" content=\"Written by\" \/>\n\t<meta name=\"twitter:data1\" content=\"gazetar2\" \/>\n\t<meta name=\"twitter:label2\" content=\"Est. reading time\" \/>\n\t<meta name=\"twitter:data2\" content=\"1 minute\" \/>\n<script type=\"application\/ld+json\" class=\"yoast-schema-graph\">{\"@context\":\"https:\/\/schema.org\",\"@graph\":[{\"@type\":\"Article\",\"@id\":\"https:\/\/www.press7.tv\/?p=20550#article\",\"isPartOf\":{\"@id\":\"https:\/\/www.press7.tv\/?p=20550\"},\"author\":{\"name\":\"gazetar2\",\"@id\":\"https:\/\/www.news33.tv\/#\/schema\/person\/5a04a38a23ccdba82f9bd665cd8f9efa\"},\"headline\":\"Xhensila dhe Ledri kapen n\u00eb moment \u201cintim\u201d, foto nga pushimet n\u00eb Ibiza\",\"datePublished\":\"2025-06-28T17:08:21+00:00\",\"mainEntityOfPage\":{\"@id\":\"https:\/\/www.press7.tv\/?p=20550\"},\"wordCount\":279,\"publisher\":{\"@id\":\"https:\/\/www.news33.tv\/#organization\"},\"image\":{\"@id\":\"https:\/\/www.press7.tv\/?p=20550#primaryimage\"},\"thumbnailUrl\":\"https:\/\/www.press7.tv\/wp-content\/uploads\/2025\/06\/IMG_5866.avif\",\"articleSection\":[\"ShowBiz\"],\"inLanguage\":\"en-US\"},{\"@type\":\"WebPage\",\"@id\":\"https:\/\/www.press7.tv\/?p=20550\",\"url\":\"https:\/\/www.press7.tv\/?p=20550\",\"name\":\"Xhensila dhe Ledri kapen n\u00eb moment \u201cintim\u201d, foto nga pushimet n\u00eb Ibiza - press7.tv\",\"isPartOf\":{\"@id\":\"https:\/\/www.news33.tv\/#website\"},\"primaryImageOfPage\":{\"@id\":\"https:\/\/www.press7.tv\/?p=20550#primaryimage\"},\"image\":{\"@id\":\"https:\/\/www.press7.tv\/?p=20550#primaryimage\"},\"thumbnailUrl\":\"https:\/\/www.press7.tv\/wp-content\/uploads\/2025\/06\/IMG_5866.avif\",\"datePublished\":\"2025-06-28T17:08:21+00:00\",\"breadcrumb\":{\"@id\":\"https:\/\/www.press7.tv\/?p=20550#breadcrumb\"},\"inLanguage\":\"en-US\",\"potentialAction\":[{\"@type\":\"ReadAction\",\"target\":[\"https:\/\/www.press7.tv\/?p=20550\"]}]},{\"@type\":\"ImageObject\",\"inLanguage\":\"en-US\",\"@id\":\"https:\/\/www.press7.tv\/?p=20550#primaryimage\",\"url\":\"https:\/\/www.press7.tv\/wp-content\/uploads\/2025\/06\/IMG_5866.avif\",\"contentUrl\":\"https:\/\/www.press7.tv\/wp-content\/uploads\/2025\/06\/IMG_5866.avif\",\"width\":600,\"height\":360},{\"@type\":\"BreadcrumbList\",\"@id\":\"https:\/\/www.press7.tv\/?p=20550#breadcrumb\",\"itemListElement\":[{\"@type\":\"ListItem\",\"position\":1,\"name\":\"Home\",\"item\":\"https:\/\/www.press7.tv\/\"},{\"@type\":\"ListItem\",\"position\":2,\"name\":\"Xhensila dhe Ledri kapen n\u00eb moment \u201cintim\u201d, foto nga pushimet n\u00eb Ibiza\"}]},{\"@type\":\"WebSite\",\"@id\":\"https:\/\/www.news33.tv\/#website\",\"url\":\"https:\/\/www.news33.tv\/\",\"name\":\"News33.tv Media\",\"description\":\"Media\",\"publisher\":{\"@id\":\"https:\/\/www.news33.tv\/#organization\"},\"potentialAction\":[{\"@type\":\"SearchAction\",\"target\":{\"@type\":\"EntryPoint\",\"urlTemplate\":\"https:\/\/www.news33.tv\/?s={search_term_string}\"},\"query-input\":{\"@type\":\"PropertyValueSpecification\",\"valueRequired\":true,\"valueName\":\"search_term_string\"}}],\"inLanguage\":\"en-US\"},{\"@type\":\"Organization\",\"@id\":\"https:\/\/www.news33.tv\/#organization\",\"name\":\"News33.tv Media\",\"url\":\"https:\/\/www.news33.tv\/\",\"logo\":{\"@type\":\"ImageObject\",\"inLanguage\":\"en-US\",\"@id\":\"https:\/\/www.news33.tv\/#\/schema\/logo\/image\/\",\"url\":\"https:\/\/www.press7.tv\/wp-content\/uploads\/2024\/02\/logo-news33-black.png\",\"contentUrl\":\"https:\/\/www.press7.tv\/wp-content\/uploads\/2024\/02\/logo-news33-black.png\",\"width\":180,\"height\":37,\"caption\":\"News33.tv Media\"},\"image\":{\"@id\":\"https:\/\/www.news33.tv\/#\/schema\/logo\/image\/\"},\"sameAs\":[\"https:\/\/www.facebook.com\/press7.tv\"]},{\"@type\":\"Person\",\"@id\":\"https:\/\/www.news33.tv\/#\/schema\/person\/5a04a38a23ccdba82f9bd665cd8f9efa\",\"name\":\"gazetar2\",\"image\":{\"@type\":\"ImageObject\",\"inLanguage\":\"en-US\",\"@id\":\"https:\/\/www.news33.tv\/#\/schema\/person\/image\/\",\"url\":\"https:\/\/www.press7.tv\/wp-content\/litespeed\/avatar\/41975e402c3049d9ddb03adca8f7a883.jpg?ver=1777169572\",\"contentUrl\":\"https:\/\/www.press7.tv\/wp-content\/litespeed\/avatar\/41975e402c3049d9ddb03adca8f7a883.jpg?ver=1777169572\",\"caption\":\"gazetar2\"},\"url\":\"https:\/\/www.press7.tv\/?author=8\"}]}<\/script>\n<!-- \/ Yoast SEO plugin. -->","yoast_head_json":{"title":"Xhensila dhe Ledri kapen n\u00eb moment \u201cintim\u201d, foto nga pushimet n\u00eb Ibiza - press7.tv","robots":{"index":"index","follow":"follow","max-snippet":"max-snippet:-1","max-image-preview":"max-image-preview:large","max-video-preview":"max-video-preview:-1"},"canonical":"https:\/\/www.press7.tv\/?p=20550","og_locale":"en_US","og_type":"article","og_title":"Xhensila dhe Ledri kapen n\u00eb moment \u201cintim\u201d, foto nga pushimet n\u00eb Ibiza - press7.tv","og_description":"Duart n\u00eb bel dhe af\u00ebrsia mes tyre tregojn\u00eb m\u00eb shum\u00eb sesa fjal\u00ebt. Reperi i njohur Ledri Vula dhe k\u00ebng\u00ebtarja Xhensila Myrtezaj jan\u00eb fotografuar n\u00eb nj\u00eb moment intim q\u00eb ka ngritur dyshimet p\u00ebr nj\u00eb lidhje romantike mes tyre. N\u00eb nj\u00eb fotografi t\u00eb siguruar nga \u2018Express\u2019 ku Ledri shfaqet n\u00eb nj\u00eb \u2018nej\u00eb\u2019 nga pushimet n\u00eb Ibiza, shihet [&hellip;]","og_url":"https:\/\/www.press7.tv\/?p=20550","og_site_name":"press7.tv","article_publisher":"https:\/\/www.facebook.com\/press7.tv","article_published_time":"2025-06-28T17:08:21+00:00","og_image":[{"width":600,"height":360,"url":"https:\/\/www.press7.tv\/wp-content\/uploads\/2025\/06\/IMG_5866.avif","type":"image\/jpeg"}],"author":"gazetar2","twitter_card":"summary_large_image","twitter_misc":{"Written by":"gazetar2","Est. reading time":"1 minute"},"schema":{"@context":"https:\/\/schema.org","@graph":[{"@type":"Article","@id":"https:\/\/www.press7.tv\/?p=20550#article","isPartOf":{"@id":"https:\/\/www.press7.tv\/?p=20550"},"author":{"name":"gazetar2","@id":"https:\/\/www.news33.tv\/#\/schema\/person\/5a04a38a23ccdba82f9bd665cd8f9efa"},"headline":"Xhensila dhe Ledri kapen n\u00eb moment \u201cintim\u201d, foto nga pushimet n\u00eb Ibiza","datePublished":"2025-06-28T17:08:21+00:00","mainEntityOfPage":{"@id":"https:\/\/www.press7.tv\/?p=20550"},"wordCount":279,"publisher":{"@id":"https:\/\/www.news33.tv\/#organization"},"image":{"@id":"https:\/\/www.press7.tv\/?p=20550#primaryimage"},"thumbnailUrl":"https:\/\/www.press7.tv\/wp-content\/uploads\/2025\/06\/IMG_5866.avif","articleSection":["ShowBiz"],"inLanguage":"en-US"},{"@type":"WebPage","@id":"https:\/\/www.press7.tv\/?p=20550","url":"https:\/\/www.press7.tv\/?p=20550","name":"Xhensila dhe Ledri kapen n\u00eb moment \u201cintim\u201d, foto nga pushimet n\u00eb Ibiza - press7.tv","isPartOf":{"@id":"https:\/\/www.news33.tv\/#website"},"primaryImageOfPage":{"@id":"https:\/\/www.press7.tv\/?p=20550#primaryimage"},"image":{"@id":"https:\/\/www.press7.tv\/?p=20550#primaryimage"},"thumbnailUrl":"https:\/\/www.press7.tv\/wp-content\/uploads\/2025\/06\/IMG_5866.avif","datePublished":"2025-06-28T17:08:21+00:00","breadcrumb":{"@id":"https:\/\/www.press7.tv\/?p=20550#breadcrumb"},"inLanguage":"en-US","potentialAction":[{"@type":"ReadAction","target":["https:\/\/www.press7.tv\/?p=20550"]}]},{"@type":"ImageObject","inLanguage":"en-US","@id":"https:\/\/www.press7.tv\/?p=20550#primaryimage","url":"https:\/\/www.press7.tv\/wp-content\/uploads\/2025\/06\/IMG_5866.avif","contentUrl":"https:\/\/www.press7.tv\/wp-content\/uploads\/2025\/06\/IMG_5866.avif","width":600,"height":360},{"@type":"BreadcrumbList","@id":"https:\/\/www.press7.tv\/?p=20550#breadcrumb","itemListElement":[{"@type":"ListItem","position":1,"name":"Home","item":"https:\/\/www.press7.tv\/"},{"@type":"ListItem","position":2,"name":"Xhensila dhe Ledri kapen n\u00eb moment \u201cintim\u201d, foto nga pushimet n\u00eb Ibiza"}]},{"@type":"WebSite","@id":"https:\/\/www.news33.tv\/#website","url":"https:\/\/www.news33.tv\/","name":"News33.tv Media","description":"Media","publisher":{"@id":"https:\/\/www.news33.tv\/#organization"},"potentialAction":[{"@type":"SearchAction","target":{"@type":"EntryPoint","urlTemplate":"https:\/\/www.news33.tv\/?s={search_term_string}"},"query-input":{"@type":"PropertyValueSpecification","valueRequired":true,"valueName":"search_term_string"}}],"inLanguage":"en-US"},{"@type":"Organization","@id":"https:\/\/www.news33.tv\/#organization","name":"News33.tv Media","url":"https:\/\/www.news33.tv\/","logo":{"@type":"ImageObject","inLanguage":"en-US","@id":"https:\/\/www.news33.tv\/#\/schema\/logo\/image\/","url":"https:\/\/www.press7.tv\/wp-content\/uploads\/2024\/02\/logo-news33-black.png","contentUrl":"https:\/\/www.press7.tv\/wp-content\/uploads\/2024\/02\/logo-news33-black.png","width":180,"height":37,"caption":"News33.tv Media"},"image":{"@id":"https:\/\/www.news33.tv\/#\/schema\/logo\/image\/"},"sameAs":["https:\/\/www.facebook.com\/press7.tv"]},{"@type":"Person","@id":"https:\/\/www.news33.tv\/#\/schema\/person\/5a04a38a23ccdba82f9bd665cd8f9efa","name":"gazetar2","image":{"@type":"ImageObject","inLanguage":"en-US","@id":"https:\/\/www.news33.tv\/#\/schema\/person\/image\/","url":"https:\/\/www.press7.tv\/wp-content\/litespeed\/avatar\/41975e402c3049d9ddb03adca8f7a883.jpg?ver=1777169572","contentUrl":"https:\/\/www.press7.tv\/wp-content\/litespeed\/avatar\/41975e402c3049d9ddb03adca8f7a883.jpg?ver=1777169572","caption":"gazetar2"},"url":"https:\/\/www.press7.tv\/?author=8"}]}},"amp_enabled":true,"_links":{"self":[{"href":"https:\/\/www.press7.tv\/index.php?rest_route=\/wp\/v2\/posts\/20550","targetHints":{"allow":["GET"]}}],"collection":[{"href":"https:\/\/www.press7.tv\/index.php?rest_route=\/wp\/v2\/posts"}],"about":[{"href":"https:\/\/www.press7.tv\/index.php?rest_route=\/wp\/v2\/types\/post"}],"author":[{"embeddable":true,"href":"https:\/\/www.press7.tv\/index.php?rest_route=\/wp\/v2\/users\/8"}],"replies":[{"embeddable":true,"href":"https:\/\/www.press7.tv\/index.php?rest_route=%2Fwp%2Fv2%2Fcomments&post=20550"}],"version-history":[{"count":1,"href":"https:\/\/www.press7.tv\/index.php?rest_route=\/wp\/v2\/posts\/20550\/revisions"}],"predecessor-version":[{"id":20555,"href":"https:\/\/www.press7.tv\/index.php?rest_route=\/wp\/v2\/posts\/20550\/revisions\/20555"}],"wp:featuredmedia":[{"embeddable":true,"href":"https:\/\/www.press7.tv\/index.php?rest_route=\/wp\/v2\/media\/20551"}],"wp:attachment":[{"href":"https:\/\/www.press7.tv\/index.php?rest_route=%2Fwp%2Fv2%2Fmedia&parent=20550"}],"wp:term":[{"taxonomy":"category","embeddable":true,"href":"https:\/\/www.press7.tv\/index.php?rest_route=%2Fwp%2Fv2%2Fcategories&post=20550"},{"taxonomy":"post_tag","embeddable":true,"href":"https:\/\/www.press7.tv\/index.php?rest_route=%2Fwp%2Fv2%2Ftags&post=20550"}],"curies":[{"name":"wp","href":"https:\/\/api.w.org\/{rel}","templated":true}]}}