{"id":20547,"date":"2025-06-28T14:27:59","date_gmt":"2025-06-28T14:27:59","guid":{"rendered":"https:\/\/www.press7.tv\/?p=20547"},"modified":"2025-06-28T14:27:59","modified_gmt":"2025-06-28T14:27:59","slug":"nis-mbledhja-e-lidereve-kurti-nuk-i-permend-propozimet","status":"publish","type":"post","link":"https:\/\/www.press7.tv\/?p=20547","title":{"rendered":"Nis mbledhja e lider\u00ebve, Kurti nuk i p\u00ebrmend propozimet"},"content":{"rendered":"\n    <div class=\"xs_social_share_widget xs_share_url before_content \t\tmain_content  wslu-style-2 wslu-share-box-shaped wslu-fill-colored wslu-share-m-5 wslu-none wslu-share-vertical wslu-theme-font-no wslu-main_content\">\n\n\t\t\n        <ul>\n\t\t\t        <\/ul>\n    <\/div> \n<p>Kryetari i L\u00ebvizjes Vet\u00ebvendosje, Albin Kurti, nuk i ka p\u00ebrmendur propozimet q\u00eb do t\u2019ua prezantoj\u00eb lider\u00ebve t\u00eb partive t\u00eb tjera parlamentare n\u00eb takimin q\u00eb e ka ftuar prej or\u00ebs 16:00 p\u00ebr dalje nga ng\u00ebr\u00e7i institucional. Kurti para gazetar\u00ebve ka th\u00ebn\u00eb se mbetet p\u00ebr t\u00eb par\u00eb edhe cil\u00ebt lider\u00eb do t\u00eb shkojn\u00eb n\u00eb takim. Ai u shoq\u00ebrua nga p\u00ebrfaq\u00ebsues t\u00eb partive tjera n\u00eb koalicion, Lista Guxo dhe Alternativa.<\/p>\n<p>N\u00eb takimin n\u00eb Kuvend ka mb\u00ebrritur edhe Fatmir Limaj, kryetar i Nism\u00ebs Socialdemokrate. <\/p>\n<p>Si\u00e7 ka raportuar KOHA, LVV-ja do t\u2019i paraqes\u00eb tri propozime p\u00ebr dalje nga ng\u00ebr\u00e7i, n\u00eb takimin e ftuar pas aktgjykimit t\u00eb Gjykat\u00ebs Kushtetuese, n\u00eb t\u00eb cilin \u00ebsht\u00eb theksuar se e drejta e propozimit t\u00eb kryeparlamentarit nga partia fituese e zgjedhjeve t\u00eb 9 shkurtit k\u00ebrkon bashk\u00ebpunim n\u00eb mir\u00ebbesim nga deputet\u00ebt e zgjedhur p\u00ebr ta gjetur kompromisin apo konsensusin e domosdosh\u00ebm.<\/p>\n<p>Burime brenda Vet\u00ebvendosjes kan\u00eb th\u00ebn\u00eb se p\u00ebr diskutim do t\u00eb shtrohet k\u00ebrkesa q\u00eb subjektet politike t\u00eb dakordohen p\u00ebr emrat e an\u00ebtar\u00ebve t\u00eb kryesis\u00eb n\u00eb pako. Nj\u00eb propozim i till\u00eb, sipas partis\u00eb q\u00eb ka fituar m\u00eb s\u00eb shumti vota n\u00eb zgjedhjet e fundit, b\u00ebhet \u201cme q\u00ebllim t\u00eb moskusht\u00ebzimit t\u00eb nd\u00ebrsjell\u00eb dhe \u00ebsht\u00eb n\u00eb frym\u00ebn e aktgjykimit t\u00eb Kushtetueses p\u00ebr konsensus e kompromis\u201d.<\/p>\n<p>Propozimi i dyt\u00eb, i cili do t\u00eb b\u00ebhet nga Kurti, \u00ebsht\u00eb ai p\u00ebr dh\u00ebnien e nj\u00eb epilogu formimit t\u00eb Komisionit q\u00eb do t\u00eb merret me zhvillimin e votimit t\u00eb fsheht\u00eb p\u00ebr kryeparlamentarin. Nga kryetar\u00ebt e subjekteve q\u00eb kan\u00eb mandate n\u00eb Kuvend do t\u00eb k\u00ebrkohet q\u00eb t\u00eb votohet pro ose kund\u00ebr formimit t\u00eb k\u00ebtij komisioni.<\/p>\n<p>E, propozimi i tret\u00eb, sipas burimeve n\u00eb Vet\u00ebvendosje, do t\u00eb jet\u00eb ai p\u00ebr mb\u00ebshtetjen e realizimit t\u00eb votimit t\u00eb fsheht\u00eb p\u00ebr zgjedhjen e kryetarit t\u00eb Kuvendit. Sipas L\u00ebvizjes Vet\u00ebvendosje, deri t\u00eb premten, nuk kan\u00eb marr\u00eb ndonj\u00eb zotim prej deputet\u00ebve t\u00eb opozit\u00ebs s\u00eb deritanishme se do ta p\u00ebrkrahin t\u00eb propozuar\u00ebn e k\u00ebsaj partie, Albulena Haxhiun, p\u00ebr kryetare t\u00eb Kuvendit. E, me q\u00ebllim t\u00eb bindjes s\u00eb subjekteve politike, LVV-ja do t\u00eb zotohet se do ta nd\u00ebrroj\u00eb propozimin e saj, n\u00eb rast se d\u00ebshton zgjedhja e Haxhiut n\u00eb tentimin e par\u00eb.<\/p>\n<p>Nga 15 prilli, deputet\u00ebt e zgjedhur jan\u00eb mbledhur \u00e7do dy dit\u00eb p\u00ebr t\u00eb d\u00ebshtuar n\u00eb 37 her\u00eb p\u00ebr votimin e kryetarit dhe n\u00ebnkryetar\u00ebve, q\u00eb konsiderohen hapa final p\u00ebr konstituim t\u00eb Kuvendit. Fillimisht L\u00ebvizja Vet\u00ebvendosje, si parti fituese e zgjedhjeve t\u00eb 9 shkurtit, propozoi emrin e Albulena Haxhiut dhe nuk e mori shumic\u00ebn, e m\u00eb pas k\u00ebrkoi q\u00eb t\u00eb ndryshohet m\u00ebnyra e votimit, duke kaluar n\u00eb votim t\u00eb fsheht\u00eb. Deri tash nuk ka marr\u00eb mb\u00ebshtetjen n\u00eb k\u00ebt\u00eb p\u00ebrpjekje. Partit\u00eb opozitare nuk kan\u00eb votuar fare e AAK-ja e pati \u00e7uar n\u00eb Kushtetuese p\u00ebr shqyrtim pik\u00ebrisht k\u00ebt\u00eb propozim t\u00eb VV-s\u00eb.<\/p>\n<p>Gjykata Kushtetuese ka konstatuar t\u00eb enjten q\u00eb seanca konstituive e legjislatur\u00ebs s\u00eb n\u00ebnt\u00eb t\u00eb Kuvendit t\u00eb Kosov\u00ebs duhet t\u00eb p\u00ebrfundoj\u00eb m\u00eb s\u00eb voni p\u00ebr 30 dit\u00eb.<\/p>\n","protected":false},"excerpt":{"rendered":"<p>Kryetari i L\u00ebvizjes Vet\u00ebvendosje, Albin Kurti, nuk i ka p\u00ebrmendur propozimet q\u00eb do t\u2019ua prezantoj\u00eb lider\u00ebve t\u00eb partive t\u00eb tjera parlamentare n\u00eb takimin q\u00eb e ka ftuar prej or\u00ebs 16:00 p\u00ebr dalje nga ng\u00ebr\u00e7i institucional. Kurti para gazetar\u00ebve ka th\u00ebn\u00eb se mbetet p\u00ebr t\u00eb par\u00eb edhe cil\u00ebt lider\u00eb do t\u00eb shkojn\u00eb n\u00eb takim. Ai u [&hellip;]<\/p>\n","protected":false},"author":8,"featured_media":20548,"comment_status":"closed","ping_status":"closed","sticky":false,"template":"","format":"standard","meta":{"footnotes":""},"categories":[215,213],"tags":[],"class_list":["post-20547","post","type-post","status-publish","format-standard","has-post-thumbnail","hentry","category-kosove","category-lajme"],"yoast_head":"<!-- This site is optimized with the Yoast SEO plugin v25.1 - https:\/\/yoast.com\/wordpress\/plugins\/seo\/ -->\n<title>Nis mbledhja e lider\u00ebve, Kurti nuk i p\u00ebrmend propozimet - press7.tv<\/title>\n<meta name=\"robots\" content=\"index, follow, max-snippet:-1, max-image-preview:large, max-video-preview:-1\" \/>\n<link rel=\"canonical\" href=\"https:\/\/www.press7.tv\/?p=20547\" \/>\n<meta property=\"og:locale\" content=\"en_US\" \/>\n<meta property=\"og:type\" content=\"article\" \/>\n<meta property=\"og:title\" content=\"Nis mbledhja e lider\u00ebve, Kurti nuk i p\u00ebrmend propozimet - press7.tv\" \/>\n<meta property=\"og:description\" content=\"Kryetari i L\u00ebvizjes Vet\u00ebvendosje, Albin Kurti, nuk i ka p\u00ebrmendur propozimet q\u00eb do t\u2019ua prezantoj\u00eb lider\u00ebve t\u00eb partive t\u00eb tjera parlamentare n\u00eb takimin q\u00eb e ka ftuar prej or\u00ebs 16:00 p\u00ebr dalje nga ng\u00ebr\u00e7i institucional. Kurti para gazetar\u00ebve ka th\u00ebn\u00eb se mbetet p\u00ebr t\u00eb par\u00eb edhe cil\u00ebt lider\u00eb do t\u00eb shkojn\u00eb n\u00eb takim. Ai u [&hellip;]\" \/>\n<meta property=\"og:url\" content=\"https:\/\/www.press7.tv\/?p=20547\" \/>\n<meta property=\"og:site_name\" content=\"press7.tv\" \/>\n<meta property=\"article:publisher\" content=\"https:\/\/www.facebook.com\/press7.tv\" \/>\n<meta property=\"article:published_time\" content=\"2025-06-28T14:27:59+00:00\" \/>\n<meta property=\"og:image\" content=\"https:\/\/www.press7.tv\/wp-content\/uploads\/2025\/06\/IMG_5864.avif\" \/>\n\t<meta property=\"og:image:width\" content=\"1360\" \/>\n\t<meta property=\"og:image:height\" content=\"870\" \/>\n\t<meta property=\"og:image:type\" content=\"image\/webp\" \/>\n<meta name=\"author\" content=\"gazetar2\" \/>\n<meta name=\"twitter:card\" content=\"summary_large_image\" \/>\n<meta name=\"twitter:label1\" content=\"Written by\" \/>\n\t<meta name=\"twitter:data1\" content=\"gazetar2\" \/>\n\t<meta name=\"twitter:label2\" content=\"Est. reading time\" \/>\n\t<meta name=\"twitter:data2\" content=\"1 minute\" \/>\n<script type=\"application\/ld+json\" class=\"yoast-schema-graph\">{\"@context\":\"https:\/\/schema.org\",\"@graph\":[{\"@type\":\"Article\",\"@id\":\"https:\/\/www.press7.tv\/?p=20547#article\",\"isPartOf\":{\"@id\":\"https:\/\/www.press7.tv\/?p=20547\"},\"author\":{\"name\":\"gazetar2\",\"@id\":\"https:\/\/www.news33.tv\/#\/schema\/person\/5a04a38a23ccdba82f9bd665cd8f9efa\"},\"headline\":\"Nis mbledhja e lider\u00ebve, Kurti nuk i p\u00ebrmend propozimet\",\"datePublished\":\"2025-06-28T14:27:59+00:00\",\"mainEntityOfPage\":{\"@id\":\"https:\/\/www.press7.tv\/?p=20547\"},\"wordCount\":558,\"publisher\":{\"@id\":\"https:\/\/www.news33.tv\/#organization\"},\"image\":{\"@id\":\"https:\/\/www.press7.tv\/?p=20547#primaryimage\"},\"thumbnailUrl\":\"https:\/\/www.press7.tv\/wp-content\/uploads\/2025\/06\/IMG_5864.avif\",\"articleSection\":[\"Kosov\u00eb\",\"Lajme\"],\"inLanguage\":\"en-US\"},{\"@type\":\"WebPage\",\"@id\":\"https:\/\/www.press7.tv\/?p=20547\",\"url\":\"https:\/\/www.press7.tv\/?p=20547\",\"name\":\"Nis mbledhja e lider\u00ebve, Kurti nuk i p\u00ebrmend propozimet - press7.tv\",\"isPartOf\":{\"@id\":\"https:\/\/www.news33.tv\/#website\"},\"primaryImageOfPage\":{\"@id\":\"https:\/\/www.press7.tv\/?p=20547#primaryimage\"},\"image\":{\"@id\":\"https:\/\/www.press7.tv\/?p=20547#primaryimage\"},\"thumbnailUrl\":\"https:\/\/www.press7.tv\/wp-content\/uploads\/2025\/06\/IMG_5864.avif\",\"datePublished\":\"2025-06-28T14:27:59+00:00\",\"breadcrumb\":{\"@id\":\"https:\/\/www.press7.tv\/?p=20547#breadcrumb\"},\"inLanguage\":\"en-US\",\"potentialAction\":[{\"@type\":\"ReadAction\",\"target\":[\"https:\/\/www.press7.tv\/?p=20547\"]}]},{\"@type\":\"ImageObject\",\"inLanguage\":\"en-US\",\"@id\":\"https:\/\/www.press7.tv\/?p=20547#primaryimage\",\"url\":\"https:\/\/www.press7.tv\/wp-content\/uploads\/2025\/06\/IMG_5864.avif\",\"contentUrl\":\"https:\/\/www.press7.tv\/wp-content\/uploads\/2025\/06\/IMG_5864.avif\",\"width\":1360,\"height\":870},{\"@type\":\"BreadcrumbList\",\"@id\":\"https:\/\/www.press7.tv\/?p=20547#breadcrumb\",\"itemListElement\":[{\"@type\":\"ListItem\",\"position\":1,\"name\":\"Home\",\"item\":\"https:\/\/www.press7.tv\/\"},{\"@type\":\"ListItem\",\"position\":2,\"name\":\"Nis mbledhja e lider\u00ebve, Kurti nuk i p\u00ebrmend propozimet\"}]},{\"@type\":\"WebSite\",\"@id\":\"https:\/\/www.news33.tv\/#website\",\"url\":\"https:\/\/www.news33.tv\/\",\"name\":\"News33.tv Media\",\"description\":\"Media\",\"publisher\":{\"@id\":\"https:\/\/www.news33.tv\/#organization\"},\"potentialAction\":[{\"@type\":\"SearchAction\",\"target\":{\"@type\":\"EntryPoint\",\"urlTemplate\":\"https:\/\/www.news33.tv\/?s={search_term_string}\"},\"query-input\":{\"@type\":\"PropertyValueSpecification\",\"valueRequired\":true,\"valueName\":\"search_term_string\"}}],\"inLanguage\":\"en-US\"},{\"@type\":\"Organization\",\"@id\":\"https:\/\/www.news33.tv\/#organization\",\"name\":\"News33.tv Media\",\"url\":\"https:\/\/www.news33.tv\/\",\"logo\":{\"@type\":\"ImageObject\",\"inLanguage\":\"en-US\",\"@id\":\"https:\/\/www.news33.tv\/#\/schema\/logo\/image\/\",\"url\":\"https:\/\/www.press7.tv\/wp-content\/uploads\/2024\/02\/logo-news33-black.png\",\"contentUrl\":\"https:\/\/www.press7.tv\/wp-content\/uploads\/2024\/02\/logo-news33-black.png\",\"width\":180,\"height\":37,\"caption\":\"News33.tv Media\"},\"image\":{\"@id\":\"https:\/\/www.news33.tv\/#\/schema\/logo\/image\/\"},\"sameAs\":[\"https:\/\/www.facebook.com\/press7.tv\"]},{\"@type\":\"Person\",\"@id\":\"https:\/\/www.news33.tv\/#\/schema\/person\/5a04a38a23ccdba82f9bd665cd8f9efa\",\"name\":\"gazetar2\",\"image\":{\"@type\":\"ImageObject\",\"inLanguage\":\"en-US\",\"@id\":\"https:\/\/www.news33.tv\/#\/schema\/person\/image\/\",\"url\":\"https:\/\/www.press7.tv\/wp-content\/litespeed\/avatar\/41975e402c3049d9ddb03adca8f7a883.jpg?ver=1777169572\",\"contentUrl\":\"https:\/\/www.press7.tv\/wp-content\/litespeed\/avatar\/41975e402c3049d9ddb03adca8f7a883.jpg?ver=1777169572\",\"caption\":\"gazetar2\"},\"url\":\"https:\/\/www.press7.tv\/?author=8\"}]}<\/script>\n<!-- \/ Yoast SEO plugin. -->","yoast_head_json":{"title":"Nis mbledhja e lider\u00ebve, Kurti nuk i p\u00ebrmend propozimet - press7.tv","robots":{"index":"index","follow":"follow","max-snippet":"max-snippet:-1","max-image-preview":"max-image-preview:large","max-video-preview":"max-video-preview:-1"},"canonical":"https:\/\/www.press7.tv\/?p=20547","og_locale":"en_US","og_type":"article","og_title":"Nis mbledhja e lider\u00ebve, Kurti nuk i p\u00ebrmend propozimet - press7.tv","og_description":"Kryetari i L\u00ebvizjes Vet\u00ebvendosje, Albin Kurti, nuk i ka p\u00ebrmendur propozimet q\u00eb do t\u2019ua prezantoj\u00eb lider\u00ebve t\u00eb partive t\u00eb tjera parlamentare n\u00eb takimin q\u00eb e ka ftuar prej or\u00ebs 16:00 p\u00ebr dalje nga ng\u00ebr\u00e7i institucional. Kurti para gazetar\u00ebve ka th\u00ebn\u00eb se mbetet p\u00ebr t\u00eb par\u00eb edhe cil\u00ebt lider\u00eb do t\u00eb shkojn\u00eb n\u00eb takim. Ai u [&hellip;]","og_url":"https:\/\/www.press7.tv\/?p=20547","og_site_name":"press7.tv","article_publisher":"https:\/\/www.facebook.com\/press7.tv","article_published_time":"2025-06-28T14:27:59+00:00","og_image":[{"width":1360,"height":870,"url":"https:\/\/www.press7.tv\/wp-content\/uploads\/2025\/06\/IMG_5864.avif","type":"image\/webp"}],"author":"gazetar2","twitter_card":"summary_large_image","twitter_misc":{"Written by":"gazetar2","Est. reading time":"1 minute"},"schema":{"@context":"https:\/\/schema.org","@graph":[{"@type":"Article","@id":"https:\/\/www.press7.tv\/?p=20547#article","isPartOf":{"@id":"https:\/\/www.press7.tv\/?p=20547"},"author":{"name":"gazetar2","@id":"https:\/\/www.news33.tv\/#\/schema\/person\/5a04a38a23ccdba82f9bd665cd8f9efa"},"headline":"Nis mbledhja e lider\u00ebve, Kurti nuk i p\u00ebrmend propozimet","datePublished":"2025-06-28T14:27:59+00:00","mainEntityOfPage":{"@id":"https:\/\/www.press7.tv\/?p=20547"},"wordCount":558,"publisher":{"@id":"https:\/\/www.news33.tv\/#organization"},"image":{"@id":"https:\/\/www.press7.tv\/?p=20547#primaryimage"},"thumbnailUrl":"https:\/\/www.press7.tv\/wp-content\/uploads\/2025\/06\/IMG_5864.avif","articleSection":["Kosov\u00eb","Lajme"],"inLanguage":"en-US"},{"@type":"WebPage","@id":"https:\/\/www.press7.tv\/?p=20547","url":"https:\/\/www.press7.tv\/?p=20547","name":"Nis mbledhja e lider\u00ebve, Kurti nuk i p\u00ebrmend propozimet - press7.tv","isPartOf":{"@id":"https:\/\/www.news33.tv\/#website"},"primaryImageOfPage":{"@id":"https:\/\/www.press7.tv\/?p=20547#primaryimage"},"image":{"@id":"https:\/\/www.press7.tv\/?p=20547#primaryimage"},"thumbnailUrl":"https:\/\/www.press7.tv\/wp-content\/uploads\/2025\/06\/IMG_5864.avif","datePublished":"2025-06-28T14:27:59+00:00","breadcrumb":{"@id":"https:\/\/www.press7.tv\/?p=20547#breadcrumb"},"inLanguage":"en-US","potentialAction":[{"@type":"ReadAction","target":["https:\/\/www.press7.tv\/?p=20547"]}]},{"@type":"ImageObject","inLanguage":"en-US","@id":"https:\/\/www.press7.tv\/?p=20547#primaryimage","url":"https:\/\/www.press7.tv\/wp-content\/uploads\/2025\/06\/IMG_5864.avif","contentUrl":"https:\/\/www.press7.tv\/wp-content\/uploads\/2025\/06\/IMG_5864.avif","width":1360,"height":870},{"@type":"BreadcrumbList","@id":"https:\/\/www.press7.tv\/?p=20547#breadcrumb","itemListElement":[{"@type":"ListItem","position":1,"name":"Home","item":"https:\/\/www.press7.tv\/"},{"@type":"ListItem","position":2,"name":"Nis mbledhja e lider\u00ebve, Kurti nuk i p\u00ebrmend propozimet"}]},{"@type":"WebSite","@id":"https:\/\/www.news33.tv\/#website","url":"https:\/\/www.news33.tv\/","name":"News33.tv Media","description":"Media","publisher":{"@id":"https:\/\/www.news33.tv\/#organization"},"potentialAction":[{"@type":"SearchAction","target":{"@type":"EntryPoint","urlTemplate":"https:\/\/www.news33.tv\/?s={search_term_string}"},"query-input":{"@type":"PropertyValueSpecification","valueRequired":true,"valueName":"search_term_string"}}],"inLanguage":"en-US"},{"@type":"Organization","@id":"https:\/\/www.news33.tv\/#organization","name":"News33.tv Media","url":"https:\/\/www.news33.tv\/","logo":{"@type":"ImageObject","inLanguage":"en-US","@id":"https:\/\/www.news33.tv\/#\/schema\/logo\/image\/","url":"https:\/\/www.press7.tv\/wp-content\/uploads\/2024\/02\/logo-news33-black.png","contentUrl":"https:\/\/www.press7.tv\/wp-content\/uploads\/2024\/02\/logo-news33-black.png","width":180,"height":37,"caption":"News33.tv Media"},"image":{"@id":"https:\/\/www.news33.tv\/#\/schema\/logo\/image\/"},"sameAs":["https:\/\/www.facebook.com\/press7.tv"]},{"@type":"Person","@id":"https:\/\/www.news33.tv\/#\/schema\/person\/5a04a38a23ccdba82f9bd665cd8f9efa","name":"gazetar2","image":{"@type":"ImageObject","inLanguage":"en-US","@id":"https:\/\/www.news33.tv\/#\/schema\/person\/image\/","url":"https:\/\/www.press7.tv\/wp-content\/litespeed\/avatar\/41975e402c3049d9ddb03adca8f7a883.jpg?ver=1777169572","contentUrl":"https:\/\/www.press7.tv\/wp-content\/litespeed\/avatar\/41975e402c3049d9ddb03adca8f7a883.jpg?ver=1777169572","caption":"gazetar2"},"url":"https:\/\/www.press7.tv\/?author=8"}]}},"amp_enabled":true,"_links":{"self":[{"href":"https:\/\/www.press7.tv\/index.php?rest_route=\/wp\/v2\/posts\/20547","targetHints":{"allow":["GET"]}}],"collection":[{"href":"https:\/\/www.press7.tv\/index.php?rest_route=\/wp\/v2\/posts"}],"about":[{"href":"https:\/\/www.press7.tv\/index.php?rest_route=\/wp\/v2\/types\/post"}],"author":[{"embeddable":true,"href":"https:\/\/www.press7.tv\/index.php?rest_route=\/wp\/v2\/users\/8"}],"replies":[{"embeddable":true,"href":"https:\/\/www.press7.tv\/index.php?rest_route=%2Fwp%2Fv2%2Fcomments&post=20547"}],"version-history":[{"count":1,"href":"https:\/\/www.press7.tv\/index.php?rest_route=\/wp\/v2\/posts\/20547\/revisions"}],"predecessor-version":[{"id":20549,"href":"https:\/\/www.press7.tv\/index.php?rest_route=\/wp\/v2\/posts\/20547\/revisions\/20549"}],"wp:featuredmedia":[{"embeddable":true,"href":"https:\/\/www.press7.tv\/index.php?rest_route=\/wp\/v2\/media\/20548"}],"wp:attachment":[{"href":"https:\/\/www.press7.tv\/index.php?rest_route=%2Fwp%2Fv2%2Fmedia&parent=20547"}],"wp:term":[{"taxonomy":"category","embeddable":true,"href":"https:\/\/www.press7.tv\/index.php?rest_route=%2Fwp%2Fv2%2Fcategories&post=20547"},{"taxonomy":"post_tag","embeddable":true,"href":"https:\/\/www.press7.tv\/index.php?rest_route=%2Fwp%2Fv2%2Ftags&post=20547"}],"curies":[{"name":"wp","href":"https:\/\/api.w.org\/{rel}","templated":true}]}}