{"id":20540,"date":"2025-06-28T12:34:40","date_gmt":"2025-06-28T12:34:40","guid":{"rendered":"https:\/\/www.press7.tv\/?p=20540"},"modified":"2025-06-28T12:34:40","modified_gmt":"2025-06-28T12:34:40","slug":"serbet-festojne-vidovdanin-ne-gazimestan-reagon-kurti","status":"publish","type":"post","link":"https:\/\/www.press7.tv\/?p=20540","title":{"rendered":"Serb\u00ebt festojn\u00eb Vidovdanin n\u00eb Gazimestan, reagon Kurti"},"content":{"rendered":"\n    <div class=\"xs_social_share_widget xs_share_url before_content \t\tmain_content  wslu-style-2 wslu-share-box-shaped wslu-fill-colored wslu-share-m-5 wslu-none wslu-share-vertical wslu-theme-font-no wslu-main_content\">\n\n\t\t\n        <ul>\n\t\t\t        <\/ul>\n    <\/div> \n<p>N\u00eb Gazimestan, rreth dhjet\u00eb kilometra larg Prishtina, serb\u00ebt nga Kosova, Serbia dhe vendet e rajonit, tradicionalisht festojn\u00eb Vidovdanin m\u00eb 28 qershor, n\u00eb kujtim t\u00eb betej\u00ebs kund\u00ebr ushtris\u00eb turke n\u00eb Kosov\u00eb n\u00eb vitin 1389. Vidovdani festohet edhe nga Kisha Ortodokse Serbe, e cila kryen edhe rit fetar, si shenj\u00eb p\u00ebrkujtimi p\u00ebr ushtar\u00ebt e vrar\u00eb n\u00eb at\u00eb q\u00eb njihet si Beteja e Kosov\u00ebs.<\/p>\n<p>Policia e Kosov\u00ebs, ashtu si n\u00eb vitet e kaluara, ka nj\u00eb plan operativ dhe siguron organizimin e serb\u00ebve n\u00eb Vidovdan, dhe u ka b\u00ebr\u00eb thirrje t\u00eb gjith\u00eb qytetar\u00ebve q\u00eb t\u00eb shmangin \u201c\u00e7do provokim t\u00eb mundsh\u00ebm, t\u2019i respektojn\u00eb ligjet dhe udh\u00ebzimet\u201d.<\/p>\n<p>\u201cPolicia e Kosov\u00ebs mbetet e p\u00ebrkushtuar p\u00ebr t\u2019i kryer detyrat dhe kompetencat e saj ligjore, p\u00ebr t\u00eb menaxhuar situat\u00ebn e siguris\u00eb dhe p\u00ebr t\u00eb zbatuar Kushtetut\u00ebn e Republik\u00ebs s\u00eb Kosov\u00ebs n\u00eb m\u00ebnyr\u00eb q\u00eb t\u00eb garantoj\u00eb nj\u00eb mjedis t\u00eb qet\u00eb dhe t\u00eb sigurt p\u00ebr t\u00eb gjith\u00eb qytetar\u00ebt pa dallim\u201d, thuhet n\u00eb deklarat\u00eb.<\/p>\n<p>N\u00eb vitet e kaluara, ka pasur edhe arrestime p\u00ebr, si\u00e7 raportohet, \u201cnxitje t\u00eb urrejtjes fetare dhe komb\u00ebtare\u201d. Kryeministri n\u00eb detyr\u00eb i Kosov\u00ebs, Albin Kurti, deklaroi n\u00eb prag t\u00eb Vidovdanit se, sipas vler\u00ebsimeve t\u00eb sh\u00ebrbimeve t\u00eb siguris\u00eb dhe inteligjenc\u00ebs, Serbia synon t\u00eb provokoj\u00eb incidente dhe se me k\u00ebt\u00eb rast grupe serb\u00ebsh nga Serbia, Mali i Zi dhe Bosnja e Hercegovina jan\u00eb organizuar p\u00ebr t\u00eb ardhur n\u00eb Kosov\u00eb.<\/p>\n<p>\u201cGrupe t\u00eb tilla tradicionalisht kan\u00eb qen\u00eb provokuese, duke mbajtur simbole nacionaliste serbe dhe ruse q\u00eb jan\u00eb n\u00eb kund\u00ebrshtim me Kushtetut\u00ebn e Kosov\u00ebs dhe jan\u00eb gjithashtu kund\u00ebr vlerave demokratike dhe evropiane\u201d, tha Kurti.<\/p>\n<p>Nga ana tjet\u00ebr, drejtori i Zyr\u00ebs p\u00ebr Kosov\u00ebn n\u00eb Qeverin\u00eb e Serbis\u00eb, Petar Petkovi\u00e7, vler\u00ebsoi se akuzat e Kurtit kund\u00ebr Serbis\u00eb jan\u00eb \u201ct\u00eb \u00e7mendura dhe t\u00eb pabaza\u201d, dhe deklaroi se kryeministri i Kosov\u00ebs n\u00eb fakt d\u00ebshiron t\u00eb \u201ckrijoj\u00eb nj\u00eb alibi p\u00ebr planet e tij represive q\u00eb d\u00ebshiron t\u00eb zbatoj\u00eb\u201d.<\/p>\n<p>N\u00eb fillim t\u00eb qershorit t\u00eb k\u00ebtij viti, Gjykata Themelore n\u00eb Prishtin\u00eb anuloi vendimin e vitit t\u00eb kaluar t\u00eb komun\u00ebs s\u00eb Gra\u00e7anic\u00ebs p\u00ebr lejimin e shfaqjes s\u00eb flamurit serb me rastin e Vidovdanit. Gjykata deklaroi se kjo komun\u00eb me shumic\u00eb serbe kishte tejkaluar autoritetin e saj dhe kishte vepruar n\u00eb kund\u00ebrshtim me ligjet e Kosov\u00ebs, pasi Vidovdani nuk \u00ebsht\u00eb fest\u00eb zyrtare.<\/p>\n<p>Ministri n\u00eb detyr\u00eb i Qeveris\u00eb s\u00eb Kosov\u00ebs, Nenad Rashiq, deklaroi se p\u00ebrdorimi i simboleve nga ana e komunitetit serb \u201cnuk p\u00ebrb\u00ebn k\u00ebrc\u00ebnim p\u00ebr identitetin e askujt, por p\u00ebrkundrazi nj\u00eb afirmim t\u00eb Kosov\u00ebs si nj\u00eb shoq\u00ebri demokratike e bazuar n\u00eb respektimin e t\u00eb drejtave t\u00eb njeriut dhe t\u00eb pakicave\u201d.<\/p>\n<p>Lista Serbe \u2013 partia m\u00eb e madhe e serb\u00ebve n\u00eb Kosov\u00eb \u2013 reagoi ndaj k\u00ebtij vendimi, duke vler\u00ebsuar se e nj\u00ebjta gj\u00eb duhet b\u00ebr\u00eb kur flamuri shqiptar t\u00eb shfaqet n\u00eb Kosov\u00eb. Gazimestani n\u00eb Kosov\u00eb njihet gjithashtu p\u00ebr fjalimin q\u00eb presidenti i at\u00ebhersh\u00ebm serb, Sllobodan Millosheviq, mbajti atje n\u00eb vitin 1989. Ky fjalim shpesh citohet si hyrje n\u00eb konfliktet e armatosura q\u00eb pasuan shp\u00ebrb\u00ebrjen e ish-Jugosllavis\u00eb.\/REL<br \/>\nSh\u00ebnim: Disa imazhe gjenden nga interneti, q\u00eb konsiderohen t\u00eb jen\u00eb n\u00eb domenin publik. N\u00ebse dikush pretendon pron\u00ebsin\u00eb, ne do t\u00eb citojm\u00eb autorin, ose, sipas k\u00ebrkes\u00ebs, do t\u00eb heqim menj\u00ebher\u00eb imazhin.<\/p>\n","protected":false},"excerpt":{"rendered":"<p>N\u00eb Gazimestan, rreth dhjet\u00eb kilometra larg Prishtina, serb\u00ebt nga Kosova, Serbia dhe vendet e rajonit, tradicionalisht festojn\u00eb Vidovdanin m\u00eb 28 qershor, n\u00eb kujtim t\u00eb betej\u00ebs kund\u00ebr ushtris\u00eb turke n\u00eb Kosov\u00eb n\u00eb vitin 1389. Vidovdani festohet edhe nga Kisha Ortodokse Serbe, e cila kryen edhe rit fetar, si shenj\u00eb p\u00ebrkujtimi p\u00ebr ushtar\u00ebt e vrar\u00eb n\u00eb at\u00eb [&hellip;]<\/p>\n","protected":false},"author":8,"featured_media":20541,"comment_status":"closed","ping_status":"closed","sticky":false,"template":"","format":"standard","meta":{"footnotes":""},"categories":[215,213],"tags":[],"class_list":["post-20540","post","type-post","status-publish","format-standard","has-post-thumbnail","hentry","category-kosove","category-lajme"],"yoast_head":"<!-- This site is optimized with the Yoast SEO plugin v25.1 - https:\/\/yoast.com\/wordpress\/plugins\/seo\/ -->\n<title>Serb\u00ebt festojn\u00eb Vidovdanin n\u00eb Gazimestan, reagon Kurti - press7.tv<\/title>\n<meta name=\"robots\" content=\"index, follow, max-snippet:-1, max-image-preview:large, max-video-preview:-1\" \/>\n<link rel=\"canonical\" href=\"https:\/\/www.press7.tv\/?p=20540\" \/>\n<meta property=\"og:locale\" content=\"en_US\" \/>\n<meta property=\"og:type\" content=\"article\" \/>\n<meta property=\"og:title\" content=\"Serb\u00ebt festojn\u00eb Vidovdanin n\u00eb Gazimestan, reagon Kurti - press7.tv\" \/>\n<meta property=\"og:description\" content=\"N\u00eb Gazimestan, rreth dhjet\u00eb kilometra larg Prishtina, serb\u00ebt nga Kosova, Serbia dhe vendet e rajonit, tradicionalisht festojn\u00eb Vidovdanin m\u00eb 28 qershor, n\u00eb kujtim t\u00eb betej\u00ebs kund\u00ebr ushtris\u00eb turke n\u00eb Kosov\u00eb n\u00eb vitin 1389. Vidovdani festohet edhe nga Kisha Ortodokse Serbe, e cila kryen edhe rit fetar, si shenj\u00eb p\u00ebrkujtimi p\u00ebr ushtar\u00ebt e vrar\u00eb n\u00eb at\u00eb [&hellip;]\" \/>\n<meta property=\"og:url\" content=\"https:\/\/www.press7.tv\/?p=20540\" \/>\n<meta property=\"og:site_name\" content=\"press7.tv\" \/>\n<meta property=\"article:publisher\" content=\"https:\/\/www.facebook.com\/press7.tv\" \/>\n<meta property=\"article:published_time\" content=\"2025-06-28T12:34:40+00:00\" \/>\n<meta property=\"og:image\" content=\"https:\/\/www.press7.tv\/wp-content\/uploads\/2025\/06\/IMG_5860.avif\" \/>\n\t<meta property=\"og:image:width\" content=\"640\" \/>\n\t<meta property=\"og:image:height\" content=\"336\" \/>\n\t<meta property=\"og:image:type\" content=\"image\/jpeg\" \/>\n<meta name=\"author\" content=\"gazetar2\" \/>\n<meta name=\"twitter:card\" content=\"summary_large_image\" \/>\n<meta name=\"twitter:label1\" content=\"Written by\" \/>\n\t<meta name=\"twitter:data1\" content=\"gazetar2\" \/>\n\t<meta name=\"twitter:label2\" content=\"Est. reading time\" \/>\n\t<meta name=\"twitter:data2\" content=\"1 minute\" \/>\n<script type=\"application\/ld+json\" class=\"yoast-schema-graph\">{\"@context\":\"https:\/\/schema.org\",\"@graph\":[{\"@type\":\"Article\",\"@id\":\"https:\/\/www.press7.tv\/?p=20540#article\",\"isPartOf\":{\"@id\":\"https:\/\/www.press7.tv\/?p=20540\"},\"author\":{\"name\":\"gazetar2\",\"@id\":\"https:\/\/www.news33.tv\/#\/schema\/person\/5a04a38a23ccdba82f9bd665cd8f9efa\"},\"headline\":\"Serb\u00ebt festojn\u00eb Vidovdanin n\u00eb Gazimestan, reagon Kurti\",\"datePublished\":\"2025-06-28T12:34:40+00:00\",\"mainEntityOfPage\":{\"@id\":\"https:\/\/www.press7.tv\/?p=20540\"},\"wordCount\":589,\"publisher\":{\"@id\":\"https:\/\/www.news33.tv\/#organization\"},\"image\":{\"@id\":\"https:\/\/www.press7.tv\/?p=20540#primaryimage\"},\"thumbnailUrl\":\"https:\/\/www.press7.tv\/wp-content\/uploads\/2025\/06\/IMG_5860.avif\",\"articleSection\":[\"Kosov\u00eb\",\"Lajme\"],\"inLanguage\":\"en-US\"},{\"@type\":\"WebPage\",\"@id\":\"https:\/\/www.press7.tv\/?p=20540\",\"url\":\"https:\/\/www.press7.tv\/?p=20540\",\"name\":\"Serb\u00ebt festojn\u00eb Vidovdanin n\u00eb Gazimestan, reagon Kurti - press7.tv\",\"isPartOf\":{\"@id\":\"https:\/\/www.news33.tv\/#website\"},\"primaryImageOfPage\":{\"@id\":\"https:\/\/www.press7.tv\/?p=20540#primaryimage\"},\"image\":{\"@id\":\"https:\/\/www.press7.tv\/?p=20540#primaryimage\"},\"thumbnailUrl\":\"https:\/\/www.press7.tv\/wp-content\/uploads\/2025\/06\/IMG_5860.avif\",\"datePublished\":\"2025-06-28T12:34:40+00:00\",\"breadcrumb\":{\"@id\":\"https:\/\/www.press7.tv\/?p=20540#breadcrumb\"},\"inLanguage\":\"en-US\",\"potentialAction\":[{\"@type\":\"ReadAction\",\"target\":[\"https:\/\/www.press7.tv\/?p=20540\"]}]},{\"@type\":\"ImageObject\",\"inLanguage\":\"en-US\",\"@id\":\"https:\/\/www.press7.tv\/?p=20540#primaryimage\",\"url\":\"https:\/\/www.press7.tv\/wp-content\/uploads\/2025\/06\/IMG_5860.avif\",\"contentUrl\":\"https:\/\/www.press7.tv\/wp-content\/uploads\/2025\/06\/IMG_5860.avif\",\"width\":640,\"height\":336},{\"@type\":\"BreadcrumbList\",\"@id\":\"https:\/\/www.press7.tv\/?p=20540#breadcrumb\",\"itemListElement\":[{\"@type\":\"ListItem\",\"position\":1,\"name\":\"Home\",\"item\":\"https:\/\/www.press7.tv\/\"},{\"@type\":\"ListItem\",\"position\":2,\"name\":\"Serb\u00ebt festojn\u00eb Vidovdanin n\u00eb Gazimestan, reagon Kurti\"}]},{\"@type\":\"WebSite\",\"@id\":\"https:\/\/www.news33.tv\/#website\",\"url\":\"https:\/\/www.news33.tv\/\",\"name\":\"News33.tv Media\",\"description\":\"Media\",\"publisher\":{\"@id\":\"https:\/\/www.news33.tv\/#organization\"},\"potentialAction\":[{\"@type\":\"SearchAction\",\"target\":{\"@type\":\"EntryPoint\",\"urlTemplate\":\"https:\/\/www.news33.tv\/?s={search_term_string}\"},\"query-input\":{\"@type\":\"PropertyValueSpecification\",\"valueRequired\":true,\"valueName\":\"search_term_string\"}}],\"inLanguage\":\"en-US\"},{\"@type\":\"Organization\",\"@id\":\"https:\/\/www.news33.tv\/#organization\",\"name\":\"News33.tv Media\",\"url\":\"https:\/\/www.news33.tv\/\",\"logo\":{\"@type\":\"ImageObject\",\"inLanguage\":\"en-US\",\"@id\":\"https:\/\/www.news33.tv\/#\/schema\/logo\/image\/\",\"url\":\"https:\/\/www.press7.tv\/wp-content\/uploads\/2024\/02\/logo-news33-black.png\",\"contentUrl\":\"https:\/\/www.press7.tv\/wp-content\/uploads\/2024\/02\/logo-news33-black.png\",\"width\":180,\"height\":37,\"caption\":\"News33.tv Media\"},\"image\":{\"@id\":\"https:\/\/www.news33.tv\/#\/schema\/logo\/image\/\"},\"sameAs\":[\"https:\/\/www.facebook.com\/press7.tv\"]},{\"@type\":\"Person\",\"@id\":\"https:\/\/www.news33.tv\/#\/schema\/person\/5a04a38a23ccdba82f9bd665cd8f9efa\",\"name\":\"gazetar2\",\"image\":{\"@type\":\"ImageObject\",\"inLanguage\":\"en-US\",\"@id\":\"https:\/\/www.news33.tv\/#\/schema\/person\/image\/\",\"url\":\"https:\/\/www.press7.tv\/wp-content\/litespeed\/avatar\/41975e402c3049d9ddb03adca8f7a883.jpg?ver=1777169572\",\"contentUrl\":\"https:\/\/www.press7.tv\/wp-content\/litespeed\/avatar\/41975e402c3049d9ddb03adca8f7a883.jpg?ver=1777169572\",\"caption\":\"gazetar2\"},\"url\":\"https:\/\/www.press7.tv\/?author=8\"}]}<\/script>\n<!-- \/ Yoast SEO plugin. -->","yoast_head_json":{"title":"Serb\u00ebt festojn\u00eb Vidovdanin n\u00eb Gazimestan, reagon Kurti - press7.tv","robots":{"index":"index","follow":"follow","max-snippet":"max-snippet:-1","max-image-preview":"max-image-preview:large","max-video-preview":"max-video-preview:-1"},"canonical":"https:\/\/www.press7.tv\/?p=20540","og_locale":"en_US","og_type":"article","og_title":"Serb\u00ebt festojn\u00eb Vidovdanin n\u00eb Gazimestan, reagon Kurti - press7.tv","og_description":"N\u00eb Gazimestan, rreth dhjet\u00eb kilometra larg Prishtina, serb\u00ebt nga Kosova, Serbia dhe vendet e rajonit, tradicionalisht festojn\u00eb Vidovdanin m\u00eb 28 qershor, n\u00eb kujtim t\u00eb betej\u00ebs kund\u00ebr ushtris\u00eb turke n\u00eb Kosov\u00eb n\u00eb vitin 1389. Vidovdani festohet edhe nga Kisha Ortodokse Serbe, e cila kryen edhe rit fetar, si shenj\u00eb p\u00ebrkujtimi p\u00ebr ushtar\u00ebt e vrar\u00eb n\u00eb at\u00eb [&hellip;]","og_url":"https:\/\/www.press7.tv\/?p=20540","og_site_name":"press7.tv","article_publisher":"https:\/\/www.facebook.com\/press7.tv","article_published_time":"2025-06-28T12:34:40+00:00","og_image":[{"width":640,"height":336,"url":"https:\/\/www.press7.tv\/wp-content\/uploads\/2025\/06\/IMG_5860.avif","type":"image\/jpeg"}],"author":"gazetar2","twitter_card":"summary_large_image","twitter_misc":{"Written by":"gazetar2","Est. reading time":"1 minute"},"schema":{"@context":"https:\/\/schema.org","@graph":[{"@type":"Article","@id":"https:\/\/www.press7.tv\/?p=20540#article","isPartOf":{"@id":"https:\/\/www.press7.tv\/?p=20540"},"author":{"name":"gazetar2","@id":"https:\/\/www.news33.tv\/#\/schema\/person\/5a04a38a23ccdba82f9bd665cd8f9efa"},"headline":"Serb\u00ebt festojn\u00eb Vidovdanin n\u00eb Gazimestan, reagon Kurti","datePublished":"2025-06-28T12:34:40+00:00","mainEntityOfPage":{"@id":"https:\/\/www.press7.tv\/?p=20540"},"wordCount":589,"publisher":{"@id":"https:\/\/www.news33.tv\/#organization"},"image":{"@id":"https:\/\/www.press7.tv\/?p=20540#primaryimage"},"thumbnailUrl":"https:\/\/www.press7.tv\/wp-content\/uploads\/2025\/06\/IMG_5860.avif","articleSection":["Kosov\u00eb","Lajme"],"inLanguage":"en-US"},{"@type":"WebPage","@id":"https:\/\/www.press7.tv\/?p=20540","url":"https:\/\/www.press7.tv\/?p=20540","name":"Serb\u00ebt festojn\u00eb Vidovdanin n\u00eb Gazimestan, reagon Kurti - press7.tv","isPartOf":{"@id":"https:\/\/www.news33.tv\/#website"},"primaryImageOfPage":{"@id":"https:\/\/www.press7.tv\/?p=20540#primaryimage"},"image":{"@id":"https:\/\/www.press7.tv\/?p=20540#primaryimage"},"thumbnailUrl":"https:\/\/www.press7.tv\/wp-content\/uploads\/2025\/06\/IMG_5860.avif","datePublished":"2025-06-28T12:34:40+00:00","breadcrumb":{"@id":"https:\/\/www.press7.tv\/?p=20540#breadcrumb"},"inLanguage":"en-US","potentialAction":[{"@type":"ReadAction","target":["https:\/\/www.press7.tv\/?p=20540"]}]},{"@type":"ImageObject","inLanguage":"en-US","@id":"https:\/\/www.press7.tv\/?p=20540#primaryimage","url":"https:\/\/www.press7.tv\/wp-content\/uploads\/2025\/06\/IMG_5860.avif","contentUrl":"https:\/\/www.press7.tv\/wp-content\/uploads\/2025\/06\/IMG_5860.avif","width":640,"height":336},{"@type":"BreadcrumbList","@id":"https:\/\/www.press7.tv\/?p=20540#breadcrumb","itemListElement":[{"@type":"ListItem","position":1,"name":"Home","item":"https:\/\/www.press7.tv\/"},{"@type":"ListItem","position":2,"name":"Serb\u00ebt festojn\u00eb Vidovdanin n\u00eb Gazimestan, reagon Kurti"}]},{"@type":"WebSite","@id":"https:\/\/www.news33.tv\/#website","url":"https:\/\/www.news33.tv\/","name":"News33.tv Media","description":"Media","publisher":{"@id":"https:\/\/www.news33.tv\/#organization"},"potentialAction":[{"@type":"SearchAction","target":{"@type":"EntryPoint","urlTemplate":"https:\/\/www.news33.tv\/?s={search_term_string}"},"query-input":{"@type":"PropertyValueSpecification","valueRequired":true,"valueName":"search_term_string"}}],"inLanguage":"en-US"},{"@type":"Organization","@id":"https:\/\/www.news33.tv\/#organization","name":"News33.tv Media","url":"https:\/\/www.news33.tv\/","logo":{"@type":"ImageObject","inLanguage":"en-US","@id":"https:\/\/www.news33.tv\/#\/schema\/logo\/image\/","url":"https:\/\/www.press7.tv\/wp-content\/uploads\/2024\/02\/logo-news33-black.png","contentUrl":"https:\/\/www.press7.tv\/wp-content\/uploads\/2024\/02\/logo-news33-black.png","width":180,"height":37,"caption":"News33.tv Media"},"image":{"@id":"https:\/\/www.news33.tv\/#\/schema\/logo\/image\/"},"sameAs":["https:\/\/www.facebook.com\/press7.tv"]},{"@type":"Person","@id":"https:\/\/www.news33.tv\/#\/schema\/person\/5a04a38a23ccdba82f9bd665cd8f9efa","name":"gazetar2","image":{"@type":"ImageObject","inLanguage":"en-US","@id":"https:\/\/www.news33.tv\/#\/schema\/person\/image\/","url":"https:\/\/www.press7.tv\/wp-content\/litespeed\/avatar\/41975e402c3049d9ddb03adca8f7a883.jpg?ver=1777169572","contentUrl":"https:\/\/www.press7.tv\/wp-content\/litespeed\/avatar\/41975e402c3049d9ddb03adca8f7a883.jpg?ver=1777169572","caption":"gazetar2"},"url":"https:\/\/www.press7.tv\/?author=8"}]}},"amp_enabled":true,"_links":{"self":[{"href":"https:\/\/www.press7.tv\/index.php?rest_route=\/wp\/v2\/posts\/20540","targetHints":{"allow":["GET"]}}],"collection":[{"href":"https:\/\/www.press7.tv\/index.php?rest_route=\/wp\/v2\/posts"}],"about":[{"href":"https:\/\/www.press7.tv\/index.php?rest_route=\/wp\/v2\/types\/post"}],"author":[{"embeddable":true,"href":"https:\/\/www.press7.tv\/index.php?rest_route=\/wp\/v2\/users\/8"}],"replies":[{"embeddable":true,"href":"https:\/\/www.press7.tv\/index.php?rest_route=%2Fwp%2Fv2%2Fcomments&post=20540"}],"version-history":[{"count":1,"href":"https:\/\/www.press7.tv\/index.php?rest_route=\/wp\/v2\/posts\/20540\/revisions"}],"predecessor-version":[{"id":20542,"href":"https:\/\/www.press7.tv\/index.php?rest_route=\/wp\/v2\/posts\/20540\/revisions\/20542"}],"wp:featuredmedia":[{"embeddable":true,"href":"https:\/\/www.press7.tv\/index.php?rest_route=\/wp\/v2\/media\/20541"}],"wp:attachment":[{"href":"https:\/\/www.press7.tv\/index.php?rest_route=%2Fwp%2Fv2%2Fmedia&parent=20540"}],"wp:term":[{"taxonomy":"category","embeddable":true,"href":"https:\/\/www.press7.tv\/index.php?rest_route=%2Fwp%2Fv2%2Fcategories&post=20540"},{"taxonomy":"post_tag","embeddable":true,"href":"https:\/\/www.press7.tv\/index.php?rest_route=%2Fwp%2Fv2%2Ftags&post=20540"}],"curies":[{"name":"wp","href":"https:\/\/api.w.org\/{rel}","templated":true}]}}