{"id":20536,"date":"2025-06-27T21:23:20","date_gmt":"2025-06-27T21:23:20","guid":{"rendered":"https:\/\/www.press7.tv\/?p=20536"},"modified":"2025-06-27T21:23:20","modified_gmt":"2025-06-27T21:23:20","slug":"shkupi-sot-ka-qene-qyteti-i-dyte-me-i-nxehte-ne-evrope-foto","status":"publish","type":"post","link":"https:\/\/www.press7.tv\/?p=20536","title":{"rendered":"Shkupi sot ka qen\u00eb qyteti i dyt\u00eb m\u00eb i nxeht\u00eb n\u00eb Evrop\u00eb \/FOTO"},"content":{"rendered":"\n    <div class=\"xs_social_share_widget xs_share_url before_content \t\tmain_content  wslu-style-2 wslu-share-box-shaped wslu-fill-colored wslu-share-m-5 wslu-none wslu-share-vertical wslu-theme-font-no wslu-main_content\">\n\n\t\t\n        <ul>\n\t\t\t        <\/ul>\n    <\/div> \n<p>Qyteti m\u00eb i nxeht\u00eb n\u00eb Evrop\u00eb, gjat\u00eb periudh\u00ebs prej or\u00ebs 14:00 deri n\u00eb ora 15:00 ka qen\u00eb Ajdin n\u00eb Turqi me 42.6 grad\u00eb Celsius, ka njoftuar ueb faqja Ogimet, e cila grumbullon dhe p\u00ebrpunon informacione meteorologjike nga gjith\u00eb bota.<\/p>\n<p>N\u00eb vendin e dyt\u00eb ndodhet Shkupi i Maqedonis\u00eb s\u00eb Veriut, bashk\u00eb me Fethie n\u00eb Turqi. Sot n\u00eb at\u00eb periudh\u00eb t\u00eb dit\u00ebs, n\u00eb k\u00ebto dy shtete \u00ebsht\u00eb matur temperatura prej 41.7 grad\u00eb Celsius.<\/p>\n<p>Edhe n\u00eb disa qytete t\u00eb tjera t\u00eb Turqis\u00eb jan\u00eb matur temperatura t\u00eb lata. N\u00eb Urfa \u00ebsht\u00eb regjistruar 41.5 grad\u00eb Celsius, n\u00eb Antali \u00ebsht\u00eb regjistruar 41.3 grad\u00eb Celsius, n\u00eb Dikiliki \u00ebsht\u00eb regjistruar 41.2 grad\u00eb Celsius, n\u00eb Izmir \u00ebsht\u00eb regjistruar 41.2 grad\u00eb Celsius dhe n\u00eb Manisa \u00ebsht\u00eb regjistruar 41.2 grad\u00eb Celsius, p\u00ebrcjell TV21.<\/p>\n<p>Qyteti tjet\u00ebr ku jan\u00eb matur temperatura ekstreme ka qen\u00eb Seres n\u00eb Greqi me 41.5 grad\u00eb Celsius.<\/p>\n<p>Edhe pse jan\u00eb matur temperatura ekstreme, pasditja Shkupin e ka gjetur me reshje t\u00eb rr\u00ebmbyeshme dhe er\u00ebra t\u00eb forta.<\/p>\n<p><img data-dominant-color=\"e1d2dc\" data-has-transparency=\"false\" style=\"--dominant-color: #e1d2dc;\" fetchpriority=\"high\" decoding=\"async\" src=\"https:\/\/www.press7.tv\/wp-content\/uploads\/2025\/06\/IMG_5857-274x300.avif\" alt=\"\" width=\"274\" height=\"300\" class=\"alignnone size-medium wp-image-20538 not-transparent\" srcset=\"https:\/\/www.press7.tv\/wp-content\/uploads\/2025\/06\/IMG_5857-274x300.avif 274w, https:\/\/www.press7.tv\/wp-content\/uploads\/2025\/06\/IMG_5857.avif 427w\" sizes=\"(max-width: 274px) 100vw, 274px\" \/><\/p>\n","protected":false},"excerpt":{"rendered":"<p>Qyteti m\u00eb i nxeht\u00eb n\u00eb Evrop\u00eb, gjat\u00eb periudh\u00ebs prej or\u00ebs 14:00 deri n\u00eb ora 15:00 ka qen\u00eb Ajdin n\u00eb Turqi me 42.6 grad\u00eb Celsius, ka njoftuar ueb faqja Ogimet, e cila grumbullon dhe p\u00ebrpunon informacione meteorologjike nga gjith\u00eb bota. N\u00eb vendin e dyt\u00eb ndodhet Shkupi i Maqedonis\u00eb s\u00eb Veriut, bashk\u00eb me Fethie n\u00eb Turqi. Sot [&hellip;]<\/p>\n","protected":false},"author":8,"featured_media":20537,"comment_status":"closed","ping_status":"closed","sticky":false,"template":"","format":"standard","meta":{"footnotes":""},"categories":[213,214],"tags":[],"class_list":["post-20536","post","type-post","status-publish","format-standard","has-post-thumbnail","hentry","category-lajme","category-maqedoni"],"yoast_head":"<!-- This site is optimized with the Yoast SEO plugin v25.1 - https:\/\/yoast.com\/wordpress\/plugins\/seo\/ -->\n<title>Shkupi sot ka qen\u00eb qyteti i dyt\u00eb m\u00eb i nxeht\u00eb n\u00eb Evrop\u00eb \/FOTO - press7.tv<\/title>\n<meta name=\"robots\" content=\"index, follow, max-snippet:-1, max-image-preview:large, max-video-preview:-1\" \/>\n<link rel=\"canonical\" href=\"https:\/\/www.press7.tv\/?p=20536\" \/>\n<meta property=\"og:locale\" content=\"en_US\" \/>\n<meta property=\"og:type\" content=\"article\" \/>\n<meta property=\"og:title\" content=\"Shkupi sot ka qen\u00eb qyteti i dyt\u00eb m\u00eb i nxeht\u00eb n\u00eb Evrop\u00eb \/FOTO - press7.tv\" \/>\n<meta property=\"og:description\" content=\"Qyteti m\u00eb i nxeht\u00eb n\u00eb Evrop\u00eb, gjat\u00eb periudh\u00ebs prej or\u00ebs 14:00 deri n\u00eb ora 15:00 ka qen\u00eb Ajdin n\u00eb Turqi me 42.6 grad\u00eb Celsius, ka njoftuar ueb faqja Ogimet, e cila grumbullon dhe p\u00ebrpunon informacione meteorologjike nga gjith\u00eb bota. N\u00eb vendin e dyt\u00eb ndodhet Shkupi i Maqedonis\u00eb s\u00eb Veriut, bashk\u00eb me Fethie n\u00eb Turqi. Sot [&hellip;]\" \/>\n<meta property=\"og:url\" content=\"https:\/\/www.press7.tv\/?p=20536\" \/>\n<meta property=\"og:site_name\" content=\"press7.tv\" \/>\n<meta property=\"article:publisher\" content=\"https:\/\/www.facebook.com\/press7.tv\" \/>\n<meta property=\"article:published_time\" content=\"2025-06-27T21:23:20+00:00\" \/>\n<meta property=\"og:image\" content=\"https:\/\/www.press7.tv\/wp-content\/uploads\/2025\/06\/IMG_5856.avif\" \/>\n\t<meta property=\"og:image:width\" content=\"1242\" \/>\n\t<meta property=\"og:image:height\" content=\"740\" \/>\n\t<meta property=\"og:image:type\" content=\"image\/jpeg\" \/>\n<meta name=\"author\" content=\"gazetar2\" \/>\n<meta name=\"twitter:card\" content=\"summary_large_image\" \/>\n<meta name=\"twitter:label1\" content=\"Written by\" \/>\n\t<meta name=\"twitter:data1\" content=\"gazetar2\" \/>\n\t<meta name=\"twitter:label2\" content=\"Est. reading time\" \/>\n\t<meta name=\"twitter:data2\" content=\"1 minute\" \/>\n<script type=\"application\/ld+json\" class=\"yoast-schema-graph\">{\"@context\":\"https:\/\/schema.org\",\"@graph\":[{\"@type\":\"Article\",\"@id\":\"https:\/\/www.press7.tv\/?p=20536#article\",\"isPartOf\":{\"@id\":\"https:\/\/www.press7.tv\/?p=20536\"},\"author\":{\"name\":\"gazetar2\",\"@id\":\"https:\/\/www.news33.tv\/#\/schema\/person\/5a04a38a23ccdba82f9bd665cd8f9efa\"},\"headline\":\"Shkupi sot ka qen\u00eb qyteti i dyt\u00eb m\u00eb i nxeht\u00eb n\u00eb Evrop\u00eb \/FOTO\",\"datePublished\":\"2025-06-27T21:23:20+00:00\",\"mainEntityOfPage\":{\"@id\":\"https:\/\/www.press7.tv\/?p=20536\"},\"wordCount\":169,\"publisher\":{\"@id\":\"https:\/\/www.news33.tv\/#organization\"},\"image\":{\"@id\":\"https:\/\/www.press7.tv\/?p=20536#primaryimage\"},\"thumbnailUrl\":\"https:\/\/www.press7.tv\/wp-content\/uploads\/2025\/06\/IMG_5856.avif\",\"articleSection\":[\"Lajme\",\"Maqedoni\"],\"inLanguage\":\"en-US\"},{\"@type\":\"WebPage\",\"@id\":\"https:\/\/www.press7.tv\/?p=20536\",\"url\":\"https:\/\/www.press7.tv\/?p=20536\",\"name\":\"Shkupi sot ka qen\u00eb qyteti i dyt\u00eb m\u00eb i nxeht\u00eb n\u00eb Evrop\u00eb \/FOTO - press7.tv\",\"isPartOf\":{\"@id\":\"https:\/\/www.news33.tv\/#website\"},\"primaryImageOfPage\":{\"@id\":\"https:\/\/www.press7.tv\/?p=20536#primaryimage\"},\"image\":{\"@id\":\"https:\/\/www.press7.tv\/?p=20536#primaryimage\"},\"thumbnailUrl\":\"https:\/\/www.press7.tv\/wp-content\/uploads\/2025\/06\/IMG_5856.avif\",\"datePublished\":\"2025-06-27T21:23:20+00:00\",\"breadcrumb\":{\"@id\":\"https:\/\/www.press7.tv\/?p=20536#breadcrumb\"},\"inLanguage\":\"en-US\",\"potentialAction\":[{\"@type\":\"ReadAction\",\"target\":[\"https:\/\/www.press7.tv\/?p=20536\"]}]},{\"@type\":\"ImageObject\",\"inLanguage\":\"en-US\",\"@id\":\"https:\/\/www.press7.tv\/?p=20536#primaryimage\",\"url\":\"https:\/\/www.press7.tv\/wp-content\/uploads\/2025\/06\/IMG_5856.avif\",\"contentUrl\":\"https:\/\/www.press7.tv\/wp-content\/uploads\/2025\/06\/IMG_5856.avif\",\"width\":1242,\"height\":740,\"caption\":\"Screenshot\"},{\"@type\":\"BreadcrumbList\",\"@id\":\"https:\/\/www.press7.tv\/?p=20536#breadcrumb\",\"itemListElement\":[{\"@type\":\"ListItem\",\"position\":1,\"name\":\"Home\",\"item\":\"https:\/\/www.press7.tv\/\"},{\"@type\":\"ListItem\",\"position\":2,\"name\":\"Shkupi sot ka qen\u00eb qyteti i dyt\u00eb m\u00eb i nxeht\u00eb n\u00eb Evrop\u00eb \/FOTO\"}]},{\"@type\":\"WebSite\",\"@id\":\"https:\/\/www.news33.tv\/#website\",\"url\":\"https:\/\/www.news33.tv\/\",\"name\":\"News33.tv Media\",\"description\":\"Media\",\"publisher\":{\"@id\":\"https:\/\/www.news33.tv\/#organization\"},\"potentialAction\":[{\"@type\":\"SearchAction\",\"target\":{\"@type\":\"EntryPoint\",\"urlTemplate\":\"https:\/\/www.news33.tv\/?s={search_term_string}\"},\"query-input\":{\"@type\":\"PropertyValueSpecification\",\"valueRequired\":true,\"valueName\":\"search_term_string\"}}],\"inLanguage\":\"en-US\"},{\"@type\":\"Organization\",\"@id\":\"https:\/\/www.news33.tv\/#organization\",\"name\":\"News33.tv Media\",\"url\":\"https:\/\/www.news33.tv\/\",\"logo\":{\"@type\":\"ImageObject\",\"inLanguage\":\"en-US\",\"@id\":\"https:\/\/www.news33.tv\/#\/schema\/logo\/image\/\",\"url\":\"https:\/\/www.press7.tv\/wp-content\/uploads\/2024\/02\/logo-news33-black.png\",\"contentUrl\":\"https:\/\/www.press7.tv\/wp-content\/uploads\/2024\/02\/logo-news33-black.png\",\"width\":180,\"height\":37,\"caption\":\"News33.tv Media\"},\"image\":{\"@id\":\"https:\/\/www.news33.tv\/#\/schema\/logo\/image\/\"},\"sameAs\":[\"https:\/\/www.facebook.com\/press7.tv\"]},{\"@type\":\"Person\",\"@id\":\"https:\/\/www.news33.tv\/#\/schema\/person\/5a04a38a23ccdba82f9bd665cd8f9efa\",\"name\":\"gazetar2\",\"image\":{\"@type\":\"ImageObject\",\"inLanguage\":\"en-US\",\"@id\":\"https:\/\/www.news33.tv\/#\/schema\/person\/image\/\",\"url\":\"https:\/\/www.press7.tv\/wp-content\/litespeed\/avatar\/41975e402c3049d9ddb03adca8f7a883.jpg?ver=1777169572\",\"contentUrl\":\"https:\/\/www.press7.tv\/wp-content\/litespeed\/avatar\/41975e402c3049d9ddb03adca8f7a883.jpg?ver=1777169572\",\"caption\":\"gazetar2\"},\"url\":\"https:\/\/www.press7.tv\/?author=8\"}]}<\/script>\n<!-- \/ Yoast SEO plugin. -->","yoast_head_json":{"title":"Shkupi sot ka qen\u00eb qyteti i dyt\u00eb m\u00eb i nxeht\u00eb n\u00eb Evrop\u00eb \/FOTO - press7.tv","robots":{"index":"index","follow":"follow","max-snippet":"max-snippet:-1","max-image-preview":"max-image-preview:large","max-video-preview":"max-video-preview:-1"},"canonical":"https:\/\/www.press7.tv\/?p=20536","og_locale":"en_US","og_type":"article","og_title":"Shkupi sot ka qen\u00eb qyteti i dyt\u00eb m\u00eb i nxeht\u00eb n\u00eb Evrop\u00eb \/FOTO - press7.tv","og_description":"Qyteti m\u00eb i nxeht\u00eb n\u00eb Evrop\u00eb, gjat\u00eb periudh\u00ebs prej or\u00ebs 14:00 deri n\u00eb ora 15:00 ka qen\u00eb Ajdin n\u00eb Turqi me 42.6 grad\u00eb Celsius, ka njoftuar ueb faqja Ogimet, e cila grumbullon dhe p\u00ebrpunon informacione meteorologjike nga gjith\u00eb bota. N\u00eb vendin e dyt\u00eb ndodhet Shkupi i Maqedonis\u00eb s\u00eb Veriut, bashk\u00eb me Fethie n\u00eb Turqi. Sot [&hellip;]","og_url":"https:\/\/www.press7.tv\/?p=20536","og_site_name":"press7.tv","article_publisher":"https:\/\/www.facebook.com\/press7.tv","article_published_time":"2025-06-27T21:23:20+00:00","og_image":[{"width":1242,"height":740,"url":"https:\/\/www.press7.tv\/wp-content\/uploads\/2025\/06\/IMG_5856.avif","type":"image\/jpeg"}],"author":"gazetar2","twitter_card":"summary_large_image","twitter_misc":{"Written by":"gazetar2","Est. reading time":"1 minute"},"schema":{"@context":"https:\/\/schema.org","@graph":[{"@type":"Article","@id":"https:\/\/www.press7.tv\/?p=20536#article","isPartOf":{"@id":"https:\/\/www.press7.tv\/?p=20536"},"author":{"name":"gazetar2","@id":"https:\/\/www.news33.tv\/#\/schema\/person\/5a04a38a23ccdba82f9bd665cd8f9efa"},"headline":"Shkupi sot ka qen\u00eb qyteti i dyt\u00eb m\u00eb i nxeht\u00eb n\u00eb Evrop\u00eb \/FOTO","datePublished":"2025-06-27T21:23:20+00:00","mainEntityOfPage":{"@id":"https:\/\/www.press7.tv\/?p=20536"},"wordCount":169,"publisher":{"@id":"https:\/\/www.news33.tv\/#organization"},"image":{"@id":"https:\/\/www.press7.tv\/?p=20536#primaryimage"},"thumbnailUrl":"https:\/\/www.press7.tv\/wp-content\/uploads\/2025\/06\/IMG_5856.avif","articleSection":["Lajme","Maqedoni"],"inLanguage":"en-US"},{"@type":"WebPage","@id":"https:\/\/www.press7.tv\/?p=20536","url":"https:\/\/www.press7.tv\/?p=20536","name":"Shkupi sot ka qen\u00eb qyteti i dyt\u00eb m\u00eb i nxeht\u00eb n\u00eb Evrop\u00eb \/FOTO - press7.tv","isPartOf":{"@id":"https:\/\/www.news33.tv\/#website"},"primaryImageOfPage":{"@id":"https:\/\/www.press7.tv\/?p=20536#primaryimage"},"image":{"@id":"https:\/\/www.press7.tv\/?p=20536#primaryimage"},"thumbnailUrl":"https:\/\/www.press7.tv\/wp-content\/uploads\/2025\/06\/IMG_5856.avif","datePublished":"2025-06-27T21:23:20+00:00","breadcrumb":{"@id":"https:\/\/www.press7.tv\/?p=20536#breadcrumb"},"inLanguage":"en-US","potentialAction":[{"@type":"ReadAction","target":["https:\/\/www.press7.tv\/?p=20536"]}]},{"@type":"ImageObject","inLanguage":"en-US","@id":"https:\/\/www.press7.tv\/?p=20536#primaryimage","url":"https:\/\/www.press7.tv\/wp-content\/uploads\/2025\/06\/IMG_5856.avif","contentUrl":"https:\/\/www.press7.tv\/wp-content\/uploads\/2025\/06\/IMG_5856.avif","width":1242,"height":740,"caption":"Screenshot"},{"@type":"BreadcrumbList","@id":"https:\/\/www.press7.tv\/?p=20536#breadcrumb","itemListElement":[{"@type":"ListItem","position":1,"name":"Home","item":"https:\/\/www.press7.tv\/"},{"@type":"ListItem","position":2,"name":"Shkupi sot ka qen\u00eb qyteti i dyt\u00eb m\u00eb i nxeht\u00eb n\u00eb Evrop\u00eb \/FOTO"}]},{"@type":"WebSite","@id":"https:\/\/www.news33.tv\/#website","url":"https:\/\/www.news33.tv\/","name":"News33.tv Media","description":"Media","publisher":{"@id":"https:\/\/www.news33.tv\/#organization"},"potentialAction":[{"@type":"SearchAction","target":{"@type":"EntryPoint","urlTemplate":"https:\/\/www.news33.tv\/?s={search_term_string}"},"query-input":{"@type":"PropertyValueSpecification","valueRequired":true,"valueName":"search_term_string"}}],"inLanguage":"en-US"},{"@type":"Organization","@id":"https:\/\/www.news33.tv\/#organization","name":"News33.tv Media","url":"https:\/\/www.news33.tv\/","logo":{"@type":"ImageObject","inLanguage":"en-US","@id":"https:\/\/www.news33.tv\/#\/schema\/logo\/image\/","url":"https:\/\/www.press7.tv\/wp-content\/uploads\/2024\/02\/logo-news33-black.png","contentUrl":"https:\/\/www.press7.tv\/wp-content\/uploads\/2024\/02\/logo-news33-black.png","width":180,"height":37,"caption":"News33.tv Media"},"image":{"@id":"https:\/\/www.news33.tv\/#\/schema\/logo\/image\/"},"sameAs":["https:\/\/www.facebook.com\/press7.tv"]},{"@type":"Person","@id":"https:\/\/www.news33.tv\/#\/schema\/person\/5a04a38a23ccdba82f9bd665cd8f9efa","name":"gazetar2","image":{"@type":"ImageObject","inLanguage":"en-US","@id":"https:\/\/www.news33.tv\/#\/schema\/person\/image\/","url":"https:\/\/www.press7.tv\/wp-content\/litespeed\/avatar\/41975e402c3049d9ddb03adca8f7a883.jpg?ver=1777169572","contentUrl":"https:\/\/www.press7.tv\/wp-content\/litespeed\/avatar\/41975e402c3049d9ddb03adca8f7a883.jpg?ver=1777169572","caption":"gazetar2"},"url":"https:\/\/www.press7.tv\/?author=8"}]}},"amp_enabled":true,"_links":{"self":[{"href":"https:\/\/www.press7.tv\/index.php?rest_route=\/wp\/v2\/posts\/20536","targetHints":{"allow":["GET"]}}],"collection":[{"href":"https:\/\/www.press7.tv\/index.php?rest_route=\/wp\/v2\/posts"}],"about":[{"href":"https:\/\/www.press7.tv\/index.php?rest_route=\/wp\/v2\/types\/post"}],"author":[{"embeddable":true,"href":"https:\/\/www.press7.tv\/index.php?rest_route=\/wp\/v2\/users\/8"}],"replies":[{"embeddable":true,"href":"https:\/\/www.press7.tv\/index.php?rest_route=%2Fwp%2Fv2%2Fcomments&post=20536"}],"version-history":[{"count":1,"href":"https:\/\/www.press7.tv\/index.php?rest_route=\/wp\/v2\/posts\/20536\/revisions"}],"predecessor-version":[{"id":20539,"href":"https:\/\/www.press7.tv\/index.php?rest_route=\/wp\/v2\/posts\/20536\/revisions\/20539"}],"wp:featuredmedia":[{"embeddable":true,"href":"https:\/\/www.press7.tv\/index.php?rest_route=\/wp\/v2\/media\/20537"}],"wp:attachment":[{"href":"https:\/\/www.press7.tv\/index.php?rest_route=%2Fwp%2Fv2%2Fmedia&parent=20536"}],"wp:term":[{"taxonomy":"category","embeddable":true,"href":"https:\/\/www.press7.tv\/index.php?rest_route=%2Fwp%2Fv2%2Fcategories&post=20536"},{"taxonomy":"post_tag","embeddable":true,"href":"https:\/\/www.press7.tv\/index.php?rest_route=%2Fwp%2Fv2%2Ftags&post=20536"}],"curies":[{"name":"wp","href":"https:\/\/api.w.org\/{rel}","templated":true}]}}