{"id":20533,"date":"2025-06-27T20:09:33","date_gmt":"2025-06-27T20:09:33","guid":{"rendered":"https:\/\/www.press7.tv\/?p=20533"},"modified":"2025-06-27T20:09:33","modified_gmt":"2025-06-27T20:09:33","slug":"a-e-dini-se-pse-aeroplanet-fluturojne-ne-nje-lartesi-prej-11-mije-metrash","status":"publish","type":"post","link":"https:\/\/www.press7.tv\/?p=20533","title":{"rendered":"A e dini se pse aeroplan\u00ebt fluturojn\u00eb n\u00eb nj\u00eb lart\u00ebsi prej 11 mij\u00eb metrash?"},"content":{"rendered":"\n    <div class=\"xs_social_share_widget xs_share_url before_content \t\tmain_content  wslu-style-2 wslu-share-box-shaped wslu-fill-colored wslu-share-m-5 wslu-none wslu-share-vertical wslu-theme-font-no wslu-main_content\">\n\n\t\t\n        <ul>\n\t\t\t        <\/ul>\n    <\/div> \n<p>\u00cbsht\u00eb nj\u00eb situat\u00eb e zakonshme q\u00eb pasagjer\u00ebt t\u00eb d\u00ebgjojn\u00eb pilotin t\u00eb thot\u00eb: \u201cZonja dhe zot\u00ebrinj, ne jemi tani n\u00eb lart\u00ebsin\u00eb ton\u00eb t\u00eb fluturimit prej 11 mij\u00eb metrash\u201d gjat\u00eb fluturimit, dhe ka nj\u00eb s\u00ebr\u00eb arsyesh pse kjo lart\u00ebsi zgjidhet m\u00eb s\u00eb shpeshti.<\/p>\n<p>Sipas USA Today, lart\u00ebsia normale e fluturimit p\u00ebr shumic\u00ebn e aeroplan\u00ebve komercial \u00ebsht\u00eb midis 10 mij\u00eb dhe 13 mij\u00eb metrash, ose 9 mij\u00eb dhe 12 mij\u00eb metrash mbi nivelin e detit. Zakonisht, aeroplan\u00ebt fluturojn\u00eb n\u00eb nj\u00eb lart\u00ebsi rreth 10 ose 11 mij\u00eb metrash.<\/p>\n<p>Pjesa ku rrin\u00eb m\u00eb s\u00eb gjati aeroplan\u00ebt n\u00eb aj\u00ebr quhet stratosfera e poshtme, e cila \u00ebsht\u00eb pak mbi troposfer\u00eb, pjesa m\u00eb e ul\u00ebt e atmosfer\u00ebs, sipas Qendr\u00ebs UCAR p\u00ebr Edukimin e Shkenc\u00ebs. Fluturimi n\u00eb k\u00ebt\u00eb zon\u00eb ka shum\u00eb p\u00ebrpar\u00ebsi q\u00eb e b\u00ebjn\u00eb at\u00eb nj\u00eb nga m\u00ebnyrat kryesore p\u00ebr aeroplan\u00ebt p\u00ebr t\u00eb shkuar nga nj\u00eb vend n\u00eb tjetrin.<\/p>\n<p>Arsyeja m\u00eb e madhe p\u00ebr k\u00ebt\u00eb lart\u00ebsi q\u00ebndron n\u00eb efikasitetin e kerozin\u00ebs. Ajri m\u00eb i holl\u00eb krijon m\u00eb pak t\u00ebrheqje, q\u00eb do t\u00eb thot\u00eb se aeroplan\u00ebt mund t\u00eb p\u00ebrdorin m\u00eb pak kerozin\u00eb p\u00ebr t\u00eb ruajtur shpejt\u00ebsin\u00eb.<\/p>\n<p>Fluturimi n\u00eb nj\u00eb lart\u00ebsi m\u00eb t\u00eb madhe \u00ebsht\u00eb edhe p\u00ebr faktin se aeroplan\u00ebt mund t\u00eb shmangin zogjt\u00eb (zakonisht), dron\u00ebt, avion\u00ebt e vegj\u00ebl dhe helikopter\u00ebt. Gjithashtu, drejtimi q\u00eb po udh\u00ebton aeroplani juaj mund t\u00eb ndikoj\u00eb se sa lart do t\u00eb ngjitet. Aeroplan\u00ebt q\u00eb fluturojn\u00eb n\u00eb lindje do t\u00eb fluturojn\u00eb n\u00eb lart\u00ebsi tek dhe t\u00eb gjitha drejtimet e tjera do t\u00eb fluturojn\u00eb n\u00eb lart\u00ebsi \u00e7ift. Rrug\u00ebt q\u00eb shkojn\u00eb n\u00eb t\u00eb nj\u00ebjtin drejtim planifikohen shpesh n\u00eb m\u00ebnyr\u00eb q\u00eb aeroplan\u00ebt t\u00eb jen\u00eb 300 metra mbi ose n\u00ebn nj\u00ebri-tjetrin p\u00ebr t\u00eb shmangur p\u00ebrplasjen.<\/p>\n<p>Fluturimi n\u00eb nj\u00eb lart\u00ebsi m\u00eb t\u00eb madhe mund t\u00eb minimizoj\u00eb gjithashtu turbulencat. Lart\u00ebsia gjithashtu mund t\u2019u jap\u00eb pilot\u00ebve nj\u00eb avantazh t\u00eb vlefsh\u00ebm kur jan\u00eb n\u00eb aj\u00ebr: motin. Sipas Traveller, n\u00ebse do t\u00eb ndodhte di\u00e7ka q\u00eb do t\u00eb k\u00ebrkonte nj\u00eb ulje emergjente, lart\u00ebsia u jep pilot\u00ebve shum\u00eb m\u00eb tep\u00ebr koh\u00eb p\u00ebr t\u00eb rregulluar situat\u00ebn ose p\u00ebr t\u00eb gjetur nj\u00eb vend t\u00eb sigurt p\u00ebr t\u2019u ulur sesa n\u00ebse do t\u00eb ishin n\u00ebn 3000 metra.<\/p>\n","protected":false},"excerpt":{"rendered":"<p>\u00cbsht\u00eb nj\u00eb situat\u00eb e zakonshme q\u00eb pasagjer\u00ebt t\u00eb d\u00ebgjojn\u00eb pilotin t\u00eb thot\u00eb: \u201cZonja dhe zot\u00ebrinj, ne jemi tani n\u00eb lart\u00ebsin\u00eb ton\u00eb t\u00eb fluturimit prej 11 mij\u00eb metrash\u201d gjat\u00eb fluturimit, dhe ka nj\u00eb s\u00ebr\u00eb arsyesh pse kjo lart\u00ebsi zgjidhet m\u00eb s\u00eb shpeshti. Sipas USA Today, lart\u00ebsia normale e fluturimit p\u00ebr shumic\u00ebn e aeroplan\u00ebve komercial \u00ebsht\u00eb midis [&hellip;]<\/p>\n","protected":false},"author":8,"featured_media":20534,"comment_status":"closed","ping_status":"closed","sticky":false,"template":"","format":"standard","meta":{"footnotes":""},"categories":[266],"tags":[],"class_list":["post-20533","post","type-post","status-publish","format-standard","has-post-thumbnail","hentry","category-teknologji"],"yoast_head":"<!-- This site is optimized with the Yoast SEO plugin v25.1 - https:\/\/yoast.com\/wordpress\/plugins\/seo\/ -->\n<title>A e dini se pse aeroplan\u00ebt fluturojn\u00eb n\u00eb nj\u00eb lart\u00ebsi prej 11 mij\u00eb metrash? - press7.tv<\/title>\n<meta name=\"robots\" content=\"index, follow, max-snippet:-1, max-image-preview:large, max-video-preview:-1\" \/>\n<link rel=\"canonical\" href=\"https:\/\/www.press7.tv\/?p=20533\" \/>\n<meta property=\"og:locale\" content=\"en_US\" \/>\n<meta property=\"og:type\" content=\"article\" \/>\n<meta property=\"og:title\" content=\"A e dini se pse aeroplan\u00ebt fluturojn\u00eb n\u00eb nj\u00eb lart\u00ebsi prej 11 mij\u00eb metrash? - press7.tv\" \/>\n<meta property=\"og:description\" content=\"\u00cbsht\u00eb nj\u00eb situat\u00eb e zakonshme q\u00eb pasagjer\u00ebt t\u00eb d\u00ebgjojn\u00eb pilotin t\u00eb thot\u00eb: \u201cZonja dhe zot\u00ebrinj, ne jemi tani n\u00eb lart\u00ebsin\u00eb ton\u00eb t\u00eb fluturimit prej 11 mij\u00eb metrash\u201d gjat\u00eb fluturimit, dhe ka nj\u00eb s\u00ebr\u00eb arsyesh pse kjo lart\u00ebsi zgjidhet m\u00eb s\u00eb shpeshti. Sipas USA Today, lart\u00ebsia normale e fluturimit p\u00ebr shumic\u00ebn e aeroplan\u00ebve komercial \u00ebsht\u00eb midis [&hellip;]\" \/>\n<meta property=\"og:url\" content=\"https:\/\/www.press7.tv\/?p=20533\" \/>\n<meta property=\"og:site_name\" content=\"press7.tv\" \/>\n<meta property=\"article:publisher\" content=\"https:\/\/www.facebook.com\/press7.tv\" \/>\n<meta property=\"article:published_time\" content=\"2025-06-27T20:09:33+00:00\" \/>\n<meta property=\"og:image\" content=\"https:\/\/www.press7.tv\/wp-content\/uploads\/2025\/06\/IMG_5852.avif\" \/>\n\t<meta property=\"og:image:width\" content=\"1280\" \/>\n\t<meta property=\"og:image:height\" content=\"790\" \/>\n\t<meta property=\"og:image:type\" content=\"image\/jpeg\" \/>\n<meta name=\"author\" content=\"gazetar2\" \/>\n<meta name=\"twitter:card\" content=\"summary_large_image\" \/>\n<meta name=\"twitter:label1\" content=\"Written by\" \/>\n\t<meta name=\"twitter:data1\" content=\"gazetar2\" \/>\n\t<meta name=\"twitter:label2\" content=\"Est. reading time\" \/>\n\t<meta name=\"twitter:data2\" content=\"1 minute\" \/>\n<script type=\"application\/ld+json\" class=\"yoast-schema-graph\">{\"@context\":\"https:\/\/schema.org\",\"@graph\":[{\"@type\":\"Article\",\"@id\":\"https:\/\/www.press7.tv\/?p=20533#article\",\"isPartOf\":{\"@id\":\"https:\/\/www.press7.tv\/?p=20533\"},\"author\":{\"name\":\"gazetar2\",\"@id\":\"https:\/\/www.news33.tv\/#\/schema\/person\/5a04a38a23ccdba82f9bd665cd8f9efa\"},\"headline\":\"A e dini se pse aeroplan\u00ebt fluturojn\u00eb n\u00eb nj\u00eb lart\u00ebsi prej 11 mij\u00eb metrash?\",\"datePublished\":\"2025-06-27T20:09:33+00:00\",\"mainEntityOfPage\":{\"@id\":\"https:\/\/www.press7.tv\/?p=20533\"},\"wordCount\":418,\"publisher\":{\"@id\":\"https:\/\/www.news33.tv\/#organization\"},\"image\":{\"@id\":\"https:\/\/www.press7.tv\/?p=20533#primaryimage\"},\"thumbnailUrl\":\"https:\/\/www.press7.tv\/wp-content\/uploads\/2025\/06\/IMG_5852.avif\",\"articleSection\":[\"Teknologji\"],\"inLanguage\":\"en-US\"},{\"@type\":\"WebPage\",\"@id\":\"https:\/\/www.press7.tv\/?p=20533\",\"url\":\"https:\/\/www.press7.tv\/?p=20533\",\"name\":\"A e dini se pse aeroplan\u00ebt fluturojn\u00eb n\u00eb nj\u00eb lart\u00ebsi prej 11 mij\u00eb metrash? - press7.tv\",\"isPartOf\":{\"@id\":\"https:\/\/www.news33.tv\/#website\"},\"primaryImageOfPage\":{\"@id\":\"https:\/\/www.press7.tv\/?p=20533#primaryimage\"},\"image\":{\"@id\":\"https:\/\/www.press7.tv\/?p=20533#primaryimage\"},\"thumbnailUrl\":\"https:\/\/www.press7.tv\/wp-content\/uploads\/2025\/06\/IMG_5852.avif\",\"datePublished\":\"2025-06-27T20:09:33+00:00\",\"breadcrumb\":{\"@id\":\"https:\/\/www.press7.tv\/?p=20533#breadcrumb\"},\"inLanguage\":\"en-US\",\"potentialAction\":[{\"@type\":\"ReadAction\",\"target\":[\"https:\/\/www.press7.tv\/?p=20533\"]}]},{\"@type\":\"ImageObject\",\"inLanguage\":\"en-US\",\"@id\":\"https:\/\/www.press7.tv\/?p=20533#primaryimage\",\"url\":\"https:\/\/www.press7.tv\/wp-content\/uploads\/2025\/06\/IMG_5852.avif\",\"contentUrl\":\"https:\/\/www.press7.tv\/wp-content\/uploads\/2025\/06\/IMG_5852.avif\",\"width\":1280,\"height\":790},{\"@type\":\"BreadcrumbList\",\"@id\":\"https:\/\/www.press7.tv\/?p=20533#breadcrumb\",\"itemListElement\":[{\"@type\":\"ListItem\",\"position\":1,\"name\":\"Home\",\"item\":\"https:\/\/www.press7.tv\/\"},{\"@type\":\"ListItem\",\"position\":2,\"name\":\"A e dini se pse aeroplan\u00ebt fluturojn\u00eb n\u00eb nj\u00eb lart\u00ebsi prej 11 mij\u00eb metrash?\"}]},{\"@type\":\"WebSite\",\"@id\":\"https:\/\/www.news33.tv\/#website\",\"url\":\"https:\/\/www.news33.tv\/\",\"name\":\"News33.tv Media\",\"description\":\"Media\",\"publisher\":{\"@id\":\"https:\/\/www.news33.tv\/#organization\"},\"potentialAction\":[{\"@type\":\"SearchAction\",\"target\":{\"@type\":\"EntryPoint\",\"urlTemplate\":\"https:\/\/www.news33.tv\/?s={search_term_string}\"},\"query-input\":{\"@type\":\"PropertyValueSpecification\",\"valueRequired\":true,\"valueName\":\"search_term_string\"}}],\"inLanguage\":\"en-US\"},{\"@type\":\"Organization\",\"@id\":\"https:\/\/www.news33.tv\/#organization\",\"name\":\"News33.tv Media\",\"url\":\"https:\/\/www.news33.tv\/\",\"logo\":{\"@type\":\"ImageObject\",\"inLanguage\":\"en-US\",\"@id\":\"https:\/\/www.news33.tv\/#\/schema\/logo\/image\/\",\"url\":\"https:\/\/www.press7.tv\/wp-content\/uploads\/2024\/02\/logo-news33-black.png\",\"contentUrl\":\"https:\/\/www.press7.tv\/wp-content\/uploads\/2024\/02\/logo-news33-black.png\",\"width\":180,\"height\":37,\"caption\":\"News33.tv Media\"},\"image\":{\"@id\":\"https:\/\/www.news33.tv\/#\/schema\/logo\/image\/\"},\"sameAs\":[\"https:\/\/www.facebook.com\/press7.tv\"]},{\"@type\":\"Person\",\"@id\":\"https:\/\/www.news33.tv\/#\/schema\/person\/5a04a38a23ccdba82f9bd665cd8f9efa\",\"name\":\"gazetar2\",\"image\":{\"@type\":\"ImageObject\",\"inLanguage\":\"en-US\",\"@id\":\"https:\/\/www.news33.tv\/#\/schema\/person\/image\/\",\"url\":\"https:\/\/www.press7.tv\/wp-content\/litespeed\/avatar\/41975e402c3049d9ddb03adca8f7a883.jpg?ver=1777169572\",\"contentUrl\":\"https:\/\/www.press7.tv\/wp-content\/litespeed\/avatar\/41975e402c3049d9ddb03adca8f7a883.jpg?ver=1777169572\",\"caption\":\"gazetar2\"},\"url\":\"https:\/\/www.press7.tv\/?author=8\"}]}<\/script>\n<!-- \/ Yoast SEO plugin. -->","yoast_head_json":{"title":"A e dini se pse aeroplan\u00ebt fluturojn\u00eb n\u00eb nj\u00eb lart\u00ebsi prej 11 mij\u00eb metrash? - press7.tv","robots":{"index":"index","follow":"follow","max-snippet":"max-snippet:-1","max-image-preview":"max-image-preview:large","max-video-preview":"max-video-preview:-1"},"canonical":"https:\/\/www.press7.tv\/?p=20533","og_locale":"en_US","og_type":"article","og_title":"A e dini se pse aeroplan\u00ebt fluturojn\u00eb n\u00eb nj\u00eb lart\u00ebsi prej 11 mij\u00eb metrash? - press7.tv","og_description":"\u00cbsht\u00eb nj\u00eb situat\u00eb e zakonshme q\u00eb pasagjer\u00ebt t\u00eb d\u00ebgjojn\u00eb pilotin t\u00eb thot\u00eb: \u201cZonja dhe zot\u00ebrinj, ne jemi tani n\u00eb lart\u00ebsin\u00eb ton\u00eb t\u00eb fluturimit prej 11 mij\u00eb metrash\u201d gjat\u00eb fluturimit, dhe ka nj\u00eb s\u00ebr\u00eb arsyesh pse kjo lart\u00ebsi zgjidhet m\u00eb s\u00eb shpeshti. Sipas USA Today, lart\u00ebsia normale e fluturimit p\u00ebr shumic\u00ebn e aeroplan\u00ebve komercial \u00ebsht\u00eb midis [&hellip;]","og_url":"https:\/\/www.press7.tv\/?p=20533","og_site_name":"press7.tv","article_publisher":"https:\/\/www.facebook.com\/press7.tv","article_published_time":"2025-06-27T20:09:33+00:00","og_image":[{"width":1280,"height":790,"url":"https:\/\/www.press7.tv\/wp-content\/uploads\/2025\/06\/IMG_5852.avif","type":"image\/jpeg"}],"author":"gazetar2","twitter_card":"summary_large_image","twitter_misc":{"Written by":"gazetar2","Est. reading time":"1 minute"},"schema":{"@context":"https:\/\/schema.org","@graph":[{"@type":"Article","@id":"https:\/\/www.press7.tv\/?p=20533#article","isPartOf":{"@id":"https:\/\/www.press7.tv\/?p=20533"},"author":{"name":"gazetar2","@id":"https:\/\/www.news33.tv\/#\/schema\/person\/5a04a38a23ccdba82f9bd665cd8f9efa"},"headline":"A e dini se pse aeroplan\u00ebt fluturojn\u00eb n\u00eb nj\u00eb lart\u00ebsi prej 11 mij\u00eb metrash?","datePublished":"2025-06-27T20:09:33+00:00","mainEntityOfPage":{"@id":"https:\/\/www.press7.tv\/?p=20533"},"wordCount":418,"publisher":{"@id":"https:\/\/www.news33.tv\/#organization"},"image":{"@id":"https:\/\/www.press7.tv\/?p=20533#primaryimage"},"thumbnailUrl":"https:\/\/www.press7.tv\/wp-content\/uploads\/2025\/06\/IMG_5852.avif","articleSection":["Teknologji"],"inLanguage":"en-US"},{"@type":"WebPage","@id":"https:\/\/www.press7.tv\/?p=20533","url":"https:\/\/www.press7.tv\/?p=20533","name":"A e dini se pse aeroplan\u00ebt fluturojn\u00eb n\u00eb nj\u00eb lart\u00ebsi prej 11 mij\u00eb metrash? - press7.tv","isPartOf":{"@id":"https:\/\/www.news33.tv\/#website"},"primaryImageOfPage":{"@id":"https:\/\/www.press7.tv\/?p=20533#primaryimage"},"image":{"@id":"https:\/\/www.press7.tv\/?p=20533#primaryimage"},"thumbnailUrl":"https:\/\/www.press7.tv\/wp-content\/uploads\/2025\/06\/IMG_5852.avif","datePublished":"2025-06-27T20:09:33+00:00","breadcrumb":{"@id":"https:\/\/www.press7.tv\/?p=20533#breadcrumb"},"inLanguage":"en-US","potentialAction":[{"@type":"ReadAction","target":["https:\/\/www.press7.tv\/?p=20533"]}]},{"@type":"ImageObject","inLanguage":"en-US","@id":"https:\/\/www.press7.tv\/?p=20533#primaryimage","url":"https:\/\/www.press7.tv\/wp-content\/uploads\/2025\/06\/IMG_5852.avif","contentUrl":"https:\/\/www.press7.tv\/wp-content\/uploads\/2025\/06\/IMG_5852.avif","width":1280,"height":790},{"@type":"BreadcrumbList","@id":"https:\/\/www.press7.tv\/?p=20533#breadcrumb","itemListElement":[{"@type":"ListItem","position":1,"name":"Home","item":"https:\/\/www.press7.tv\/"},{"@type":"ListItem","position":2,"name":"A e dini se pse aeroplan\u00ebt fluturojn\u00eb n\u00eb nj\u00eb lart\u00ebsi prej 11 mij\u00eb metrash?"}]},{"@type":"WebSite","@id":"https:\/\/www.news33.tv\/#website","url":"https:\/\/www.news33.tv\/","name":"News33.tv Media","description":"Media","publisher":{"@id":"https:\/\/www.news33.tv\/#organization"},"potentialAction":[{"@type":"SearchAction","target":{"@type":"EntryPoint","urlTemplate":"https:\/\/www.news33.tv\/?s={search_term_string}"},"query-input":{"@type":"PropertyValueSpecification","valueRequired":true,"valueName":"search_term_string"}}],"inLanguage":"en-US"},{"@type":"Organization","@id":"https:\/\/www.news33.tv\/#organization","name":"News33.tv Media","url":"https:\/\/www.news33.tv\/","logo":{"@type":"ImageObject","inLanguage":"en-US","@id":"https:\/\/www.news33.tv\/#\/schema\/logo\/image\/","url":"https:\/\/www.press7.tv\/wp-content\/uploads\/2024\/02\/logo-news33-black.png","contentUrl":"https:\/\/www.press7.tv\/wp-content\/uploads\/2024\/02\/logo-news33-black.png","width":180,"height":37,"caption":"News33.tv Media"},"image":{"@id":"https:\/\/www.news33.tv\/#\/schema\/logo\/image\/"},"sameAs":["https:\/\/www.facebook.com\/press7.tv"]},{"@type":"Person","@id":"https:\/\/www.news33.tv\/#\/schema\/person\/5a04a38a23ccdba82f9bd665cd8f9efa","name":"gazetar2","image":{"@type":"ImageObject","inLanguage":"en-US","@id":"https:\/\/www.news33.tv\/#\/schema\/person\/image\/","url":"https:\/\/www.press7.tv\/wp-content\/litespeed\/avatar\/41975e402c3049d9ddb03adca8f7a883.jpg?ver=1777169572","contentUrl":"https:\/\/www.press7.tv\/wp-content\/litespeed\/avatar\/41975e402c3049d9ddb03adca8f7a883.jpg?ver=1777169572","caption":"gazetar2"},"url":"https:\/\/www.press7.tv\/?author=8"}]}},"amp_enabled":true,"_links":{"self":[{"href":"https:\/\/www.press7.tv\/index.php?rest_route=\/wp\/v2\/posts\/20533","targetHints":{"allow":["GET"]}}],"collection":[{"href":"https:\/\/www.press7.tv\/index.php?rest_route=\/wp\/v2\/posts"}],"about":[{"href":"https:\/\/www.press7.tv\/index.php?rest_route=\/wp\/v2\/types\/post"}],"author":[{"embeddable":true,"href":"https:\/\/www.press7.tv\/index.php?rest_route=\/wp\/v2\/users\/8"}],"replies":[{"embeddable":true,"href":"https:\/\/www.press7.tv\/index.php?rest_route=%2Fwp%2Fv2%2Fcomments&post=20533"}],"version-history":[{"count":1,"href":"https:\/\/www.press7.tv\/index.php?rest_route=\/wp\/v2\/posts\/20533\/revisions"}],"predecessor-version":[{"id":20535,"href":"https:\/\/www.press7.tv\/index.php?rest_route=\/wp\/v2\/posts\/20533\/revisions\/20535"}],"wp:featuredmedia":[{"embeddable":true,"href":"https:\/\/www.press7.tv\/index.php?rest_route=\/wp\/v2\/media\/20534"}],"wp:attachment":[{"href":"https:\/\/www.press7.tv\/index.php?rest_route=%2Fwp%2Fv2%2Fmedia&parent=20533"}],"wp:term":[{"taxonomy":"category","embeddable":true,"href":"https:\/\/www.press7.tv\/index.php?rest_route=%2Fwp%2Fv2%2Fcategories&post=20533"},{"taxonomy":"post_tag","embeddable":true,"href":"https:\/\/www.press7.tv\/index.php?rest_route=%2Fwp%2Fv2%2Ftags&post=20533"}],"curies":[{"name":"wp","href":"https:\/\/api.w.org\/{rel}","templated":true}]}}