{"id":20530,"date":"2025-06-27T16:54:48","date_gmt":"2025-06-27T16:54:48","guid":{"rendered":"https:\/\/www.press7.tv\/?p=20530"},"modified":"2025-06-27T16:54:48","modified_gmt":"2025-06-27T16:54:48","slug":"bekim-qoku-izet-mexhiti-dhe-mendi-qyra-ne-perurimin-e-fazes-se-pare-investim-prej-1-5-milion-euro","status":"publish","type":"post","link":"https:\/\/www.press7.tv\/?p=20530","title":{"rendered":"Bekim Qoku, Izet Mexhiti dhe Mendi Qyra n\u00eb p\u00ebrurimin e faz\u00ebs se par\u00eb\u2013 Investim prej 1.5 milion euro"},"content":{"rendered":"\n    <div class=\"xs_social_share_widget xs_share_url before_content \t\tmain_content  wslu-style-2 wslu-share-box-shaped wslu-fill-colored wslu-share-m-5 wslu-none wslu-share-vertical wslu-theme-font-no wslu-main_content\">\n\n\t\t\n        <ul>\n\t\t\t        <\/ul>\n    <\/div> \n<p>N\u00eb Strug\u00eb ka nisur faza e par\u00eb e z\u00ebvend\u00ebsimit t\u00eb rrjetit t\u00eb uj\u00ebsjell\u00ebsit, nj\u00eb nd\u00ebrhyrje vendimtare p\u00ebr p\u00ebrmir\u00ebsimin e infrastruktur\u00ebs baz\u00eb dhe mbrojtjen e sh\u00ebndetit publik. Projekti p\u00ebrfshin heqjen e gypave t\u00eb vjet\u00ebr prej \u00e7imento-azbesti dhe z\u00ebvend\u00ebsimin e tyre me nj\u00eb rrjet modern dhe t\u00eb q\u00ebndruesh\u00ebm.<\/p>\n<p>N\u00eb p\u00ebrurimin zyrtar t\u00eb punimeve mor\u00ebn pjes\u00eb Bekim Qoku, Izet Mexhiti dhe Mendi Qyra, t\u00eb cil\u00ebt ndoq\u00ebn nga af\u00ebr fillimin e k\u00ebtij investimi t\u00eb r\u00ebnd\u00ebsish\u00ebm.<\/p>\n<p>Faza e par\u00eb p\u00ebrfshin nd\u00ebrtimin e rreth 6.2 kilometrave t\u00eb rrjetit t\u00eb uj\u00ebsjell\u00ebsit, duke p\u00ebrfshir\u00eb rrug\u00ebn kryesore dhe 13 deg\u00ebzime t\u00eb saj. Investimi kap vler\u00ebn e rreth 1.5 milion eurove dhe pritet t\u00eb zgjas\u00eb p\u00ebr nj\u00eb periudh\u00eb prej 12 muajsh.<\/p>\n<p>Projekti synon t\u00eb p\u00ebrmir\u00ebsoj\u00eb cil\u00ebsin\u00eb e ujit t\u00eb pijsh\u00ebm, t\u00eb rris\u00eb kapacitetin e furnizimit dhe t\u00eb reduktoj\u00eb humbjet teknike n\u00eb rrjet. Heqja e gypave prej azbesti do t\u00eb eliminoj\u00eb nj\u00eb burim t\u00eb r\u00ebnd\u00ebsish\u00ebm rreziku p\u00ebr banor\u00ebt, duke ngritur standardet e siguris\u00eb dhe sh\u00ebndetit n\u00eb qytet.<\/p>\n<p>Ky investim p\u00ebrb\u00ebn nj\u00eb hap t\u00eb r\u00ebnd\u00ebsish\u00ebm drejt nj\u00eb infrastrukture m\u00eb moderne dhe nj\u00eb mjedisi m\u00eb t\u00eb sigurt p\u00ebr banor\u00ebt e Strug\u00ebs.\/press7.tv<\/p>\n","protected":false},"excerpt":{"rendered":"<p>N\u00eb Strug\u00eb ka nisur faza e par\u00eb e z\u00ebvend\u00ebsimit t\u00eb rrjetit t\u00eb uj\u00ebsjell\u00ebsit, nj\u00eb nd\u00ebrhyrje vendimtare p\u00ebr p\u00ebrmir\u00ebsimin e infrastruktur\u00ebs baz\u00eb dhe mbrojtjen e sh\u00ebndetit publik. Projekti p\u00ebrfshin heqjen e gypave t\u00eb vjet\u00ebr prej \u00e7imento-azbesti dhe z\u00ebvend\u00ebsimin e tyre me nj\u00eb rrjet modern dhe t\u00eb q\u00ebndruesh\u00ebm. N\u00eb p\u00ebrurimin zyrtar t\u00eb punimeve mor\u00ebn pjes\u00eb Bekim Qoku, [&hellip;]<\/p>\n","protected":false},"author":8,"featured_media":20531,"comment_status":"closed","ping_status":"closed","sticky":false,"template":"","format":"standard","meta":{"footnotes":""},"categories":[213,214],"tags":[],"class_list":["post-20530","post","type-post","status-publish","format-standard","has-post-thumbnail","hentry","category-lajme","category-maqedoni"],"yoast_head":"<!-- This site is optimized with the Yoast SEO plugin v25.1 - https:\/\/yoast.com\/wordpress\/plugins\/seo\/ -->\n<title>Bekim Qoku, Izet Mexhiti dhe Mendi Qyra n\u00eb p\u00ebrurimin e faz\u00ebs se par\u00eb\u2013 Investim prej 1.5 milion euro - press7.tv<\/title>\n<meta name=\"robots\" content=\"index, follow, max-snippet:-1, max-image-preview:large, max-video-preview:-1\" \/>\n<link rel=\"canonical\" href=\"https:\/\/www.press7.tv\/?p=20530\" \/>\n<meta property=\"og:locale\" content=\"en_US\" \/>\n<meta property=\"og:type\" content=\"article\" \/>\n<meta property=\"og:title\" content=\"Bekim Qoku, Izet Mexhiti dhe Mendi Qyra n\u00eb p\u00ebrurimin e faz\u00ebs se par\u00eb\u2013 Investim prej 1.5 milion euro - press7.tv\" \/>\n<meta property=\"og:description\" content=\"N\u00eb Strug\u00eb ka nisur faza e par\u00eb e z\u00ebvend\u00ebsimit t\u00eb rrjetit t\u00eb uj\u00ebsjell\u00ebsit, nj\u00eb nd\u00ebrhyrje vendimtare p\u00ebr p\u00ebrmir\u00ebsimin e infrastruktur\u00ebs baz\u00eb dhe mbrojtjen e sh\u00ebndetit publik. Projekti p\u00ebrfshin heqjen e gypave t\u00eb vjet\u00ebr prej \u00e7imento-azbesti dhe z\u00ebvend\u00ebsimin e tyre me nj\u00eb rrjet modern dhe t\u00eb q\u00ebndruesh\u00ebm. N\u00eb p\u00ebrurimin zyrtar t\u00eb punimeve mor\u00ebn pjes\u00eb Bekim Qoku, [&hellip;]\" \/>\n<meta property=\"og:url\" content=\"https:\/\/www.press7.tv\/?p=20530\" \/>\n<meta property=\"og:site_name\" content=\"press7.tv\" \/>\n<meta property=\"article:publisher\" content=\"https:\/\/www.facebook.com\/press7.tv\" \/>\n<meta property=\"article:published_time\" content=\"2025-06-27T16:54:48+00:00\" \/>\n<meta property=\"og:image\" content=\"https:\/\/www.press7.tv\/wp-content\/uploads\/2025\/06\/d4468407-bdbc-4ad7-b17f-d562a5de6c80.avif\" \/>\n\t<meta property=\"og:image:width\" content=\"2048\" \/>\n\t<meta property=\"og:image:height\" content=\"1365\" \/>\n\t<meta property=\"og:image:type\" content=\"image\/jpeg\" \/>\n<meta name=\"author\" content=\"gazetar2\" \/>\n<meta name=\"twitter:card\" content=\"summary_large_image\" \/>\n<meta name=\"twitter:label1\" content=\"Written by\" \/>\n\t<meta name=\"twitter:data1\" content=\"gazetar2\" \/>\n\t<meta name=\"twitter:label2\" content=\"Est. reading time\" \/>\n\t<meta name=\"twitter:data2\" content=\"1 minute\" \/>\n<script type=\"application\/ld+json\" class=\"yoast-schema-graph\">{\"@context\":\"https:\/\/schema.org\",\"@graph\":[{\"@type\":\"Article\",\"@id\":\"https:\/\/www.press7.tv\/?p=20530#article\",\"isPartOf\":{\"@id\":\"https:\/\/www.press7.tv\/?p=20530\"},\"author\":{\"name\":\"gazetar2\",\"@id\":\"https:\/\/www.news33.tv\/#\/schema\/person\/5a04a38a23ccdba82f9bd665cd8f9efa\"},\"headline\":\"Bekim Qoku, Izet Mexhiti dhe Mendi Qyra n\u00eb p\u00ebrurimin e faz\u00ebs se par\u00eb\u2013 Investim prej 1.5 milion euro\",\"datePublished\":\"2025-06-27T16:54:48+00:00\",\"mainEntityOfPage\":{\"@id\":\"https:\/\/www.press7.tv\/?p=20530\"},\"wordCount\":247,\"publisher\":{\"@id\":\"https:\/\/www.news33.tv\/#organization\"},\"image\":{\"@id\":\"https:\/\/www.press7.tv\/?p=20530#primaryimage\"},\"thumbnailUrl\":\"https:\/\/www.press7.tv\/wp-content\/uploads\/2025\/06\/d4468407-bdbc-4ad7-b17f-d562a5de6c80.avif\",\"articleSection\":[\"Lajme\",\"Maqedoni\"],\"inLanguage\":\"en-US\"},{\"@type\":\"WebPage\",\"@id\":\"https:\/\/www.press7.tv\/?p=20530\",\"url\":\"https:\/\/www.press7.tv\/?p=20530\",\"name\":\"Bekim Qoku, Izet Mexhiti dhe Mendi Qyra n\u00eb p\u00ebrurimin e faz\u00ebs se par\u00eb\u2013 Investim prej 1.5 milion euro - press7.tv\",\"isPartOf\":{\"@id\":\"https:\/\/www.news33.tv\/#website\"},\"primaryImageOfPage\":{\"@id\":\"https:\/\/www.press7.tv\/?p=20530#primaryimage\"},\"image\":{\"@id\":\"https:\/\/www.press7.tv\/?p=20530#primaryimage\"},\"thumbnailUrl\":\"https:\/\/www.press7.tv\/wp-content\/uploads\/2025\/06\/d4468407-bdbc-4ad7-b17f-d562a5de6c80.avif\",\"datePublished\":\"2025-06-27T16:54:48+00:00\",\"breadcrumb\":{\"@id\":\"https:\/\/www.press7.tv\/?p=20530#breadcrumb\"},\"inLanguage\":\"en-US\",\"potentialAction\":[{\"@type\":\"ReadAction\",\"target\":[\"https:\/\/www.press7.tv\/?p=20530\"]}]},{\"@type\":\"ImageObject\",\"inLanguage\":\"en-US\",\"@id\":\"https:\/\/www.press7.tv\/?p=20530#primaryimage\",\"url\":\"https:\/\/www.press7.tv\/wp-content\/uploads\/2025\/06\/d4468407-bdbc-4ad7-b17f-d562a5de6c80.avif\",\"contentUrl\":\"https:\/\/www.press7.tv\/wp-content\/uploads\/2025\/06\/d4468407-bdbc-4ad7-b17f-d562a5de6c80.avif\",\"width\":2048,\"height\":1365},{\"@type\":\"BreadcrumbList\",\"@id\":\"https:\/\/www.press7.tv\/?p=20530#breadcrumb\",\"itemListElement\":[{\"@type\":\"ListItem\",\"position\":1,\"name\":\"Home\",\"item\":\"https:\/\/www.press7.tv\/\"},{\"@type\":\"ListItem\",\"position\":2,\"name\":\"Bekim Qoku, Izet Mexhiti dhe Mendi Qyra n\u00eb p\u00ebrurimin e faz\u00ebs se par\u00eb\u2013 Investim prej 1.5 milion euro\"}]},{\"@type\":\"WebSite\",\"@id\":\"https:\/\/www.news33.tv\/#website\",\"url\":\"https:\/\/www.news33.tv\/\",\"name\":\"News33.tv Media\",\"description\":\"Media\",\"publisher\":{\"@id\":\"https:\/\/www.news33.tv\/#organization\"},\"potentialAction\":[{\"@type\":\"SearchAction\",\"target\":{\"@type\":\"EntryPoint\",\"urlTemplate\":\"https:\/\/www.news33.tv\/?s={search_term_string}\"},\"query-input\":{\"@type\":\"PropertyValueSpecification\",\"valueRequired\":true,\"valueName\":\"search_term_string\"}}],\"inLanguage\":\"en-US\"},{\"@type\":\"Organization\",\"@id\":\"https:\/\/www.news33.tv\/#organization\",\"name\":\"News33.tv Media\",\"url\":\"https:\/\/www.news33.tv\/\",\"logo\":{\"@type\":\"ImageObject\",\"inLanguage\":\"en-US\",\"@id\":\"https:\/\/www.news33.tv\/#\/schema\/logo\/image\/\",\"url\":\"https:\/\/www.press7.tv\/wp-content\/uploads\/2024\/02\/logo-news33-black.png\",\"contentUrl\":\"https:\/\/www.press7.tv\/wp-content\/uploads\/2024\/02\/logo-news33-black.png\",\"width\":180,\"height\":37,\"caption\":\"News33.tv Media\"},\"image\":{\"@id\":\"https:\/\/www.news33.tv\/#\/schema\/logo\/image\/\"},\"sameAs\":[\"https:\/\/www.facebook.com\/press7.tv\"]},{\"@type\":\"Person\",\"@id\":\"https:\/\/www.news33.tv\/#\/schema\/person\/5a04a38a23ccdba82f9bd665cd8f9efa\",\"name\":\"gazetar2\",\"image\":{\"@type\":\"ImageObject\",\"inLanguage\":\"en-US\",\"@id\":\"https:\/\/www.news33.tv\/#\/schema\/person\/image\/\",\"url\":\"https:\/\/www.press7.tv\/wp-content\/litespeed\/avatar\/41975e402c3049d9ddb03adca8f7a883.jpg?ver=1777169572\",\"contentUrl\":\"https:\/\/www.press7.tv\/wp-content\/litespeed\/avatar\/41975e402c3049d9ddb03adca8f7a883.jpg?ver=1777169572\",\"caption\":\"gazetar2\"},\"url\":\"https:\/\/www.press7.tv\/?author=8\"}]}<\/script>\n<!-- \/ Yoast SEO plugin. -->","yoast_head_json":{"title":"Bekim Qoku, Izet Mexhiti dhe Mendi Qyra n\u00eb p\u00ebrurimin e faz\u00ebs se par\u00eb\u2013 Investim prej 1.5 milion euro - press7.tv","robots":{"index":"index","follow":"follow","max-snippet":"max-snippet:-1","max-image-preview":"max-image-preview:large","max-video-preview":"max-video-preview:-1"},"canonical":"https:\/\/www.press7.tv\/?p=20530","og_locale":"en_US","og_type":"article","og_title":"Bekim Qoku, Izet Mexhiti dhe Mendi Qyra n\u00eb p\u00ebrurimin e faz\u00ebs se par\u00eb\u2013 Investim prej 1.5 milion euro - press7.tv","og_description":"N\u00eb Strug\u00eb ka nisur faza e par\u00eb e z\u00ebvend\u00ebsimit t\u00eb rrjetit t\u00eb uj\u00ebsjell\u00ebsit, nj\u00eb nd\u00ebrhyrje vendimtare p\u00ebr p\u00ebrmir\u00ebsimin e infrastruktur\u00ebs baz\u00eb dhe mbrojtjen e sh\u00ebndetit publik. Projekti p\u00ebrfshin heqjen e gypave t\u00eb vjet\u00ebr prej \u00e7imento-azbesti dhe z\u00ebvend\u00ebsimin e tyre me nj\u00eb rrjet modern dhe t\u00eb q\u00ebndruesh\u00ebm. N\u00eb p\u00ebrurimin zyrtar t\u00eb punimeve mor\u00ebn pjes\u00eb Bekim Qoku, [&hellip;]","og_url":"https:\/\/www.press7.tv\/?p=20530","og_site_name":"press7.tv","article_publisher":"https:\/\/www.facebook.com\/press7.tv","article_published_time":"2025-06-27T16:54:48+00:00","og_image":[{"width":2048,"height":1365,"url":"https:\/\/www.press7.tv\/wp-content\/uploads\/2025\/06\/d4468407-bdbc-4ad7-b17f-d562a5de6c80.avif","type":"image\/jpeg"}],"author":"gazetar2","twitter_card":"summary_large_image","twitter_misc":{"Written by":"gazetar2","Est. reading time":"1 minute"},"schema":{"@context":"https:\/\/schema.org","@graph":[{"@type":"Article","@id":"https:\/\/www.press7.tv\/?p=20530#article","isPartOf":{"@id":"https:\/\/www.press7.tv\/?p=20530"},"author":{"name":"gazetar2","@id":"https:\/\/www.news33.tv\/#\/schema\/person\/5a04a38a23ccdba82f9bd665cd8f9efa"},"headline":"Bekim Qoku, Izet Mexhiti dhe Mendi Qyra n\u00eb p\u00ebrurimin e faz\u00ebs se par\u00eb\u2013 Investim prej 1.5 milion euro","datePublished":"2025-06-27T16:54:48+00:00","mainEntityOfPage":{"@id":"https:\/\/www.press7.tv\/?p=20530"},"wordCount":247,"publisher":{"@id":"https:\/\/www.news33.tv\/#organization"},"image":{"@id":"https:\/\/www.press7.tv\/?p=20530#primaryimage"},"thumbnailUrl":"https:\/\/www.press7.tv\/wp-content\/uploads\/2025\/06\/d4468407-bdbc-4ad7-b17f-d562a5de6c80.avif","articleSection":["Lajme","Maqedoni"],"inLanguage":"en-US"},{"@type":"WebPage","@id":"https:\/\/www.press7.tv\/?p=20530","url":"https:\/\/www.press7.tv\/?p=20530","name":"Bekim Qoku, Izet Mexhiti dhe Mendi Qyra n\u00eb p\u00ebrurimin e faz\u00ebs se par\u00eb\u2013 Investim prej 1.5 milion euro - press7.tv","isPartOf":{"@id":"https:\/\/www.news33.tv\/#website"},"primaryImageOfPage":{"@id":"https:\/\/www.press7.tv\/?p=20530#primaryimage"},"image":{"@id":"https:\/\/www.press7.tv\/?p=20530#primaryimage"},"thumbnailUrl":"https:\/\/www.press7.tv\/wp-content\/uploads\/2025\/06\/d4468407-bdbc-4ad7-b17f-d562a5de6c80.avif","datePublished":"2025-06-27T16:54:48+00:00","breadcrumb":{"@id":"https:\/\/www.press7.tv\/?p=20530#breadcrumb"},"inLanguage":"en-US","potentialAction":[{"@type":"ReadAction","target":["https:\/\/www.press7.tv\/?p=20530"]}]},{"@type":"ImageObject","inLanguage":"en-US","@id":"https:\/\/www.press7.tv\/?p=20530#primaryimage","url":"https:\/\/www.press7.tv\/wp-content\/uploads\/2025\/06\/d4468407-bdbc-4ad7-b17f-d562a5de6c80.avif","contentUrl":"https:\/\/www.press7.tv\/wp-content\/uploads\/2025\/06\/d4468407-bdbc-4ad7-b17f-d562a5de6c80.avif","width":2048,"height":1365},{"@type":"BreadcrumbList","@id":"https:\/\/www.press7.tv\/?p=20530#breadcrumb","itemListElement":[{"@type":"ListItem","position":1,"name":"Home","item":"https:\/\/www.press7.tv\/"},{"@type":"ListItem","position":2,"name":"Bekim Qoku, Izet Mexhiti dhe Mendi Qyra n\u00eb p\u00ebrurimin e faz\u00ebs se par\u00eb\u2013 Investim prej 1.5 milion euro"}]},{"@type":"WebSite","@id":"https:\/\/www.news33.tv\/#website","url":"https:\/\/www.news33.tv\/","name":"News33.tv Media","description":"Media","publisher":{"@id":"https:\/\/www.news33.tv\/#organization"},"potentialAction":[{"@type":"SearchAction","target":{"@type":"EntryPoint","urlTemplate":"https:\/\/www.news33.tv\/?s={search_term_string}"},"query-input":{"@type":"PropertyValueSpecification","valueRequired":true,"valueName":"search_term_string"}}],"inLanguage":"en-US"},{"@type":"Organization","@id":"https:\/\/www.news33.tv\/#organization","name":"News33.tv Media","url":"https:\/\/www.news33.tv\/","logo":{"@type":"ImageObject","inLanguage":"en-US","@id":"https:\/\/www.news33.tv\/#\/schema\/logo\/image\/","url":"https:\/\/www.press7.tv\/wp-content\/uploads\/2024\/02\/logo-news33-black.png","contentUrl":"https:\/\/www.press7.tv\/wp-content\/uploads\/2024\/02\/logo-news33-black.png","width":180,"height":37,"caption":"News33.tv Media"},"image":{"@id":"https:\/\/www.news33.tv\/#\/schema\/logo\/image\/"},"sameAs":["https:\/\/www.facebook.com\/press7.tv"]},{"@type":"Person","@id":"https:\/\/www.news33.tv\/#\/schema\/person\/5a04a38a23ccdba82f9bd665cd8f9efa","name":"gazetar2","image":{"@type":"ImageObject","inLanguage":"en-US","@id":"https:\/\/www.news33.tv\/#\/schema\/person\/image\/","url":"https:\/\/www.press7.tv\/wp-content\/litespeed\/avatar\/41975e402c3049d9ddb03adca8f7a883.jpg?ver=1777169572","contentUrl":"https:\/\/www.press7.tv\/wp-content\/litespeed\/avatar\/41975e402c3049d9ddb03adca8f7a883.jpg?ver=1777169572","caption":"gazetar2"},"url":"https:\/\/www.press7.tv\/?author=8"}]}},"amp_enabled":true,"_links":{"self":[{"href":"https:\/\/www.press7.tv\/index.php?rest_route=\/wp\/v2\/posts\/20530","targetHints":{"allow":["GET"]}}],"collection":[{"href":"https:\/\/www.press7.tv\/index.php?rest_route=\/wp\/v2\/posts"}],"about":[{"href":"https:\/\/www.press7.tv\/index.php?rest_route=\/wp\/v2\/types\/post"}],"author":[{"embeddable":true,"href":"https:\/\/www.press7.tv\/index.php?rest_route=\/wp\/v2\/users\/8"}],"replies":[{"embeddable":true,"href":"https:\/\/www.press7.tv\/index.php?rest_route=%2Fwp%2Fv2%2Fcomments&post=20530"}],"version-history":[{"count":1,"href":"https:\/\/www.press7.tv\/index.php?rest_route=\/wp\/v2\/posts\/20530\/revisions"}],"predecessor-version":[{"id":20532,"href":"https:\/\/www.press7.tv\/index.php?rest_route=\/wp\/v2\/posts\/20530\/revisions\/20532"}],"wp:featuredmedia":[{"embeddable":true,"href":"https:\/\/www.press7.tv\/index.php?rest_route=\/wp\/v2\/media\/20531"}],"wp:attachment":[{"href":"https:\/\/www.press7.tv\/index.php?rest_route=%2Fwp%2Fv2%2Fmedia&parent=20530"}],"wp:term":[{"taxonomy":"category","embeddable":true,"href":"https:\/\/www.press7.tv\/index.php?rest_route=%2Fwp%2Fv2%2Fcategories&post=20530"},{"taxonomy":"post_tag","embeddable":true,"href":"https:\/\/www.press7.tv\/index.php?rest_route=%2Fwp%2Fv2%2Ftags&post=20530"}],"curies":[{"name":"wp","href":"https:\/\/api.w.org\/{rel}","templated":true}]}}