{"id":20524,"date":"2025-06-27T12:14:00","date_gmt":"2025-06-27T12:14:00","guid":{"rendered":"https:\/\/www.press7.tv\/?p=20524"},"modified":"2025-06-27T12:14:00","modified_gmt":"2025-06-27T12:14:00","slug":"kurti-serbia-mund-te-nxise-incidente-ne-gazimestan-grupe-serbesh-nga-rajoni-do-te-vijne-ne-kosove","status":"publish","type":"post","link":"https:\/\/www.press7.tv\/?p=20524","title":{"rendered":"Kurti: Serbia mund t\u00eb nxis\u00eb incidente n\u00eb Gazimestan, grupe serb\u00ebsh nga rajoni do t\u00eb vijn\u00eb n\u00eb Kosov\u00eb"},"content":{"rendered":"\n    <div class=\"xs_social_share_widget xs_share_url before_content \t\tmain_content  wslu-style-2 wslu-share-box-shaped wslu-fill-colored wslu-share-m-5 wslu-none wslu-share-vertical wslu-theme-font-no wslu-main_content\">\n\n\t\t\n        <ul>\n\t\t\t        <\/ul>\n    <\/div> \n<p>Institucionet e siguris\u00eb dhe inteligjenc\u00ebs s\u00eb Kosov\u00ebs kan\u00eb vler\u00ebsuar se ka p\u00ebrpjekje q\u00eb tubimi n\u00eb Gazimestan n\u00eb sh\u00ebnimin e fest\u00ebs s\u00eb Vidovdanit t\u00eb jet\u00eb masiv, ka th\u00ebn\u00eb kryeministri n\u00eb detyr\u00eb, Albin Kurti.<\/p>\n<p>Kurti n\u00eb mbledhjen e Qeveris\u00eb ka th\u00ebn\u00eb se pushteti n\u00eb Serbi mund t\u00eb nxis\u00eb incidente n\u00eb Gazimestan, q\u00eb ta heq\u00eb v\u00ebmendjen nga protestat e brendshme q\u00eb do t\u00eb zhvillohen nes\u00ebr n\u00eb Beograd.<\/p>\n<p>Ai u ka b\u00ebr\u00eb thirrje qytetar\u00ebve serb\u00eb q\u00eb t\u00eb respektojn\u00eb ligjin, dhe t\u00eb mos bien pre e provokimeve.<\/p>\n<p>\u201cP\u00ebr t\u00eb hequr v\u00ebmendjen nga protestat antiqeveritare n\u00eb t\u00eb nj\u00ebjt\u00ebn dit\u00eb n\u00eb Serbi, pushteti n\u00eb Serbi mund t\u00eb shfryt\u00ebzoj\u00eb elemente destruktive p\u00ebr t\u00eb nxitur incidente n\u00eb Gazimestan. Sipas vler\u00ebsimeve t\u00eb institucioneve tona t\u00eb siguris\u00eb dhe inteligjenc\u00ebs ka p\u00ebrpjekje q\u00eb tubimi n\u00eb Gazimestan t\u00eb jet\u00eb sa m\u00eb masiv. Prandaj jan\u00eb organizuar grupe serb\u00ebsh nga Serbia, Mali i Zi dhe Bosnja q\u00eb t\u00eb vijn\u00eb nes\u00ebr n\u00eb Kosov\u00eb. Tradicionalisht grupet e tilla kan\u00eb qen\u00eb provokuese. U b\u00ebjm\u00eb thirrje bashk\u00ebqytetar\u00ebve, sidomos komunitetit serb\u00eb t\u00eb respektojn\u00eb ligjin. U b\u00ebjm\u00eb thirrje bashkatdhetar\u00ebve q\u00eb t\u00eb mos bien pre e provokimeve nes\u00ebr\u201d, ka th\u00ebn\u00eb ai.<\/p>\n","protected":false},"excerpt":{"rendered":"<p>Institucionet e siguris\u00eb dhe inteligjenc\u00ebs s\u00eb Kosov\u00ebs kan\u00eb vler\u00ebsuar se ka p\u00ebrpjekje q\u00eb tubimi n\u00eb Gazimestan n\u00eb sh\u00ebnimin e fest\u00ebs s\u00eb Vidovdanit t\u00eb jet\u00eb masiv, ka th\u00ebn\u00eb kryeministri n\u00eb detyr\u00eb, Albin Kurti. Kurti n\u00eb mbledhjen e Qeveris\u00eb ka th\u00ebn\u00eb se pushteti n\u00eb Serbi mund t\u00eb nxis\u00eb incidente n\u00eb Gazimestan, q\u00eb ta heq\u00eb v\u00ebmendjen nga protestat [&hellip;]<\/p>\n","protected":false},"author":8,"featured_media":20525,"comment_status":"closed","ping_status":"closed","sticky":false,"template":"","format":"standard","meta":{"footnotes":""},"categories":[215,213],"tags":[],"class_list":["post-20524","post","type-post","status-publish","format-standard","has-post-thumbnail","hentry","category-kosove","category-lajme"],"yoast_head":"<!-- This site is optimized with the Yoast SEO plugin v25.1 - https:\/\/yoast.com\/wordpress\/plugins\/seo\/ -->\n<title>Kurti: Serbia mund t\u00eb nxis\u00eb incidente n\u00eb Gazimestan, grupe serb\u00ebsh nga rajoni do t\u00eb vijn\u00eb n\u00eb Kosov\u00eb - press7.tv<\/title>\n<meta name=\"robots\" content=\"index, follow, max-snippet:-1, max-image-preview:large, max-video-preview:-1\" \/>\n<link rel=\"canonical\" href=\"https:\/\/www.press7.tv\/?p=20524\" \/>\n<meta property=\"og:locale\" content=\"en_US\" \/>\n<meta property=\"og:type\" content=\"article\" \/>\n<meta property=\"og:title\" content=\"Kurti: Serbia mund t\u00eb nxis\u00eb incidente n\u00eb Gazimestan, grupe serb\u00ebsh nga rajoni do t\u00eb vijn\u00eb n\u00eb Kosov\u00eb - press7.tv\" \/>\n<meta property=\"og:description\" content=\"Institucionet e siguris\u00eb dhe inteligjenc\u00ebs s\u00eb Kosov\u00ebs kan\u00eb vler\u00ebsuar se ka p\u00ebrpjekje q\u00eb tubimi n\u00eb Gazimestan n\u00eb sh\u00ebnimin e fest\u00ebs s\u00eb Vidovdanit t\u00eb jet\u00eb masiv, ka th\u00ebn\u00eb kryeministri n\u00eb detyr\u00eb, Albin Kurti. Kurti n\u00eb mbledhjen e Qeveris\u00eb ka th\u00ebn\u00eb se pushteti n\u00eb Serbi mund t\u00eb nxis\u00eb incidente n\u00eb Gazimestan, q\u00eb ta heq\u00eb v\u00ebmendjen nga protestat [&hellip;]\" \/>\n<meta property=\"og:url\" content=\"https:\/\/www.press7.tv\/?p=20524\" \/>\n<meta property=\"og:site_name\" content=\"press7.tv\" \/>\n<meta property=\"article:publisher\" content=\"https:\/\/www.facebook.com\/press7.tv\" \/>\n<meta property=\"article:published_time\" content=\"2025-06-27T12:14:00+00:00\" \/>\n<meta property=\"og:image\" content=\"https:\/\/www.press7.tv\/wp-content\/uploads\/2025\/06\/IMG_5840.avif\" \/>\n\t<meta property=\"og:image:width\" content=\"1360\" \/>\n\t<meta property=\"og:image:height\" content=\"870\" \/>\n\t<meta property=\"og:image:type\" content=\"image\/webp\" \/>\n<meta name=\"author\" content=\"gazetar2\" \/>\n<meta name=\"twitter:card\" content=\"summary_large_image\" \/>\n<meta name=\"twitter:label1\" content=\"Written by\" \/>\n\t<meta name=\"twitter:data1\" content=\"gazetar2\" \/>\n\t<meta name=\"twitter:label2\" content=\"Est. reading time\" \/>\n\t<meta name=\"twitter:data2\" content=\"1 minute\" \/>\n<script type=\"application\/ld+json\" class=\"yoast-schema-graph\">{\"@context\":\"https:\/\/schema.org\",\"@graph\":[{\"@type\":\"Article\",\"@id\":\"https:\/\/www.press7.tv\/?p=20524#article\",\"isPartOf\":{\"@id\":\"https:\/\/www.press7.tv\/?p=20524\"},\"author\":{\"name\":\"gazetar2\",\"@id\":\"https:\/\/www.news33.tv\/#\/schema\/person\/5a04a38a23ccdba82f9bd665cd8f9efa\"},\"headline\":\"Kurti: Serbia mund t\u00eb nxis\u00eb incidente n\u00eb Gazimestan, grupe serb\u00ebsh nga rajoni do t\u00eb vijn\u00eb n\u00eb Kosov\u00eb\",\"datePublished\":\"2025-06-27T12:14:00+00:00\",\"mainEntityOfPage\":{\"@id\":\"https:\/\/www.press7.tv\/?p=20524\"},\"wordCount\":227,\"publisher\":{\"@id\":\"https:\/\/www.news33.tv\/#organization\"},\"image\":{\"@id\":\"https:\/\/www.press7.tv\/?p=20524#primaryimage\"},\"thumbnailUrl\":\"https:\/\/www.press7.tv\/wp-content\/uploads\/2025\/06\/IMG_5840.avif\",\"articleSection\":[\"Kosov\u00eb\",\"Lajme\"],\"inLanguage\":\"en-US\"},{\"@type\":\"WebPage\",\"@id\":\"https:\/\/www.press7.tv\/?p=20524\",\"url\":\"https:\/\/www.press7.tv\/?p=20524\",\"name\":\"Kurti: Serbia mund t\u00eb nxis\u00eb incidente n\u00eb Gazimestan, grupe serb\u00ebsh nga rajoni do t\u00eb vijn\u00eb n\u00eb Kosov\u00eb - press7.tv\",\"isPartOf\":{\"@id\":\"https:\/\/www.news33.tv\/#website\"},\"primaryImageOfPage\":{\"@id\":\"https:\/\/www.press7.tv\/?p=20524#primaryimage\"},\"image\":{\"@id\":\"https:\/\/www.press7.tv\/?p=20524#primaryimage\"},\"thumbnailUrl\":\"https:\/\/www.press7.tv\/wp-content\/uploads\/2025\/06\/IMG_5840.avif\",\"datePublished\":\"2025-06-27T12:14:00+00:00\",\"breadcrumb\":{\"@id\":\"https:\/\/www.press7.tv\/?p=20524#breadcrumb\"},\"inLanguage\":\"en-US\",\"potentialAction\":[{\"@type\":\"ReadAction\",\"target\":[\"https:\/\/www.press7.tv\/?p=20524\"]}]},{\"@type\":\"ImageObject\",\"inLanguage\":\"en-US\",\"@id\":\"https:\/\/www.press7.tv\/?p=20524#primaryimage\",\"url\":\"https:\/\/www.press7.tv\/wp-content\/uploads\/2025\/06\/IMG_5840.avif\",\"contentUrl\":\"https:\/\/www.press7.tv\/wp-content\/uploads\/2025\/06\/IMG_5840.avif\",\"width\":1360,\"height\":870},{\"@type\":\"BreadcrumbList\",\"@id\":\"https:\/\/www.press7.tv\/?p=20524#breadcrumb\",\"itemListElement\":[{\"@type\":\"ListItem\",\"position\":1,\"name\":\"Home\",\"item\":\"https:\/\/www.press7.tv\/\"},{\"@type\":\"ListItem\",\"position\":2,\"name\":\"Kurti: Serbia mund t\u00eb nxis\u00eb incidente n\u00eb Gazimestan, grupe serb\u00ebsh nga rajoni do t\u00eb vijn\u00eb n\u00eb Kosov\u00eb\"}]},{\"@type\":\"WebSite\",\"@id\":\"https:\/\/www.news33.tv\/#website\",\"url\":\"https:\/\/www.news33.tv\/\",\"name\":\"News33.tv Media\",\"description\":\"Media\",\"publisher\":{\"@id\":\"https:\/\/www.news33.tv\/#organization\"},\"potentialAction\":[{\"@type\":\"SearchAction\",\"target\":{\"@type\":\"EntryPoint\",\"urlTemplate\":\"https:\/\/www.news33.tv\/?s={search_term_string}\"},\"query-input\":{\"@type\":\"PropertyValueSpecification\",\"valueRequired\":true,\"valueName\":\"search_term_string\"}}],\"inLanguage\":\"en-US\"},{\"@type\":\"Organization\",\"@id\":\"https:\/\/www.news33.tv\/#organization\",\"name\":\"News33.tv Media\",\"url\":\"https:\/\/www.news33.tv\/\",\"logo\":{\"@type\":\"ImageObject\",\"inLanguage\":\"en-US\",\"@id\":\"https:\/\/www.news33.tv\/#\/schema\/logo\/image\/\",\"url\":\"https:\/\/www.press7.tv\/wp-content\/uploads\/2024\/02\/logo-news33-black.png\",\"contentUrl\":\"https:\/\/www.press7.tv\/wp-content\/uploads\/2024\/02\/logo-news33-black.png\",\"width\":180,\"height\":37,\"caption\":\"News33.tv Media\"},\"image\":{\"@id\":\"https:\/\/www.news33.tv\/#\/schema\/logo\/image\/\"},\"sameAs\":[\"https:\/\/www.facebook.com\/press7.tv\"]},{\"@type\":\"Person\",\"@id\":\"https:\/\/www.news33.tv\/#\/schema\/person\/5a04a38a23ccdba82f9bd665cd8f9efa\",\"name\":\"gazetar2\",\"image\":{\"@type\":\"ImageObject\",\"inLanguage\":\"en-US\",\"@id\":\"https:\/\/www.news33.tv\/#\/schema\/person\/image\/\",\"url\":\"https:\/\/www.press7.tv\/wp-content\/litespeed\/avatar\/41975e402c3049d9ddb03adca8f7a883.jpg?ver=1777169572\",\"contentUrl\":\"https:\/\/www.press7.tv\/wp-content\/litespeed\/avatar\/41975e402c3049d9ddb03adca8f7a883.jpg?ver=1777169572\",\"caption\":\"gazetar2\"},\"url\":\"https:\/\/www.press7.tv\/?author=8\"}]}<\/script>\n<!-- \/ Yoast SEO plugin. -->","yoast_head_json":{"title":"Kurti: Serbia mund t\u00eb nxis\u00eb incidente n\u00eb Gazimestan, grupe serb\u00ebsh nga rajoni do t\u00eb vijn\u00eb n\u00eb Kosov\u00eb - press7.tv","robots":{"index":"index","follow":"follow","max-snippet":"max-snippet:-1","max-image-preview":"max-image-preview:large","max-video-preview":"max-video-preview:-1"},"canonical":"https:\/\/www.press7.tv\/?p=20524","og_locale":"en_US","og_type":"article","og_title":"Kurti: Serbia mund t\u00eb nxis\u00eb incidente n\u00eb Gazimestan, grupe serb\u00ebsh nga rajoni do t\u00eb vijn\u00eb n\u00eb Kosov\u00eb - press7.tv","og_description":"Institucionet e siguris\u00eb dhe inteligjenc\u00ebs s\u00eb Kosov\u00ebs kan\u00eb vler\u00ebsuar se ka p\u00ebrpjekje q\u00eb tubimi n\u00eb Gazimestan n\u00eb sh\u00ebnimin e fest\u00ebs s\u00eb Vidovdanit t\u00eb jet\u00eb masiv, ka th\u00ebn\u00eb kryeministri n\u00eb detyr\u00eb, Albin Kurti. Kurti n\u00eb mbledhjen e Qeveris\u00eb ka th\u00ebn\u00eb se pushteti n\u00eb Serbi mund t\u00eb nxis\u00eb incidente n\u00eb Gazimestan, q\u00eb ta heq\u00eb v\u00ebmendjen nga protestat [&hellip;]","og_url":"https:\/\/www.press7.tv\/?p=20524","og_site_name":"press7.tv","article_publisher":"https:\/\/www.facebook.com\/press7.tv","article_published_time":"2025-06-27T12:14:00+00:00","og_image":[{"width":1360,"height":870,"url":"https:\/\/www.press7.tv\/wp-content\/uploads\/2025\/06\/IMG_5840.avif","type":"image\/webp"}],"author":"gazetar2","twitter_card":"summary_large_image","twitter_misc":{"Written by":"gazetar2","Est. reading time":"1 minute"},"schema":{"@context":"https:\/\/schema.org","@graph":[{"@type":"Article","@id":"https:\/\/www.press7.tv\/?p=20524#article","isPartOf":{"@id":"https:\/\/www.press7.tv\/?p=20524"},"author":{"name":"gazetar2","@id":"https:\/\/www.news33.tv\/#\/schema\/person\/5a04a38a23ccdba82f9bd665cd8f9efa"},"headline":"Kurti: Serbia mund t\u00eb nxis\u00eb incidente n\u00eb Gazimestan, grupe serb\u00ebsh nga rajoni do t\u00eb vijn\u00eb n\u00eb Kosov\u00eb","datePublished":"2025-06-27T12:14:00+00:00","mainEntityOfPage":{"@id":"https:\/\/www.press7.tv\/?p=20524"},"wordCount":227,"publisher":{"@id":"https:\/\/www.news33.tv\/#organization"},"image":{"@id":"https:\/\/www.press7.tv\/?p=20524#primaryimage"},"thumbnailUrl":"https:\/\/www.press7.tv\/wp-content\/uploads\/2025\/06\/IMG_5840.avif","articleSection":["Kosov\u00eb","Lajme"],"inLanguage":"en-US"},{"@type":"WebPage","@id":"https:\/\/www.press7.tv\/?p=20524","url":"https:\/\/www.press7.tv\/?p=20524","name":"Kurti: Serbia mund t\u00eb nxis\u00eb incidente n\u00eb Gazimestan, grupe serb\u00ebsh nga rajoni do t\u00eb vijn\u00eb n\u00eb Kosov\u00eb - press7.tv","isPartOf":{"@id":"https:\/\/www.news33.tv\/#website"},"primaryImageOfPage":{"@id":"https:\/\/www.press7.tv\/?p=20524#primaryimage"},"image":{"@id":"https:\/\/www.press7.tv\/?p=20524#primaryimage"},"thumbnailUrl":"https:\/\/www.press7.tv\/wp-content\/uploads\/2025\/06\/IMG_5840.avif","datePublished":"2025-06-27T12:14:00+00:00","breadcrumb":{"@id":"https:\/\/www.press7.tv\/?p=20524#breadcrumb"},"inLanguage":"en-US","potentialAction":[{"@type":"ReadAction","target":["https:\/\/www.press7.tv\/?p=20524"]}]},{"@type":"ImageObject","inLanguage":"en-US","@id":"https:\/\/www.press7.tv\/?p=20524#primaryimage","url":"https:\/\/www.press7.tv\/wp-content\/uploads\/2025\/06\/IMG_5840.avif","contentUrl":"https:\/\/www.press7.tv\/wp-content\/uploads\/2025\/06\/IMG_5840.avif","width":1360,"height":870},{"@type":"BreadcrumbList","@id":"https:\/\/www.press7.tv\/?p=20524#breadcrumb","itemListElement":[{"@type":"ListItem","position":1,"name":"Home","item":"https:\/\/www.press7.tv\/"},{"@type":"ListItem","position":2,"name":"Kurti: Serbia mund t\u00eb nxis\u00eb incidente n\u00eb Gazimestan, grupe serb\u00ebsh nga rajoni do t\u00eb vijn\u00eb n\u00eb Kosov\u00eb"}]},{"@type":"WebSite","@id":"https:\/\/www.news33.tv\/#website","url":"https:\/\/www.news33.tv\/","name":"News33.tv Media","description":"Media","publisher":{"@id":"https:\/\/www.news33.tv\/#organization"},"potentialAction":[{"@type":"SearchAction","target":{"@type":"EntryPoint","urlTemplate":"https:\/\/www.news33.tv\/?s={search_term_string}"},"query-input":{"@type":"PropertyValueSpecification","valueRequired":true,"valueName":"search_term_string"}}],"inLanguage":"en-US"},{"@type":"Organization","@id":"https:\/\/www.news33.tv\/#organization","name":"News33.tv Media","url":"https:\/\/www.news33.tv\/","logo":{"@type":"ImageObject","inLanguage":"en-US","@id":"https:\/\/www.news33.tv\/#\/schema\/logo\/image\/","url":"https:\/\/www.press7.tv\/wp-content\/uploads\/2024\/02\/logo-news33-black.png","contentUrl":"https:\/\/www.press7.tv\/wp-content\/uploads\/2024\/02\/logo-news33-black.png","width":180,"height":37,"caption":"News33.tv Media"},"image":{"@id":"https:\/\/www.news33.tv\/#\/schema\/logo\/image\/"},"sameAs":["https:\/\/www.facebook.com\/press7.tv"]},{"@type":"Person","@id":"https:\/\/www.news33.tv\/#\/schema\/person\/5a04a38a23ccdba82f9bd665cd8f9efa","name":"gazetar2","image":{"@type":"ImageObject","inLanguage":"en-US","@id":"https:\/\/www.news33.tv\/#\/schema\/person\/image\/","url":"https:\/\/www.press7.tv\/wp-content\/litespeed\/avatar\/41975e402c3049d9ddb03adca8f7a883.jpg?ver=1777169572","contentUrl":"https:\/\/www.press7.tv\/wp-content\/litespeed\/avatar\/41975e402c3049d9ddb03adca8f7a883.jpg?ver=1777169572","caption":"gazetar2"},"url":"https:\/\/www.press7.tv\/?author=8"}]}},"amp_enabled":true,"_links":{"self":[{"href":"https:\/\/www.press7.tv\/index.php?rest_route=\/wp\/v2\/posts\/20524","targetHints":{"allow":["GET"]}}],"collection":[{"href":"https:\/\/www.press7.tv\/index.php?rest_route=\/wp\/v2\/posts"}],"about":[{"href":"https:\/\/www.press7.tv\/index.php?rest_route=\/wp\/v2\/types\/post"}],"author":[{"embeddable":true,"href":"https:\/\/www.press7.tv\/index.php?rest_route=\/wp\/v2\/users\/8"}],"replies":[{"embeddable":true,"href":"https:\/\/www.press7.tv\/index.php?rest_route=%2Fwp%2Fv2%2Fcomments&post=20524"}],"version-history":[{"count":1,"href":"https:\/\/www.press7.tv\/index.php?rest_route=\/wp\/v2\/posts\/20524\/revisions"}],"predecessor-version":[{"id":20526,"href":"https:\/\/www.press7.tv\/index.php?rest_route=\/wp\/v2\/posts\/20524\/revisions\/20526"}],"wp:featuredmedia":[{"embeddable":true,"href":"https:\/\/www.press7.tv\/index.php?rest_route=\/wp\/v2\/media\/20525"}],"wp:attachment":[{"href":"https:\/\/www.press7.tv\/index.php?rest_route=%2Fwp%2Fv2%2Fmedia&parent=20524"}],"wp:term":[{"taxonomy":"category","embeddable":true,"href":"https:\/\/www.press7.tv\/index.php?rest_route=%2Fwp%2Fv2%2Fcategories&post=20524"},{"taxonomy":"post_tag","embeddable":true,"href":"https:\/\/www.press7.tv\/index.php?rest_route=%2Fwp%2Fv2%2Ftags&post=20524"}],"curies":[{"name":"wp","href":"https:\/\/api.w.org\/{rel}","templated":true}]}}