{"id":20510,"date":"2025-06-26T21:17:46","date_gmt":"2025-06-26T21:17:46","guid":{"rendered":"https:\/\/www.press7.tv\/?p=20510"},"modified":"2025-06-26T21:17:46","modified_gmt":"2025-06-26T21:17:46","slug":"kujdes-neser-pritet-te-jete-shume-nxehte-ekziston-rreziku-edhe-nga-rrufete-e-fuqishme","status":"publish","type":"post","link":"https:\/\/www.press7.tv\/?p=20510","title":{"rendered":"Kujdes! Nes\u00ebr pritet t\u00eb jet\u00eb shum\u00eb nxeht\u00eb, ekziston rreziku edhe nga rrufet\u00eb e fuqishme"},"content":{"rendered":"\n    <div class=\"xs_social_share_widget xs_share_url before_content \t\tmain_content  wslu-style-2 wslu-share-box-shaped wslu-fill-colored wslu-share-m-5 wslu-none wslu-share-vertical wslu-theme-font-no wslu-main_content\">\n\n\t\t\n        <ul>\n\t\t\t        <\/ul>\n    <\/div> \n<p>Nga DPHM njoftojn\u00eb se nes\u00ebr do t\u00eb mbaj\u00eb mot shum\u00eb i nxeht\u00eb. N\u00eb or\u00ebt e pasdites dhe t\u00eb mbr\u00ebmjes lokalisht do t\u00eb ket\u00eb paraqitje t\u00eb paq\u00ebndrueshm\u00ebris\u00eb me shi t\u00eb rr\u00ebmbyesh\u00ebm dhe bubullima, lokalisht n\u00eb form\u00eb stuhie me reshje intensive shiu, er\u00eb t\u00eb fort\u00eb, bubullima dhe paraqitje t\u00eb bresh\u00ebrit.<\/p>\n<p>N\u00eb Shkup, nes\u00ebr pasdite n\u00eb disa pjes\u00eb t\u00eb lugin\u00ebs do t\u00eb ket\u00eb paq\u00ebndrueshm\u00ebri me reshje t\u00eb rr\u00ebmbyeshme, bubullima dhe er\u00eb t\u00eb p\u00ebrforcuar, p\u00ebr nj\u00eb koh\u00eb t\u00eb shkurt\u00ebr n\u00eb form\u00eb stuhie.<\/p>\n<p>Rekomandim: N\u00eb rast paraqitjeje t\u00eb shkarkesave elektrike (rrufeve), rekomandohet kujdes m\u00eb i madh, t\u00eb mos q\u00ebndrohet n\u00eb hap\u00ebsira t\u00eb hapura dhe n\u00ebn drunj t\u00eb vetmuar.<\/p>\n","protected":false},"excerpt":{"rendered":"<p>Nga DPHM njoftojn\u00eb se nes\u00ebr do t\u00eb mbaj\u00eb mot shum\u00eb i nxeht\u00eb. N\u00eb or\u00ebt e pasdites dhe t\u00eb mbr\u00ebmjes lokalisht do t\u00eb ket\u00eb paraqitje t\u00eb paq\u00ebndrueshm\u00ebris\u00eb me shi t\u00eb rr\u00ebmbyesh\u00ebm dhe bubullima, lokalisht n\u00eb form\u00eb stuhie me reshje intensive shiu, er\u00eb t\u00eb fort\u00eb, bubullima dhe paraqitje t\u00eb bresh\u00ebrit. N\u00eb Shkup, nes\u00ebr pasdite n\u00eb disa pjes\u00eb [&hellip;]<\/p>\n","protected":false},"author":8,"featured_media":20511,"comment_status":"closed","ping_status":"closed","sticky":false,"template":"","format":"standard","meta":{"footnotes":""},"categories":[2888],"tags":[],"class_list":["post-20510","post","type-post","status-publish","format-standard","has-post-thumbnail","hentry","category-moti"],"yoast_head":"<!-- This site is optimized with the Yoast SEO plugin v25.1 - https:\/\/yoast.com\/wordpress\/plugins\/seo\/ -->\n<title>Kujdes! Nes\u00ebr pritet t\u00eb jet\u00eb shum\u00eb nxeht\u00eb, ekziston rreziku edhe nga rrufet\u00eb e fuqishme - press7.tv<\/title>\n<meta name=\"robots\" content=\"index, follow, max-snippet:-1, max-image-preview:large, max-video-preview:-1\" \/>\n<link rel=\"canonical\" href=\"https:\/\/www.press7.tv\/?p=20510\" \/>\n<meta property=\"og:locale\" content=\"en_US\" \/>\n<meta property=\"og:type\" content=\"article\" \/>\n<meta property=\"og:title\" content=\"Kujdes! Nes\u00ebr pritet t\u00eb jet\u00eb shum\u00eb nxeht\u00eb, ekziston rreziku edhe nga rrufet\u00eb e fuqishme - press7.tv\" \/>\n<meta property=\"og:description\" content=\"Nga DPHM njoftojn\u00eb se nes\u00ebr do t\u00eb mbaj\u00eb mot shum\u00eb i nxeht\u00eb. N\u00eb or\u00ebt e pasdites dhe t\u00eb mbr\u00ebmjes lokalisht do t\u00eb ket\u00eb paraqitje t\u00eb paq\u00ebndrueshm\u00ebris\u00eb me shi t\u00eb rr\u00ebmbyesh\u00ebm dhe bubullima, lokalisht n\u00eb form\u00eb stuhie me reshje intensive shiu, er\u00eb t\u00eb fort\u00eb, bubullima dhe paraqitje t\u00eb bresh\u00ebrit. N\u00eb Shkup, nes\u00ebr pasdite n\u00eb disa pjes\u00eb [&hellip;]\" \/>\n<meta property=\"og:url\" content=\"https:\/\/www.press7.tv\/?p=20510\" \/>\n<meta property=\"og:site_name\" content=\"press7.tv\" \/>\n<meta property=\"article:publisher\" content=\"https:\/\/www.facebook.com\/press7.tv\" \/>\n<meta property=\"article:published_time\" content=\"2025-06-26T21:17:46+00:00\" \/>\n<meta property=\"og:image\" content=\"https:\/\/www.press7.tv\/wp-content\/uploads\/2025\/06\/IMG_5824.avif\" \/>\n\t<meta property=\"og:image:width\" content=\"1242\" \/>\n\t<meta property=\"og:image:height\" content=\"731\" \/>\n\t<meta property=\"og:image:type\" content=\"image\/jpeg\" \/>\n<meta name=\"author\" content=\"gazetar2\" \/>\n<meta name=\"twitter:card\" content=\"summary_large_image\" \/>\n<meta name=\"twitter:label1\" content=\"Written by\" \/>\n\t<meta name=\"twitter:data1\" content=\"gazetar2\" \/>\n\t<meta name=\"twitter:label2\" content=\"Est. reading time\" \/>\n\t<meta name=\"twitter:data2\" content=\"1 minute\" \/>\n<script type=\"application\/ld+json\" class=\"yoast-schema-graph\">{\"@context\":\"https:\/\/schema.org\",\"@graph\":[{\"@type\":\"Article\",\"@id\":\"https:\/\/www.press7.tv\/?p=20510#article\",\"isPartOf\":{\"@id\":\"https:\/\/www.press7.tv\/?p=20510\"},\"author\":{\"name\":\"gazetar2\",\"@id\":\"https:\/\/www.news33.tv\/#\/schema\/person\/5a04a38a23ccdba82f9bd665cd8f9efa\"},\"headline\":\"Kujdes! Nes\u00ebr pritet t\u00eb jet\u00eb shum\u00eb nxeht\u00eb, ekziston rreziku edhe nga rrufet\u00eb e fuqishme\",\"datePublished\":\"2025-06-26T21:17:46+00:00\",\"mainEntityOfPage\":{\"@id\":\"https:\/\/www.press7.tv\/?p=20510\"},\"wordCount\":137,\"publisher\":{\"@id\":\"https:\/\/www.news33.tv\/#organization\"},\"image\":{\"@id\":\"https:\/\/www.press7.tv\/?p=20510#primaryimage\"},\"thumbnailUrl\":\"https:\/\/www.press7.tv\/wp-content\/uploads\/2025\/06\/IMG_5824.avif\",\"articleSection\":[\"Moti\"],\"inLanguage\":\"en-US\"},{\"@type\":\"WebPage\",\"@id\":\"https:\/\/www.press7.tv\/?p=20510\",\"url\":\"https:\/\/www.press7.tv\/?p=20510\",\"name\":\"Kujdes! Nes\u00ebr pritet t\u00eb jet\u00eb shum\u00eb nxeht\u00eb, ekziston rreziku edhe nga rrufet\u00eb e fuqishme - press7.tv\",\"isPartOf\":{\"@id\":\"https:\/\/www.news33.tv\/#website\"},\"primaryImageOfPage\":{\"@id\":\"https:\/\/www.press7.tv\/?p=20510#primaryimage\"},\"image\":{\"@id\":\"https:\/\/www.press7.tv\/?p=20510#primaryimage\"},\"thumbnailUrl\":\"https:\/\/www.press7.tv\/wp-content\/uploads\/2025\/06\/IMG_5824.avif\",\"datePublished\":\"2025-06-26T21:17:46+00:00\",\"breadcrumb\":{\"@id\":\"https:\/\/www.press7.tv\/?p=20510#breadcrumb\"},\"inLanguage\":\"en-US\",\"potentialAction\":[{\"@type\":\"ReadAction\",\"target\":[\"https:\/\/www.press7.tv\/?p=20510\"]}]},{\"@type\":\"ImageObject\",\"inLanguage\":\"en-US\",\"@id\":\"https:\/\/www.press7.tv\/?p=20510#primaryimage\",\"url\":\"https:\/\/www.press7.tv\/wp-content\/uploads\/2025\/06\/IMG_5824.avif\",\"contentUrl\":\"https:\/\/www.press7.tv\/wp-content\/uploads\/2025\/06\/IMG_5824.avif\",\"width\":1242,\"height\":731,\"caption\":\"Screenshot\"},{\"@type\":\"BreadcrumbList\",\"@id\":\"https:\/\/www.press7.tv\/?p=20510#breadcrumb\",\"itemListElement\":[{\"@type\":\"ListItem\",\"position\":1,\"name\":\"Home\",\"item\":\"https:\/\/www.press7.tv\/\"},{\"@type\":\"ListItem\",\"position\":2,\"name\":\"Kujdes! Nes\u00ebr pritet t\u00eb jet\u00eb shum\u00eb nxeht\u00eb, ekziston rreziku edhe nga rrufet\u00eb e fuqishme\"}]},{\"@type\":\"WebSite\",\"@id\":\"https:\/\/www.news33.tv\/#website\",\"url\":\"https:\/\/www.news33.tv\/\",\"name\":\"News33.tv Media\",\"description\":\"Media\",\"publisher\":{\"@id\":\"https:\/\/www.news33.tv\/#organization\"},\"potentialAction\":[{\"@type\":\"SearchAction\",\"target\":{\"@type\":\"EntryPoint\",\"urlTemplate\":\"https:\/\/www.news33.tv\/?s={search_term_string}\"},\"query-input\":{\"@type\":\"PropertyValueSpecification\",\"valueRequired\":true,\"valueName\":\"search_term_string\"}}],\"inLanguage\":\"en-US\"},{\"@type\":\"Organization\",\"@id\":\"https:\/\/www.news33.tv\/#organization\",\"name\":\"News33.tv Media\",\"url\":\"https:\/\/www.news33.tv\/\",\"logo\":{\"@type\":\"ImageObject\",\"inLanguage\":\"en-US\",\"@id\":\"https:\/\/www.news33.tv\/#\/schema\/logo\/image\/\",\"url\":\"https:\/\/www.press7.tv\/wp-content\/uploads\/2024\/02\/logo-news33-black.png\",\"contentUrl\":\"https:\/\/www.press7.tv\/wp-content\/uploads\/2024\/02\/logo-news33-black.png\",\"width\":180,\"height\":37,\"caption\":\"News33.tv Media\"},\"image\":{\"@id\":\"https:\/\/www.news33.tv\/#\/schema\/logo\/image\/\"},\"sameAs\":[\"https:\/\/www.facebook.com\/press7.tv\"]},{\"@type\":\"Person\",\"@id\":\"https:\/\/www.news33.tv\/#\/schema\/person\/5a04a38a23ccdba82f9bd665cd8f9efa\",\"name\":\"gazetar2\",\"image\":{\"@type\":\"ImageObject\",\"inLanguage\":\"en-US\",\"@id\":\"https:\/\/www.news33.tv\/#\/schema\/person\/image\/\",\"url\":\"https:\/\/www.press7.tv\/wp-content\/litespeed\/avatar\/41975e402c3049d9ddb03adca8f7a883.jpg?ver=1777169572\",\"contentUrl\":\"https:\/\/www.press7.tv\/wp-content\/litespeed\/avatar\/41975e402c3049d9ddb03adca8f7a883.jpg?ver=1777169572\",\"caption\":\"gazetar2\"},\"url\":\"https:\/\/www.press7.tv\/?author=8\"}]}<\/script>\n<!-- \/ Yoast SEO plugin. -->","yoast_head_json":{"title":"Kujdes! Nes\u00ebr pritet t\u00eb jet\u00eb shum\u00eb nxeht\u00eb, ekziston rreziku edhe nga rrufet\u00eb e fuqishme - press7.tv","robots":{"index":"index","follow":"follow","max-snippet":"max-snippet:-1","max-image-preview":"max-image-preview:large","max-video-preview":"max-video-preview:-1"},"canonical":"https:\/\/www.press7.tv\/?p=20510","og_locale":"en_US","og_type":"article","og_title":"Kujdes! Nes\u00ebr pritet t\u00eb jet\u00eb shum\u00eb nxeht\u00eb, ekziston rreziku edhe nga rrufet\u00eb e fuqishme - press7.tv","og_description":"Nga DPHM njoftojn\u00eb se nes\u00ebr do t\u00eb mbaj\u00eb mot shum\u00eb i nxeht\u00eb. N\u00eb or\u00ebt e pasdites dhe t\u00eb mbr\u00ebmjes lokalisht do t\u00eb ket\u00eb paraqitje t\u00eb paq\u00ebndrueshm\u00ebris\u00eb me shi t\u00eb rr\u00ebmbyesh\u00ebm dhe bubullima, lokalisht n\u00eb form\u00eb stuhie me reshje intensive shiu, er\u00eb t\u00eb fort\u00eb, bubullima dhe paraqitje t\u00eb bresh\u00ebrit. N\u00eb Shkup, nes\u00ebr pasdite n\u00eb disa pjes\u00eb [&hellip;]","og_url":"https:\/\/www.press7.tv\/?p=20510","og_site_name":"press7.tv","article_publisher":"https:\/\/www.facebook.com\/press7.tv","article_published_time":"2025-06-26T21:17:46+00:00","og_image":[{"width":1242,"height":731,"url":"https:\/\/www.press7.tv\/wp-content\/uploads\/2025\/06\/IMG_5824.avif","type":"image\/jpeg"}],"author":"gazetar2","twitter_card":"summary_large_image","twitter_misc":{"Written by":"gazetar2","Est. reading time":"1 minute"},"schema":{"@context":"https:\/\/schema.org","@graph":[{"@type":"Article","@id":"https:\/\/www.press7.tv\/?p=20510#article","isPartOf":{"@id":"https:\/\/www.press7.tv\/?p=20510"},"author":{"name":"gazetar2","@id":"https:\/\/www.news33.tv\/#\/schema\/person\/5a04a38a23ccdba82f9bd665cd8f9efa"},"headline":"Kujdes! Nes\u00ebr pritet t\u00eb jet\u00eb shum\u00eb nxeht\u00eb, ekziston rreziku edhe nga rrufet\u00eb e fuqishme","datePublished":"2025-06-26T21:17:46+00:00","mainEntityOfPage":{"@id":"https:\/\/www.press7.tv\/?p=20510"},"wordCount":137,"publisher":{"@id":"https:\/\/www.news33.tv\/#organization"},"image":{"@id":"https:\/\/www.press7.tv\/?p=20510#primaryimage"},"thumbnailUrl":"https:\/\/www.press7.tv\/wp-content\/uploads\/2025\/06\/IMG_5824.avif","articleSection":["Moti"],"inLanguage":"en-US"},{"@type":"WebPage","@id":"https:\/\/www.press7.tv\/?p=20510","url":"https:\/\/www.press7.tv\/?p=20510","name":"Kujdes! Nes\u00ebr pritet t\u00eb jet\u00eb shum\u00eb nxeht\u00eb, ekziston rreziku edhe nga rrufet\u00eb e fuqishme - press7.tv","isPartOf":{"@id":"https:\/\/www.news33.tv\/#website"},"primaryImageOfPage":{"@id":"https:\/\/www.press7.tv\/?p=20510#primaryimage"},"image":{"@id":"https:\/\/www.press7.tv\/?p=20510#primaryimage"},"thumbnailUrl":"https:\/\/www.press7.tv\/wp-content\/uploads\/2025\/06\/IMG_5824.avif","datePublished":"2025-06-26T21:17:46+00:00","breadcrumb":{"@id":"https:\/\/www.press7.tv\/?p=20510#breadcrumb"},"inLanguage":"en-US","potentialAction":[{"@type":"ReadAction","target":["https:\/\/www.press7.tv\/?p=20510"]}]},{"@type":"ImageObject","inLanguage":"en-US","@id":"https:\/\/www.press7.tv\/?p=20510#primaryimage","url":"https:\/\/www.press7.tv\/wp-content\/uploads\/2025\/06\/IMG_5824.avif","contentUrl":"https:\/\/www.press7.tv\/wp-content\/uploads\/2025\/06\/IMG_5824.avif","width":1242,"height":731,"caption":"Screenshot"},{"@type":"BreadcrumbList","@id":"https:\/\/www.press7.tv\/?p=20510#breadcrumb","itemListElement":[{"@type":"ListItem","position":1,"name":"Home","item":"https:\/\/www.press7.tv\/"},{"@type":"ListItem","position":2,"name":"Kujdes! Nes\u00ebr pritet t\u00eb jet\u00eb shum\u00eb nxeht\u00eb, ekziston rreziku edhe nga rrufet\u00eb e fuqishme"}]},{"@type":"WebSite","@id":"https:\/\/www.news33.tv\/#website","url":"https:\/\/www.news33.tv\/","name":"News33.tv Media","description":"Media","publisher":{"@id":"https:\/\/www.news33.tv\/#organization"},"potentialAction":[{"@type":"SearchAction","target":{"@type":"EntryPoint","urlTemplate":"https:\/\/www.news33.tv\/?s={search_term_string}"},"query-input":{"@type":"PropertyValueSpecification","valueRequired":true,"valueName":"search_term_string"}}],"inLanguage":"en-US"},{"@type":"Organization","@id":"https:\/\/www.news33.tv\/#organization","name":"News33.tv Media","url":"https:\/\/www.news33.tv\/","logo":{"@type":"ImageObject","inLanguage":"en-US","@id":"https:\/\/www.news33.tv\/#\/schema\/logo\/image\/","url":"https:\/\/www.press7.tv\/wp-content\/uploads\/2024\/02\/logo-news33-black.png","contentUrl":"https:\/\/www.press7.tv\/wp-content\/uploads\/2024\/02\/logo-news33-black.png","width":180,"height":37,"caption":"News33.tv Media"},"image":{"@id":"https:\/\/www.news33.tv\/#\/schema\/logo\/image\/"},"sameAs":["https:\/\/www.facebook.com\/press7.tv"]},{"@type":"Person","@id":"https:\/\/www.news33.tv\/#\/schema\/person\/5a04a38a23ccdba82f9bd665cd8f9efa","name":"gazetar2","image":{"@type":"ImageObject","inLanguage":"en-US","@id":"https:\/\/www.news33.tv\/#\/schema\/person\/image\/","url":"https:\/\/www.press7.tv\/wp-content\/litespeed\/avatar\/41975e402c3049d9ddb03adca8f7a883.jpg?ver=1777169572","contentUrl":"https:\/\/www.press7.tv\/wp-content\/litespeed\/avatar\/41975e402c3049d9ddb03adca8f7a883.jpg?ver=1777169572","caption":"gazetar2"},"url":"https:\/\/www.press7.tv\/?author=8"}]}},"amp_enabled":true,"_links":{"self":[{"href":"https:\/\/www.press7.tv\/index.php?rest_route=\/wp\/v2\/posts\/20510","targetHints":{"allow":["GET"]}}],"collection":[{"href":"https:\/\/www.press7.tv\/index.php?rest_route=\/wp\/v2\/posts"}],"about":[{"href":"https:\/\/www.press7.tv\/index.php?rest_route=\/wp\/v2\/types\/post"}],"author":[{"embeddable":true,"href":"https:\/\/www.press7.tv\/index.php?rest_route=\/wp\/v2\/users\/8"}],"replies":[{"embeddable":true,"href":"https:\/\/www.press7.tv\/index.php?rest_route=%2Fwp%2Fv2%2Fcomments&post=20510"}],"version-history":[{"count":1,"href":"https:\/\/www.press7.tv\/index.php?rest_route=\/wp\/v2\/posts\/20510\/revisions"}],"predecessor-version":[{"id":20512,"href":"https:\/\/www.press7.tv\/index.php?rest_route=\/wp\/v2\/posts\/20510\/revisions\/20512"}],"wp:featuredmedia":[{"embeddable":true,"href":"https:\/\/www.press7.tv\/index.php?rest_route=\/wp\/v2\/media\/20511"}],"wp:attachment":[{"href":"https:\/\/www.press7.tv\/index.php?rest_route=%2Fwp%2Fv2%2Fmedia&parent=20510"}],"wp:term":[{"taxonomy":"category","embeddable":true,"href":"https:\/\/www.press7.tv\/index.php?rest_route=%2Fwp%2Fv2%2Fcategories&post=20510"},{"taxonomy":"post_tag","embeddable":true,"href":"https:\/\/www.press7.tv\/index.php?rest_route=%2Fwp%2Fv2%2Ftags&post=20510"}],"curies":[{"name":"wp","href":"https:\/\/api.w.org\/{rel}","templated":true}]}}