{"id":20501,"date":"2025-06-25T18:23:34","date_gmt":"2025-06-25T18:23:34","guid":{"rendered":"https:\/\/www.press7.tv\/?p=20501"},"modified":"2025-06-25T18:23:34","modified_gmt":"2025-06-25T18:23:34","slug":"haxhiu-lvv-ja-ndoshta-e-nderron-propozimin-per-kryeparlamentar","status":"publish","type":"post","link":"https:\/\/www.press7.tv\/?p=20501","title":{"rendered":"Haxhiu: LVV-ja ndoshta e nd\u00ebrron propozimin p\u00ebr kryeparlamentar"},"content":{"rendered":"\n    <div class=\"xs_social_share_widget xs_share_url before_content \t\tmain_content  wslu-style-2 wslu-share-box-shaped wslu-fill-colored wslu-share-m-5 wslu-none wslu-share-vertical wslu-theme-font-no wslu-main_content\">\n\n\t\t\n        <ul>\n\t\t\t        <\/ul>\n    <\/div> \n<p>Seanca p\u00ebr konstituimin e legjislatur\u00ebs s\u00eb re t\u00eb Kuvendit ka d\u00ebshtuar p\u00ebr her\u00eb t\u00eb 37-t\u00eb. Si pasoj\u00eb e munges\u00ebs s\u00eb kuorumit vendimmarr\u00ebs, vazhdimi i seanc\u00ebs u nd\u00ebrpre p\u00ebr 48 or\u00eb. Partit\u00eb nga t\u00eb dy kampet politike p\u00ebrs\u00ebriten akuzat e nj\u00ebjta ndaj nj\u00ebra-tjetr\u00ebs. E, e propozuara e LVV-s\u00eb p\u00ebr kryeparlamentare, Albulena Haxhiu, dha sinjale se partia q\u00eb i p\u00ebrket mund edhe ta ndryshoj\u00eb propozimin<\/p>\n<p>Kandidatja e L\u00ebvizjes Vet\u00ebvendosje p\u00ebr kryeparlamentare, Albulena Haxhiu, ka th\u00ebn\u00eb t\u00eb m\u00ebrkur\u00ebn se n\u00ebse n\u00eb Kuvend tejkalohet ng\u00ebr\u00e7i te Komisioni p\u00ebr votimin e fsheht\u00eb, partia q\u00eb ajo i p\u00ebrket mund ta jap\u00eb nj\u00eb propozim tjet\u00ebr p\u00ebr kryeparlamentar, si\u00e7 kan\u00eb k\u00ebrkuar partit\u00eb opozitare.<\/p>\n<p>\u201cKushedi, ndoshta Vet\u00ebvendosja do ta ket\u00eb nj\u00eb q\u00ebndrim tjet\u00ebr. Por, nj\u00eb her\u00eb po flasim p\u00ebr Komisionin p\u00ebr votimin e fsheht\u00eb. Por, opozita s\u2019po lejon as t\u00eb shkoj\u00eb te propozimi i radh\u00ebs\u201d, ka th\u00ebn\u00eb Haxhiu.<\/p>\n<p>Dy nga tri subjektet politike q\u00eb n\u00eb mandatin e shkuar kan\u00eb qen\u00eb n\u00eb opozit\u00eb kan\u00eb dh\u00ebn\u00eb zotimin se do t\u00eb votojn\u00eb pro kryeparlamentarit q\u00eb e propozon LVV-ja, n\u00eb rast se nd\u00ebrrohet emri. Por, kan\u00eb p\u00ebrmendur disa kushte. PDK-ja ka k\u00ebrkuar q\u00eb kandidat\u00eb nuk duhet t\u00eb jen\u00eb ndonj\u00eb nga an\u00ebtar\u00ebt e qeveris\u00eb s\u00eb mandatit q\u00eb ka p\u00ebrfunduar, nd\u00ebrkaq AAK-ja ka precizuar tre emra t\u00eb mundsh\u00ebm deputet\u00ebsh q\u00eb do t\u2019i votonte p\u00ebr drejtimin e Kuvendit. <\/p>\n<p>Nd\u00ebrkaq, LDK-ja \u00ebsht\u00eb partia e vetme q\u00eb ka shprehur q\u00ebndrimin p\u00ebr t\u00eb mos votuar dik\u00eb nga kandidat\u00ebt e propozuar nga LVV-ja.<\/p>\n<p>E, kryetari i k\u00ebsaj partie, Lumir Abdixhiku, e ka cil\u00ebsuar t\u00eb palogjikshme deklarat\u00ebn kryeministrit n\u00eb detyr\u00eb Albin Kurti, q\u00eb t\u00eb mart\u00ebn tha se opozita n\u00eb Kosov\u00eb po ia zgjat mandatin e tij n\u00eb Qeveri, me mospjes\u00ebmarrje n\u00eb votim n\u00eb seanc\u00ebn konstituive t\u00eb Kuvendit.<\/p>\n<p>Abdixhiku u shpreh se Kurti ka uzurpuar dy pozita shtet\u00ebrore, at\u00eb t\u00eb kryeministrit dhe t\u00eb deputetit n\u00eb t\u00eb nj\u00ebjt\u00ebn koh\u00eb.<\/p>\n<p>\u201cMos i d\u00ebgjoni t\u00eb gjith\u00eb njer\u00ebzit q\u00eb flasin gj\u00ebra pa fije inteligjence, si t\u00eb ia zgjasin mandatin zot\u00ebri Kurtit. \u00cbsht\u00eb jo legjitim, nuk ka mandat, e ka uzurpuar detyr\u00ebn e kryeministrit dhe t\u00eb deputetit n\u00eb t\u00eb nj\u00ebjt\u00ebn koh\u00eb. Nuk ka logjik\u00eb nj\u00eb gj\u00eb e till\u00eb. \u00cbsht\u00eb urgjente q\u00eb t\u00eb b\u00ebhen institucionet\u201d, ka th\u00ebn\u00eb Abdixhiku.<\/p>\n<p>E p\u00ebr \u00e7\u00ebshtjen e mbajtjes s\u00eb dy pozitave nj\u00ebher\u00ebsh, Kurti u pyet nga gazetar\u00ebt se n\u00eb \u00e7far\u00eb cil\u00ebsie po shkon t\u00eb marr\u00eb pjes\u00eb n\u00eb seanc\u00eb, por nuk u p\u00ebrgjigj.<\/p>\n<p>Kurti shkoi n\u00eb seanc\u00eb bashk\u00eb me 91 deputet\u00eb.<\/p>\n<p>Por, mbledhja e tyre q\u00eb zgjati vet\u00ebm pak minuta e sh\u00ebnoi d\u00ebshtimin e 37-t\u00eb n\u00eb konstituimin e legjislatur\u00ebs s\u00eb re t\u00eb Kuvendit.<\/p>\n<p>N\u00eb votim doli formimi i Komisionit p\u00ebr votimin e fsheht\u00eb q\u00eb s\u00ebrish nuk u kompletua me an\u00ebtar\u00eb t\u00eb PDK-s\u00eb, LDK-s\u00eb, AAK-s\u00eb dhe Nism\u00ebs, si dhe t\u00eb List\u00ebs Serbe. <\/p>\n<p>Pa votat e tyre as nuk u formua e as kund\u00ebrshtua ky komision.<\/p>\n<p>Mungesa e kuorumit vendimmarr\u00ebs e nd\u00ebrpreu edhe k\u00ebt\u00eb vazhdim t\u00eb seanc\u00ebs konstituive.<\/p>\n<p>\u201c52 deputet\u00eb kan\u00eb dh\u00ebn\u00eb vot\u00ebn p\u00ebr, kund\u00ebr nuk ka, abstenime nuk ka, nd\u00ebrpritet seanca\u201d, ka kumtuar kryesuesi i seanc\u00ebs, deputeti Avni Dehari.<\/p>\n<p>E pas saj deputet\u00ebt nga t\u00eb dy tabor\u00ebt politik\u00eb p\u00ebrs\u00ebrit\u00ebn akuzat e nj\u00ebjta p\u00ebr nj\u00ebri-tjetrin.<\/p>\n<p>\u201cS\u00ebrish ishim d\u00ebshmitar\u00eb t\u00eb shp\u00ebrfaqjes s\u00eb pap\u00ebrgjegj\u00ebsis\u00eb politike, qytetare, t\u00eb subjektit t\u00eb par\u00eb parlamentar. Kjo gjendje, kjo situat\u00eb \u00ebsht\u00eb t\u00ebr\u00ebsisht e papranueshme. Mir\u00ebpo, n\u00eb k\u00ebt\u00eb pik\u00eb t\u00eb bllokad\u00ebs s\u00eb plot\u00eb jemi si rezultat i kryene\u00e7\u00ebsis\u00eb, e pap\u00ebrgjegj\u00ebsis\u00eb s\u00eb L\u00ebvizjes Vet\u00ebvendosje dhe Albin Kurtit\u201d, ka th\u00ebn\u00eb deputetja e PDK-s\u00eb, Vlora \u00c7itaku.<\/p>\n<p>Edhe deputeti i LDK-s\u00eb, Alban Zogaj, hodhi akuza t\u00eb k\u00ebsaj natyre.<\/p>\n<p>\u201cFajtori kryesor p\u00ebr k\u00ebt\u00eb situat\u00eb q\u00eb e kemi aktualisht \u00ebsht\u00eb partia e cila i ka fituar zgjedhjet n\u00eb k\u00ebt\u00eb vend. Brenga jon\u00eb m\u00eb e madhe \u00ebsht\u00eb se nuk ka asnj\u00eb p\u00ebrpjekje p\u00ebr t\u00eb dal\u00eb nga kjo situat\u00eb. Pa p\u00ebrpjekje serioze p\u00ebr t\u00eb dal\u00eb nga kjo situat\u00eb ne do t\u00eb jemi k\u00ebshtu edhe n\u00eb seri t\u00eb tjera t\u00eb takimeve\u201d, ka th\u00ebn\u00eb ai.<\/p>\n<p>Por, akuzave u \u00ebsht\u00eb kund\u00ebrv\u00ebn\u00eb deputetja e LVV-s\u00eb, Jeta Statovci.<\/p>\n<p>\u201cNe po e shohim q\u00eb egoja e opozit\u00ebs \u00ebsht\u00eb m\u00eb e lart\u00eb sesa interesi i Kosov\u00ebs dhe konstituimi i Kuvendit. Andaj p\u00ebrmes nj\u00eb strategjie sabotuese dhe bllokuese nuk kemi pjes\u00ebmarrje t\u00eb procesit t\u00eb votimit. Ne kemi qen\u00eb vazhdimisht thirr\u00ebs n\u00eb sensin q\u00eb t\u00eb kemi pjes\u00ebmarrje t\u00eb votimit qoft\u00eb p\u00ebrmes vot\u00ebs p\u00ebr, kund\u00ebr, apo abstenimeve\u201d, ka th\u00ebn\u00eb ajo.<\/p>\n<p>T\u00eb premten do t\u00eb mbahet vazhdimi i 38-t\u00eb i seanc\u00ebs konstituive me fillim nga ora 11. <\/p>\n","protected":false},"excerpt":{"rendered":"<p>Seanca p\u00ebr konstituimin e legjislatur\u00ebs s\u00eb re t\u00eb Kuvendit ka d\u00ebshtuar p\u00ebr her\u00eb t\u00eb 37-t\u00eb. Si pasoj\u00eb e munges\u00ebs s\u00eb kuorumit vendimmarr\u00ebs, vazhdimi i seanc\u00ebs u nd\u00ebrpre p\u00ebr 48 or\u00eb. Partit\u00eb nga t\u00eb dy kampet politike p\u00ebrs\u00ebriten akuzat e nj\u00ebjta ndaj nj\u00ebra-tjetr\u00ebs. E, e propozuara e LVV-s\u00eb p\u00ebr kryeparlamentare, Albulena Haxhiu, dha sinjale se partia [&hellip;]<\/p>\n","protected":false},"author":8,"featured_media":20502,"comment_status":"closed","ping_status":"closed","sticky":false,"template":"","format":"standard","meta":{"footnotes":""},"categories":[215,213],"tags":[],"class_list":["post-20501","post","type-post","status-publish","format-standard","has-post-thumbnail","hentry","category-kosove","category-lajme"],"yoast_head":"<!-- This site is optimized with the Yoast SEO plugin v25.1 - https:\/\/yoast.com\/wordpress\/plugins\/seo\/ -->\n<title>Haxhiu: LVV-ja ndoshta e nd\u00ebrron propozimin p\u00ebr kryeparlamentar - press7.tv<\/title>\n<meta name=\"robots\" content=\"index, follow, max-snippet:-1, max-image-preview:large, max-video-preview:-1\" \/>\n<link rel=\"canonical\" href=\"https:\/\/www.press7.tv\/?p=20501\" \/>\n<meta property=\"og:locale\" content=\"en_US\" \/>\n<meta property=\"og:type\" content=\"article\" \/>\n<meta property=\"og:title\" content=\"Haxhiu: LVV-ja ndoshta e nd\u00ebrron propozimin p\u00ebr kryeparlamentar - press7.tv\" \/>\n<meta property=\"og:description\" content=\"Seanca p\u00ebr konstituimin e legjislatur\u00ebs s\u00eb re t\u00eb Kuvendit ka d\u00ebshtuar p\u00ebr her\u00eb t\u00eb 37-t\u00eb. Si pasoj\u00eb e munges\u00ebs s\u00eb kuorumit vendimmarr\u00ebs, vazhdimi i seanc\u00ebs u nd\u00ebrpre p\u00ebr 48 or\u00eb. Partit\u00eb nga t\u00eb dy kampet politike p\u00ebrs\u00ebriten akuzat e nj\u00ebjta ndaj nj\u00ebra-tjetr\u00ebs. E, e propozuara e LVV-s\u00eb p\u00ebr kryeparlamentare, Albulena Haxhiu, dha sinjale se partia [&hellip;]\" \/>\n<meta property=\"og:url\" content=\"https:\/\/www.press7.tv\/?p=20501\" \/>\n<meta property=\"og:site_name\" content=\"press7.tv\" \/>\n<meta property=\"article:publisher\" content=\"https:\/\/www.facebook.com\/press7.tv\" \/>\n<meta property=\"article:published_time\" content=\"2025-06-25T18:23:34+00:00\" \/>\n<meta property=\"og:image\" content=\"https:\/\/www.press7.tv\/wp-content\/uploads\/2025\/06\/IMG_5676.avif\" \/>\n\t<meta property=\"og:image:width\" content=\"1238\" \/>\n\t<meta property=\"og:image:height\" content=\"627\" \/>\n\t<meta property=\"og:image:type\" content=\"image\/jpeg\" \/>\n<meta name=\"author\" content=\"gazetar2\" \/>\n<meta name=\"twitter:card\" content=\"summary_large_image\" \/>\n<meta name=\"twitter:label1\" content=\"Written by\" \/>\n\t<meta name=\"twitter:data1\" content=\"gazetar2\" \/>\n\t<meta name=\"twitter:label2\" content=\"Est. reading time\" \/>\n\t<meta name=\"twitter:data2\" content=\"1 minute\" \/>\n<script type=\"application\/ld+json\" class=\"yoast-schema-graph\">{\"@context\":\"https:\/\/schema.org\",\"@graph\":[{\"@type\":\"Article\",\"@id\":\"https:\/\/www.press7.tv\/?p=20501#article\",\"isPartOf\":{\"@id\":\"https:\/\/www.press7.tv\/?p=20501\"},\"author\":{\"name\":\"gazetar2\",\"@id\":\"https:\/\/www.news33.tv\/#\/schema\/person\/5a04a38a23ccdba82f9bd665cd8f9efa\"},\"headline\":\"Haxhiu: LVV-ja ndoshta e nd\u00ebrron propozimin p\u00ebr kryeparlamentar\",\"datePublished\":\"2025-06-25T18:23:34+00:00\",\"mainEntityOfPage\":{\"@id\":\"https:\/\/www.press7.tv\/?p=20501\"},\"wordCount\":856,\"publisher\":{\"@id\":\"https:\/\/www.news33.tv\/#organization\"},\"image\":{\"@id\":\"https:\/\/www.press7.tv\/?p=20501#primaryimage\"},\"thumbnailUrl\":\"https:\/\/www.press7.tv\/wp-content\/uploads\/2025\/06\/IMG_5676.avif\",\"articleSection\":[\"Kosov\u00eb\",\"Lajme\"],\"inLanguage\":\"en-US\"},{\"@type\":\"WebPage\",\"@id\":\"https:\/\/www.press7.tv\/?p=20501\",\"url\":\"https:\/\/www.press7.tv\/?p=20501\",\"name\":\"Haxhiu: LVV-ja ndoshta e nd\u00ebrron propozimin p\u00ebr kryeparlamentar - press7.tv\",\"isPartOf\":{\"@id\":\"https:\/\/www.news33.tv\/#website\"},\"primaryImageOfPage\":{\"@id\":\"https:\/\/www.press7.tv\/?p=20501#primaryimage\"},\"image\":{\"@id\":\"https:\/\/www.press7.tv\/?p=20501#primaryimage\"},\"thumbnailUrl\":\"https:\/\/www.press7.tv\/wp-content\/uploads\/2025\/06\/IMG_5676.avif\",\"datePublished\":\"2025-06-25T18:23:34+00:00\",\"breadcrumb\":{\"@id\":\"https:\/\/www.press7.tv\/?p=20501#breadcrumb\"},\"inLanguage\":\"en-US\",\"potentialAction\":[{\"@type\":\"ReadAction\",\"target\":[\"https:\/\/www.press7.tv\/?p=20501\"]}]},{\"@type\":\"ImageObject\",\"inLanguage\":\"en-US\",\"@id\":\"https:\/\/www.press7.tv\/?p=20501#primaryimage\",\"url\":\"https:\/\/www.press7.tv\/wp-content\/uploads\/2025\/06\/IMG_5676.avif\",\"contentUrl\":\"https:\/\/www.press7.tv\/wp-content\/uploads\/2025\/06\/IMG_5676.avif\",\"width\":1238,\"height\":627,\"caption\":\"Screenshot\"},{\"@type\":\"BreadcrumbList\",\"@id\":\"https:\/\/www.press7.tv\/?p=20501#breadcrumb\",\"itemListElement\":[{\"@type\":\"ListItem\",\"position\":1,\"name\":\"Home\",\"item\":\"https:\/\/www.press7.tv\/\"},{\"@type\":\"ListItem\",\"position\":2,\"name\":\"Haxhiu: LVV-ja ndoshta e nd\u00ebrron propozimin p\u00ebr kryeparlamentar\"}]},{\"@type\":\"WebSite\",\"@id\":\"https:\/\/www.news33.tv\/#website\",\"url\":\"https:\/\/www.news33.tv\/\",\"name\":\"News33.tv Media\",\"description\":\"Media\",\"publisher\":{\"@id\":\"https:\/\/www.news33.tv\/#organization\"},\"potentialAction\":[{\"@type\":\"SearchAction\",\"target\":{\"@type\":\"EntryPoint\",\"urlTemplate\":\"https:\/\/www.news33.tv\/?s={search_term_string}\"},\"query-input\":{\"@type\":\"PropertyValueSpecification\",\"valueRequired\":true,\"valueName\":\"search_term_string\"}}],\"inLanguage\":\"en-US\"},{\"@type\":\"Organization\",\"@id\":\"https:\/\/www.news33.tv\/#organization\",\"name\":\"News33.tv Media\",\"url\":\"https:\/\/www.news33.tv\/\",\"logo\":{\"@type\":\"ImageObject\",\"inLanguage\":\"en-US\",\"@id\":\"https:\/\/www.news33.tv\/#\/schema\/logo\/image\/\",\"url\":\"https:\/\/www.press7.tv\/wp-content\/uploads\/2024\/02\/logo-news33-black.png\",\"contentUrl\":\"https:\/\/www.press7.tv\/wp-content\/uploads\/2024\/02\/logo-news33-black.png\",\"width\":180,\"height\":37,\"caption\":\"News33.tv Media\"},\"image\":{\"@id\":\"https:\/\/www.news33.tv\/#\/schema\/logo\/image\/\"},\"sameAs\":[\"https:\/\/www.facebook.com\/press7.tv\"]},{\"@type\":\"Person\",\"@id\":\"https:\/\/www.news33.tv\/#\/schema\/person\/5a04a38a23ccdba82f9bd665cd8f9efa\",\"name\":\"gazetar2\",\"image\":{\"@type\":\"ImageObject\",\"inLanguage\":\"en-US\",\"@id\":\"https:\/\/www.news33.tv\/#\/schema\/person\/image\/\",\"url\":\"https:\/\/www.press7.tv\/wp-content\/litespeed\/avatar\/41975e402c3049d9ddb03adca8f7a883.jpg?ver=1777169572\",\"contentUrl\":\"https:\/\/www.press7.tv\/wp-content\/litespeed\/avatar\/41975e402c3049d9ddb03adca8f7a883.jpg?ver=1777169572\",\"caption\":\"gazetar2\"},\"url\":\"https:\/\/www.press7.tv\/?author=8\"}]}<\/script>\n<!-- \/ Yoast SEO plugin. -->","yoast_head_json":{"title":"Haxhiu: LVV-ja ndoshta e nd\u00ebrron propozimin p\u00ebr kryeparlamentar - press7.tv","robots":{"index":"index","follow":"follow","max-snippet":"max-snippet:-1","max-image-preview":"max-image-preview:large","max-video-preview":"max-video-preview:-1"},"canonical":"https:\/\/www.press7.tv\/?p=20501","og_locale":"en_US","og_type":"article","og_title":"Haxhiu: LVV-ja ndoshta e nd\u00ebrron propozimin p\u00ebr kryeparlamentar - press7.tv","og_description":"Seanca p\u00ebr konstituimin e legjislatur\u00ebs s\u00eb re t\u00eb Kuvendit ka d\u00ebshtuar p\u00ebr her\u00eb t\u00eb 37-t\u00eb. Si pasoj\u00eb e munges\u00ebs s\u00eb kuorumit vendimmarr\u00ebs, vazhdimi i seanc\u00ebs u nd\u00ebrpre p\u00ebr 48 or\u00eb. Partit\u00eb nga t\u00eb dy kampet politike p\u00ebrs\u00ebriten akuzat e nj\u00ebjta ndaj nj\u00ebra-tjetr\u00ebs. E, e propozuara e LVV-s\u00eb p\u00ebr kryeparlamentare, Albulena Haxhiu, dha sinjale se partia [&hellip;]","og_url":"https:\/\/www.press7.tv\/?p=20501","og_site_name":"press7.tv","article_publisher":"https:\/\/www.facebook.com\/press7.tv","article_published_time":"2025-06-25T18:23:34+00:00","og_image":[{"width":1238,"height":627,"url":"https:\/\/www.press7.tv\/wp-content\/uploads\/2025\/06\/IMG_5676.avif","type":"image\/jpeg"}],"author":"gazetar2","twitter_card":"summary_large_image","twitter_misc":{"Written by":"gazetar2","Est. reading time":"1 minute"},"schema":{"@context":"https:\/\/schema.org","@graph":[{"@type":"Article","@id":"https:\/\/www.press7.tv\/?p=20501#article","isPartOf":{"@id":"https:\/\/www.press7.tv\/?p=20501"},"author":{"name":"gazetar2","@id":"https:\/\/www.news33.tv\/#\/schema\/person\/5a04a38a23ccdba82f9bd665cd8f9efa"},"headline":"Haxhiu: LVV-ja ndoshta e nd\u00ebrron propozimin p\u00ebr kryeparlamentar","datePublished":"2025-06-25T18:23:34+00:00","mainEntityOfPage":{"@id":"https:\/\/www.press7.tv\/?p=20501"},"wordCount":856,"publisher":{"@id":"https:\/\/www.news33.tv\/#organization"},"image":{"@id":"https:\/\/www.press7.tv\/?p=20501#primaryimage"},"thumbnailUrl":"https:\/\/www.press7.tv\/wp-content\/uploads\/2025\/06\/IMG_5676.avif","articleSection":["Kosov\u00eb","Lajme"],"inLanguage":"en-US"},{"@type":"WebPage","@id":"https:\/\/www.press7.tv\/?p=20501","url":"https:\/\/www.press7.tv\/?p=20501","name":"Haxhiu: LVV-ja ndoshta e nd\u00ebrron propozimin p\u00ebr kryeparlamentar - press7.tv","isPartOf":{"@id":"https:\/\/www.news33.tv\/#website"},"primaryImageOfPage":{"@id":"https:\/\/www.press7.tv\/?p=20501#primaryimage"},"image":{"@id":"https:\/\/www.press7.tv\/?p=20501#primaryimage"},"thumbnailUrl":"https:\/\/www.press7.tv\/wp-content\/uploads\/2025\/06\/IMG_5676.avif","datePublished":"2025-06-25T18:23:34+00:00","breadcrumb":{"@id":"https:\/\/www.press7.tv\/?p=20501#breadcrumb"},"inLanguage":"en-US","potentialAction":[{"@type":"ReadAction","target":["https:\/\/www.press7.tv\/?p=20501"]}]},{"@type":"ImageObject","inLanguage":"en-US","@id":"https:\/\/www.press7.tv\/?p=20501#primaryimage","url":"https:\/\/www.press7.tv\/wp-content\/uploads\/2025\/06\/IMG_5676.avif","contentUrl":"https:\/\/www.press7.tv\/wp-content\/uploads\/2025\/06\/IMG_5676.avif","width":1238,"height":627,"caption":"Screenshot"},{"@type":"BreadcrumbList","@id":"https:\/\/www.press7.tv\/?p=20501#breadcrumb","itemListElement":[{"@type":"ListItem","position":1,"name":"Home","item":"https:\/\/www.press7.tv\/"},{"@type":"ListItem","position":2,"name":"Haxhiu: LVV-ja ndoshta e nd\u00ebrron propozimin p\u00ebr kryeparlamentar"}]},{"@type":"WebSite","@id":"https:\/\/www.news33.tv\/#website","url":"https:\/\/www.news33.tv\/","name":"News33.tv Media","description":"Media","publisher":{"@id":"https:\/\/www.news33.tv\/#organization"},"potentialAction":[{"@type":"SearchAction","target":{"@type":"EntryPoint","urlTemplate":"https:\/\/www.news33.tv\/?s={search_term_string}"},"query-input":{"@type":"PropertyValueSpecification","valueRequired":true,"valueName":"search_term_string"}}],"inLanguage":"en-US"},{"@type":"Organization","@id":"https:\/\/www.news33.tv\/#organization","name":"News33.tv Media","url":"https:\/\/www.news33.tv\/","logo":{"@type":"ImageObject","inLanguage":"en-US","@id":"https:\/\/www.news33.tv\/#\/schema\/logo\/image\/","url":"https:\/\/www.press7.tv\/wp-content\/uploads\/2024\/02\/logo-news33-black.png","contentUrl":"https:\/\/www.press7.tv\/wp-content\/uploads\/2024\/02\/logo-news33-black.png","width":180,"height":37,"caption":"News33.tv Media"},"image":{"@id":"https:\/\/www.news33.tv\/#\/schema\/logo\/image\/"},"sameAs":["https:\/\/www.facebook.com\/press7.tv"]},{"@type":"Person","@id":"https:\/\/www.news33.tv\/#\/schema\/person\/5a04a38a23ccdba82f9bd665cd8f9efa","name":"gazetar2","image":{"@type":"ImageObject","inLanguage":"en-US","@id":"https:\/\/www.news33.tv\/#\/schema\/person\/image\/","url":"https:\/\/www.press7.tv\/wp-content\/litespeed\/avatar\/41975e402c3049d9ddb03adca8f7a883.jpg?ver=1777169572","contentUrl":"https:\/\/www.press7.tv\/wp-content\/litespeed\/avatar\/41975e402c3049d9ddb03adca8f7a883.jpg?ver=1777169572","caption":"gazetar2"},"url":"https:\/\/www.press7.tv\/?author=8"}]}},"amp_enabled":true,"_links":{"self":[{"href":"https:\/\/www.press7.tv\/index.php?rest_route=\/wp\/v2\/posts\/20501","targetHints":{"allow":["GET"]}}],"collection":[{"href":"https:\/\/www.press7.tv\/index.php?rest_route=\/wp\/v2\/posts"}],"about":[{"href":"https:\/\/www.press7.tv\/index.php?rest_route=\/wp\/v2\/types\/post"}],"author":[{"embeddable":true,"href":"https:\/\/www.press7.tv\/index.php?rest_route=\/wp\/v2\/users\/8"}],"replies":[{"embeddable":true,"href":"https:\/\/www.press7.tv\/index.php?rest_route=%2Fwp%2Fv2%2Fcomments&post=20501"}],"version-history":[{"count":1,"href":"https:\/\/www.press7.tv\/index.php?rest_route=\/wp\/v2\/posts\/20501\/revisions"}],"predecessor-version":[{"id":20503,"href":"https:\/\/www.press7.tv\/index.php?rest_route=\/wp\/v2\/posts\/20501\/revisions\/20503"}],"wp:featuredmedia":[{"embeddable":true,"href":"https:\/\/www.press7.tv\/index.php?rest_route=\/wp\/v2\/media\/20502"}],"wp:attachment":[{"href":"https:\/\/www.press7.tv\/index.php?rest_route=%2Fwp%2Fv2%2Fmedia&parent=20501"}],"wp:term":[{"taxonomy":"category","embeddable":true,"href":"https:\/\/www.press7.tv\/index.php?rest_route=%2Fwp%2Fv2%2Fcategories&post=20501"},{"taxonomy":"post_tag","embeddable":true,"href":"https:\/\/www.press7.tv\/index.php?rest_route=%2Fwp%2Fv2%2Ftags&post=20501"}],"curies":[{"name":"wp","href":"https:\/\/api.w.org\/{rel}","templated":true}]}}