{"id":20498,"date":"2025-06-25T16:27:15","date_gmt":"2025-06-25T16:27:15","guid":{"rendered":"https:\/\/www.press7.tv\/?p=20498"},"modified":"2025-06-25T16:27:15","modified_gmt":"2025-06-25T16:27:15","slug":"trumpi-paralajmeron-bisedime-me-iranin-sbeson-me-te-marreveshja-berthamore","status":"publish","type":"post","link":"https:\/\/www.press7.tv\/?p=20498","title":{"rendered":"Trumpi paralajm\u00ebron bisedime me Iranin, s\u2019beson m\u00eb te marr\u00ebveshja b\u00ebrthamore"},"content":{"rendered":"\n    <div class=\"xs_social_share_widget xs_share_url before_content \t\tmain_content  wslu-style-2 wslu-share-box-shaped wslu-fill-colored wslu-share-m-5 wslu-none wslu-share-vertical wslu-theme-font-no wslu-main_content\">\n\n\t\t\n        <ul>\n\t\t\t        <\/ul>\n    <\/div> \n<p>Presidenti amerikan, Donald Trump, ka th\u00ebn\u00eb se Izraeli dhe Irani jan\u00eb \u201ct\u00eb lodhur\u201d, por konflikti mes t\u00eb dyja shteteve mund t\u00eb filloj\u00eb s\u00ebrish.<\/p>\n<p>\u201cJam marr\u00eb me t\u00eb dyja dhe t\u00eb dyja jan\u00eb t\u00eb lodhura, st\u00ebrlodhura&#8230; dhe a mund t\u00eb rifilloj\u00eb? Mendoj se ndonj\u00eb dit\u00eb mundet. Ndoshta mund t\u00eb filloj\u00eb s\u00eb shpejti\u201d, ka th\u00ebn\u00eb ai.<\/p>\n<p>Ai ka shtuar se jav\u00ebn e ardhshme pala amerikane do t\u00eb bisedoj\u00eb me t\u00eb Iranit, me nj\u00eb marr\u00ebveshje t\u00eb mundshme n\u00eb tavolin\u00eb p\u00ebr programin b\u00ebrthamor t\u00eb Teheranit. Megjith\u00ebse ka p\u00ebrs\u00ebritur se nuk beson se nj\u00eb marr\u00ebveshje e till\u00eb \u201c\u00ebsht\u00eb aq e nevojshme\u201d. <\/p>\n<p>\u201cDo t\u00eb flasim m e ta jav\u00ebn e ardhshme, me Iranin. Ndoshta mund t\u00eb n\u00ebnshkruajm\u00eb nj\u00eb marr\u00ebveshje, nuk e di. P\u00ebr mua, un\u00eb nuk mendoj se \u00ebsht\u00eb aq e nevojshme. Ata pat\u00ebn nj\u00eb luft\u00eb, luftuan, tani po shkojn\u00eb prapa n\u00eb bot\u00ebn e tyre. Nuk m\u00eb intereson n\u00ebse e kam  nj\u00eb marr\u00ebveshje ose jo\u201d, ka th\u00ebn\u00eb Trumpi gjat\u00eb konferenc\u00ebs pas samitit  n\u00eb NATO-s.<\/p>\n<p>Ai u shpreh se nuk beson n\u00eb nevoj\u00ebn e nj\u00eb marr\u00ebveshjeje p\u00ebr shkak t\u00eb siguris\u00eb q\u00eb ka shprehur se SHBA-ja me sukses ka shkat\u00ebrruar kapacitetet b\u00ebrthamore t\u00eb Iranit, pavar\u00ebsisht se inteligjenca ka vler\u00ebsuar ndryshe. <\/p>\n","protected":false},"excerpt":{"rendered":"<p>Presidenti amerikan, Donald Trump, ka th\u00ebn\u00eb se Izraeli dhe Irani jan\u00eb \u201ct\u00eb lodhur\u201d, por konflikti mes t\u00eb dyja shteteve mund t\u00eb filloj\u00eb s\u00ebrish. \u201cJam marr\u00eb me t\u00eb dyja dhe t\u00eb dyja jan\u00eb t\u00eb lodhura, st\u00ebrlodhura&#8230; dhe a mund t\u00eb rifilloj\u00eb? Mendoj se ndonj\u00eb dit\u00eb mundet. Ndoshta mund t\u00eb filloj\u00eb s\u00eb shpejti\u201d, ka th\u00ebn\u00eb ai. Ai [&hellip;]<\/p>\n","protected":false},"author":8,"featured_media":20499,"comment_status":"closed","ping_status":"closed","sticky":false,"template":"","format":"standard","meta":{"footnotes":""},"categories":[217,213],"tags":[],"class_list":["post-20498","post","type-post","status-publish","format-standard","has-post-thumbnail","hentry","category-bote","category-lajme"],"yoast_head":"<!-- This site is optimized with the Yoast SEO plugin v25.1 - https:\/\/yoast.com\/wordpress\/plugins\/seo\/ -->\n<title>Trumpi paralajm\u00ebron bisedime me Iranin, s\u2019beson m\u00eb te marr\u00ebveshja b\u00ebrthamore - press7.tv<\/title>\n<meta name=\"robots\" content=\"index, follow, max-snippet:-1, max-image-preview:large, max-video-preview:-1\" \/>\n<link rel=\"canonical\" href=\"https:\/\/www.press7.tv\/?p=20498\" \/>\n<meta property=\"og:locale\" content=\"en_US\" \/>\n<meta property=\"og:type\" content=\"article\" \/>\n<meta property=\"og:title\" content=\"Trumpi paralajm\u00ebron bisedime me Iranin, s\u2019beson m\u00eb te marr\u00ebveshja b\u00ebrthamore - press7.tv\" \/>\n<meta property=\"og:description\" content=\"Presidenti amerikan, Donald Trump, ka th\u00ebn\u00eb se Izraeli dhe Irani jan\u00eb \u201ct\u00eb lodhur\u201d, por konflikti mes t\u00eb dyja shteteve mund t\u00eb filloj\u00eb s\u00ebrish. \u201cJam marr\u00eb me t\u00eb dyja dhe t\u00eb dyja jan\u00eb t\u00eb lodhura, st\u00ebrlodhura&#8230; dhe a mund t\u00eb rifilloj\u00eb? Mendoj se ndonj\u00eb dit\u00eb mundet. Ndoshta mund t\u00eb filloj\u00eb s\u00eb shpejti\u201d, ka th\u00ebn\u00eb ai. Ai [&hellip;]\" \/>\n<meta property=\"og:url\" content=\"https:\/\/www.press7.tv\/?p=20498\" \/>\n<meta property=\"og:site_name\" content=\"press7.tv\" \/>\n<meta property=\"article:publisher\" content=\"https:\/\/www.facebook.com\/press7.tv\" \/>\n<meta property=\"article:published_time\" content=\"2025-06-25T16:27:15+00:00\" \/>\n<meta property=\"og:image\" content=\"https:\/\/www.press7.tv\/wp-content\/uploads\/2025\/06\/IMG_5671.avif\" \/>\n\t<meta property=\"og:image:width\" content=\"1360\" \/>\n\t<meta property=\"og:image:height\" content=\"870\" \/>\n\t<meta property=\"og:image:type\" content=\"image\/webp\" \/>\n<meta name=\"author\" content=\"gazetar2\" \/>\n<meta name=\"twitter:card\" content=\"summary_large_image\" \/>\n<meta name=\"twitter:label1\" content=\"Written by\" \/>\n\t<meta name=\"twitter:data1\" content=\"gazetar2\" \/>\n\t<meta name=\"twitter:label2\" content=\"Est. reading time\" \/>\n\t<meta name=\"twitter:data2\" content=\"1 minute\" \/>\n<script type=\"application\/ld+json\" class=\"yoast-schema-graph\">{\"@context\":\"https:\/\/schema.org\",\"@graph\":[{\"@type\":\"Article\",\"@id\":\"https:\/\/www.press7.tv\/?p=20498#article\",\"isPartOf\":{\"@id\":\"https:\/\/www.press7.tv\/?p=20498\"},\"author\":{\"name\":\"gazetar2\",\"@id\":\"https:\/\/www.news33.tv\/#\/schema\/person\/5a04a38a23ccdba82f9bd665cd8f9efa\"},\"headline\":\"Trumpi paralajm\u00ebron bisedime me Iranin, s\u2019beson m\u00eb te marr\u00ebveshja b\u00ebrthamore\",\"datePublished\":\"2025-06-25T16:27:15+00:00\",\"mainEntityOfPage\":{\"@id\":\"https:\/\/www.press7.tv\/?p=20498\"},\"wordCount\":235,\"publisher\":{\"@id\":\"https:\/\/www.news33.tv\/#organization\"},\"image\":{\"@id\":\"https:\/\/www.press7.tv\/?p=20498#primaryimage\"},\"thumbnailUrl\":\"https:\/\/www.press7.tv\/wp-content\/uploads\/2025\/06\/IMG_5671.avif\",\"articleSection\":[\"Bot\u00eb\",\"Lajme\"],\"inLanguage\":\"en-US\"},{\"@type\":\"WebPage\",\"@id\":\"https:\/\/www.press7.tv\/?p=20498\",\"url\":\"https:\/\/www.press7.tv\/?p=20498\",\"name\":\"Trumpi paralajm\u00ebron bisedime me Iranin, s\u2019beson m\u00eb te marr\u00ebveshja b\u00ebrthamore - press7.tv\",\"isPartOf\":{\"@id\":\"https:\/\/www.news33.tv\/#website\"},\"primaryImageOfPage\":{\"@id\":\"https:\/\/www.press7.tv\/?p=20498#primaryimage\"},\"image\":{\"@id\":\"https:\/\/www.press7.tv\/?p=20498#primaryimage\"},\"thumbnailUrl\":\"https:\/\/www.press7.tv\/wp-content\/uploads\/2025\/06\/IMG_5671.avif\",\"datePublished\":\"2025-06-25T16:27:15+00:00\",\"breadcrumb\":{\"@id\":\"https:\/\/www.press7.tv\/?p=20498#breadcrumb\"},\"inLanguage\":\"en-US\",\"potentialAction\":[{\"@type\":\"ReadAction\",\"target\":[\"https:\/\/www.press7.tv\/?p=20498\"]}]},{\"@type\":\"ImageObject\",\"inLanguage\":\"en-US\",\"@id\":\"https:\/\/www.press7.tv\/?p=20498#primaryimage\",\"url\":\"https:\/\/www.press7.tv\/wp-content\/uploads\/2025\/06\/IMG_5671.avif\",\"contentUrl\":\"https:\/\/www.press7.tv\/wp-content\/uploads\/2025\/06\/IMG_5671.avif\",\"width\":1360,\"height\":870},{\"@type\":\"BreadcrumbList\",\"@id\":\"https:\/\/www.press7.tv\/?p=20498#breadcrumb\",\"itemListElement\":[{\"@type\":\"ListItem\",\"position\":1,\"name\":\"Home\",\"item\":\"https:\/\/www.press7.tv\/\"},{\"@type\":\"ListItem\",\"position\":2,\"name\":\"Trumpi paralajm\u00ebron bisedime me Iranin, s\u2019beson m\u00eb te marr\u00ebveshja b\u00ebrthamore\"}]},{\"@type\":\"WebSite\",\"@id\":\"https:\/\/www.news33.tv\/#website\",\"url\":\"https:\/\/www.news33.tv\/\",\"name\":\"News33.tv Media\",\"description\":\"Media\",\"publisher\":{\"@id\":\"https:\/\/www.news33.tv\/#organization\"},\"potentialAction\":[{\"@type\":\"SearchAction\",\"target\":{\"@type\":\"EntryPoint\",\"urlTemplate\":\"https:\/\/www.news33.tv\/?s={search_term_string}\"},\"query-input\":{\"@type\":\"PropertyValueSpecification\",\"valueRequired\":true,\"valueName\":\"search_term_string\"}}],\"inLanguage\":\"en-US\"},{\"@type\":\"Organization\",\"@id\":\"https:\/\/www.news33.tv\/#organization\",\"name\":\"News33.tv Media\",\"url\":\"https:\/\/www.news33.tv\/\",\"logo\":{\"@type\":\"ImageObject\",\"inLanguage\":\"en-US\",\"@id\":\"https:\/\/www.news33.tv\/#\/schema\/logo\/image\/\",\"url\":\"https:\/\/www.press7.tv\/wp-content\/uploads\/2024\/02\/logo-news33-black.png\",\"contentUrl\":\"https:\/\/www.press7.tv\/wp-content\/uploads\/2024\/02\/logo-news33-black.png\",\"width\":180,\"height\":37,\"caption\":\"News33.tv Media\"},\"image\":{\"@id\":\"https:\/\/www.news33.tv\/#\/schema\/logo\/image\/\"},\"sameAs\":[\"https:\/\/www.facebook.com\/press7.tv\"]},{\"@type\":\"Person\",\"@id\":\"https:\/\/www.news33.tv\/#\/schema\/person\/5a04a38a23ccdba82f9bd665cd8f9efa\",\"name\":\"gazetar2\",\"image\":{\"@type\":\"ImageObject\",\"inLanguage\":\"en-US\",\"@id\":\"https:\/\/www.news33.tv\/#\/schema\/person\/image\/\",\"url\":\"https:\/\/www.press7.tv\/wp-content\/litespeed\/avatar\/41975e402c3049d9ddb03adca8f7a883.jpg?ver=1777169572\",\"contentUrl\":\"https:\/\/www.press7.tv\/wp-content\/litespeed\/avatar\/41975e402c3049d9ddb03adca8f7a883.jpg?ver=1777169572\",\"caption\":\"gazetar2\"},\"url\":\"https:\/\/www.press7.tv\/?author=8\"}]}<\/script>\n<!-- \/ Yoast SEO plugin. -->","yoast_head_json":{"title":"Trumpi paralajm\u00ebron bisedime me Iranin, s\u2019beson m\u00eb te marr\u00ebveshja b\u00ebrthamore - press7.tv","robots":{"index":"index","follow":"follow","max-snippet":"max-snippet:-1","max-image-preview":"max-image-preview:large","max-video-preview":"max-video-preview:-1"},"canonical":"https:\/\/www.press7.tv\/?p=20498","og_locale":"en_US","og_type":"article","og_title":"Trumpi paralajm\u00ebron bisedime me Iranin, s\u2019beson m\u00eb te marr\u00ebveshja b\u00ebrthamore - press7.tv","og_description":"Presidenti amerikan, Donald Trump, ka th\u00ebn\u00eb se Izraeli dhe Irani jan\u00eb \u201ct\u00eb lodhur\u201d, por konflikti mes t\u00eb dyja shteteve mund t\u00eb filloj\u00eb s\u00ebrish. \u201cJam marr\u00eb me t\u00eb dyja dhe t\u00eb dyja jan\u00eb t\u00eb lodhura, st\u00ebrlodhura&#8230; dhe a mund t\u00eb rifilloj\u00eb? Mendoj se ndonj\u00eb dit\u00eb mundet. Ndoshta mund t\u00eb filloj\u00eb s\u00eb shpejti\u201d, ka th\u00ebn\u00eb ai. Ai [&hellip;]","og_url":"https:\/\/www.press7.tv\/?p=20498","og_site_name":"press7.tv","article_publisher":"https:\/\/www.facebook.com\/press7.tv","article_published_time":"2025-06-25T16:27:15+00:00","og_image":[{"width":1360,"height":870,"url":"https:\/\/www.press7.tv\/wp-content\/uploads\/2025\/06\/IMG_5671.avif","type":"image\/webp"}],"author":"gazetar2","twitter_card":"summary_large_image","twitter_misc":{"Written by":"gazetar2","Est. reading time":"1 minute"},"schema":{"@context":"https:\/\/schema.org","@graph":[{"@type":"Article","@id":"https:\/\/www.press7.tv\/?p=20498#article","isPartOf":{"@id":"https:\/\/www.press7.tv\/?p=20498"},"author":{"name":"gazetar2","@id":"https:\/\/www.news33.tv\/#\/schema\/person\/5a04a38a23ccdba82f9bd665cd8f9efa"},"headline":"Trumpi paralajm\u00ebron bisedime me Iranin, s\u2019beson m\u00eb te marr\u00ebveshja b\u00ebrthamore","datePublished":"2025-06-25T16:27:15+00:00","mainEntityOfPage":{"@id":"https:\/\/www.press7.tv\/?p=20498"},"wordCount":235,"publisher":{"@id":"https:\/\/www.news33.tv\/#organization"},"image":{"@id":"https:\/\/www.press7.tv\/?p=20498#primaryimage"},"thumbnailUrl":"https:\/\/www.press7.tv\/wp-content\/uploads\/2025\/06\/IMG_5671.avif","articleSection":["Bot\u00eb","Lajme"],"inLanguage":"en-US"},{"@type":"WebPage","@id":"https:\/\/www.press7.tv\/?p=20498","url":"https:\/\/www.press7.tv\/?p=20498","name":"Trumpi paralajm\u00ebron bisedime me Iranin, s\u2019beson m\u00eb te marr\u00ebveshja b\u00ebrthamore - press7.tv","isPartOf":{"@id":"https:\/\/www.news33.tv\/#website"},"primaryImageOfPage":{"@id":"https:\/\/www.press7.tv\/?p=20498#primaryimage"},"image":{"@id":"https:\/\/www.press7.tv\/?p=20498#primaryimage"},"thumbnailUrl":"https:\/\/www.press7.tv\/wp-content\/uploads\/2025\/06\/IMG_5671.avif","datePublished":"2025-06-25T16:27:15+00:00","breadcrumb":{"@id":"https:\/\/www.press7.tv\/?p=20498#breadcrumb"},"inLanguage":"en-US","potentialAction":[{"@type":"ReadAction","target":["https:\/\/www.press7.tv\/?p=20498"]}]},{"@type":"ImageObject","inLanguage":"en-US","@id":"https:\/\/www.press7.tv\/?p=20498#primaryimage","url":"https:\/\/www.press7.tv\/wp-content\/uploads\/2025\/06\/IMG_5671.avif","contentUrl":"https:\/\/www.press7.tv\/wp-content\/uploads\/2025\/06\/IMG_5671.avif","width":1360,"height":870},{"@type":"BreadcrumbList","@id":"https:\/\/www.press7.tv\/?p=20498#breadcrumb","itemListElement":[{"@type":"ListItem","position":1,"name":"Home","item":"https:\/\/www.press7.tv\/"},{"@type":"ListItem","position":2,"name":"Trumpi paralajm\u00ebron bisedime me Iranin, s\u2019beson m\u00eb te marr\u00ebveshja b\u00ebrthamore"}]},{"@type":"WebSite","@id":"https:\/\/www.news33.tv\/#website","url":"https:\/\/www.news33.tv\/","name":"News33.tv Media","description":"Media","publisher":{"@id":"https:\/\/www.news33.tv\/#organization"},"potentialAction":[{"@type":"SearchAction","target":{"@type":"EntryPoint","urlTemplate":"https:\/\/www.news33.tv\/?s={search_term_string}"},"query-input":{"@type":"PropertyValueSpecification","valueRequired":true,"valueName":"search_term_string"}}],"inLanguage":"en-US"},{"@type":"Organization","@id":"https:\/\/www.news33.tv\/#organization","name":"News33.tv Media","url":"https:\/\/www.news33.tv\/","logo":{"@type":"ImageObject","inLanguage":"en-US","@id":"https:\/\/www.news33.tv\/#\/schema\/logo\/image\/","url":"https:\/\/www.press7.tv\/wp-content\/uploads\/2024\/02\/logo-news33-black.png","contentUrl":"https:\/\/www.press7.tv\/wp-content\/uploads\/2024\/02\/logo-news33-black.png","width":180,"height":37,"caption":"News33.tv Media"},"image":{"@id":"https:\/\/www.news33.tv\/#\/schema\/logo\/image\/"},"sameAs":["https:\/\/www.facebook.com\/press7.tv"]},{"@type":"Person","@id":"https:\/\/www.news33.tv\/#\/schema\/person\/5a04a38a23ccdba82f9bd665cd8f9efa","name":"gazetar2","image":{"@type":"ImageObject","inLanguage":"en-US","@id":"https:\/\/www.news33.tv\/#\/schema\/person\/image\/","url":"https:\/\/www.press7.tv\/wp-content\/litespeed\/avatar\/41975e402c3049d9ddb03adca8f7a883.jpg?ver=1777169572","contentUrl":"https:\/\/www.press7.tv\/wp-content\/litespeed\/avatar\/41975e402c3049d9ddb03adca8f7a883.jpg?ver=1777169572","caption":"gazetar2"},"url":"https:\/\/www.press7.tv\/?author=8"}]}},"amp_enabled":true,"_links":{"self":[{"href":"https:\/\/www.press7.tv\/index.php?rest_route=\/wp\/v2\/posts\/20498","targetHints":{"allow":["GET"]}}],"collection":[{"href":"https:\/\/www.press7.tv\/index.php?rest_route=\/wp\/v2\/posts"}],"about":[{"href":"https:\/\/www.press7.tv\/index.php?rest_route=\/wp\/v2\/types\/post"}],"author":[{"embeddable":true,"href":"https:\/\/www.press7.tv\/index.php?rest_route=\/wp\/v2\/users\/8"}],"replies":[{"embeddable":true,"href":"https:\/\/www.press7.tv\/index.php?rest_route=%2Fwp%2Fv2%2Fcomments&post=20498"}],"version-history":[{"count":1,"href":"https:\/\/www.press7.tv\/index.php?rest_route=\/wp\/v2\/posts\/20498\/revisions"}],"predecessor-version":[{"id":20500,"href":"https:\/\/www.press7.tv\/index.php?rest_route=\/wp\/v2\/posts\/20498\/revisions\/20500"}],"wp:featuredmedia":[{"embeddable":true,"href":"https:\/\/www.press7.tv\/index.php?rest_route=\/wp\/v2\/media\/20499"}],"wp:attachment":[{"href":"https:\/\/www.press7.tv\/index.php?rest_route=%2Fwp%2Fv2%2Fmedia&parent=20498"}],"wp:term":[{"taxonomy":"category","embeddable":true,"href":"https:\/\/www.press7.tv\/index.php?rest_route=%2Fwp%2Fv2%2Fcategories&post=20498"},{"taxonomy":"post_tag","embeddable":true,"href":"https:\/\/www.press7.tv\/index.php?rest_route=%2Fwp%2Fv2%2Ftags&post=20498"}],"curies":[{"name":"wp","href":"https:\/\/api.w.org\/{rel}","templated":true}]}}