{"id":20495,"date":"2025-06-25T13:56:35","date_gmt":"2025-06-25T13:56:35","guid":{"rendered":"https:\/\/www.press7.tv\/?p=20495"},"modified":"2025-06-25T13:56:35","modified_gmt":"2025-06-25T13:56:35","slug":"serbia-thote-se-kosova-e-ka-debuar-edhe-nje-polic-serb","status":"publish","type":"post","link":"https:\/\/www.press7.tv\/?p=20495","title":{"rendered":"Serbia thot\u00eb se Kosova e ka d\u00ebbuar edhe nj\u00eb polic serb"},"content":{"rendered":"\n    <div class=\"xs_social_share_widget xs_share_url before_content \t\tmain_content  wslu-style-2 wslu-share-box-shaped wslu-fill-colored wslu-share-m-5 wslu-none wslu-share-vertical wslu-theme-font-no wslu-main_content\">\n\n\t\t\n        <ul>\n\t\t\t        <\/ul>\n    <\/div> \n<p>E ashtuquajtura Zyra p\u00ebr Kosov\u00ebn n\u00eb Qeverin\u00eb e Serbis\u00eb ka pretenduar se me urdh\u00ebr t\u00eb kryeministrit n\u00eb detyr\u00eb Albin Kurti, \u00ebsht\u00eb d\u00ebbuar edhe nj\u00eb qytetar serb nga territori i Kosov\u00ebs. Sipas tyre, b\u00ebhet fjal\u00eb p\u00ebr Aleksandar S., 34-vje\u00e7ar nga Brezovica, i pun\u00ebsuar n\u00eb Ministrin\u00eb e Pun\u00ebve t\u00eb Brendshme t\u00eb Serbis\u00eb.<\/p>\n<p>Sipas njoftimit t\u00eb k\u00ebsaj zyre, Aleksandar S. \u00ebsht\u00eb ndaluar t\u00eb mart\u00ebn pasdite n\u00eb pik\u00ebn kufitare n\u00eb Han t\u00eb Elezit, n\u00eb momentin kur po kthehej n\u00eb Kosov\u00eb nga Maqedonia e Veriut. Si\u00e7 pretendon zyra, ai aktualisht ndodhet n\u00eb Serbin\u00eb qendrore.<\/p>\n<p>\u201cMe t\u00eb nj\u00ebjtin mekaniz\u00ebm q\u00eb Prishtina ka zbatuar gjat\u00eb dy jav\u00ebve t\u00eb fundit, Aleksandar \u00ebsht\u00eb d\u00ebbuar nga Kosova. Ai \u00ebsht\u00eb polici serb i 11 q\u00eb d\u00ebbohet n\u00eb m\u00ebnyr\u00eb t\u00eb nj\u00ebanshme, t\u00eb paligjshme dhe t\u00eb paarsyeshme nga vendbanimi i tij\u201d, thuhet n\u00eb reagimin e k\u00ebsaj zyre.<\/p>\n<p>Po ashtu, autoritetet serbe pretendojn\u00eb se po vazhdon nj\u00eb \u201cpolitik\u00eb e ndjekjes sistematike ndaj polic\u00ebve serb\u00eb n\u00eb Kosov\u00eb\u201d, duke u mohuar atyre t\u00eb drejtat themelore t\u00eb njeriut q\u00eb, sipas tyre, jan\u00eb t\u00eb garantuara me konventa nd\u00ebrkomb\u00ebtare. Ata gjithashtu kritikojn\u00eb misionet nd\u00ebrkomb\u00ebtare, t\u00eb cilat sipas tyre nuk po nd\u00ebrmarrin masa p\u00ebr mbrojtjen e t\u00eb drejtave t\u00eb serb\u00ebve n\u00eb Kosov\u00eb.<\/p>\n<p>N\u00eb fund, Zyra e Serbis\u00eb p\u00ebr Kosov\u00ebn akuzon Kurtin p\u00ebr \u201cpolitik\u00eb terrori, ndjekjeje dhe hakmarrjeje ndaj popullit serb n\u00eb Kosov\u00eb\u201d, duke e cil\u00ebsuar si nj\u00eb \u201cpolitik\u00eb t\u00eb spastrimit etnik dhe p\u00ebrshkall\u00ebzimit t\u00eb tensioneve\u201d, n\u00eb vend t\u00eb p\u00ebrkushtimit p\u00ebr dialog dhe normalizim t\u00eb marr\u00ebdh\u00ebnieve.<\/p>\n<p>Edhe para rreth 10-dit\u00ebsh, Serbia pati pretenduar se Kosova i ka ndaluar tre pjes\u00ebtar\u00eb t\u00eb MPB-s\u00eb serbe dhe nj\u00eb ish-polic. E autoritetet n\u00eb Kosov\u00eb pat\u00ebn konfirmuar se vet\u00ebm nj\u00eb pjes\u00ebtari t\u00eb MPB-s\u00eb, Nikolla Vujoviqit, ia kan\u00eb revokuar shtet\u00ebsin\u00eb dhe kan\u00eb nisur procedurat p\u00ebr d\u00ebbim.<\/p>\n<p>KOHA ka kontaktuar me Ministrin\u00eb e Brendshme t\u00eb Kosov\u00ebs p\u00ebr detaje t\u00eb tjera. Posa t\u00eb ket\u00eb p\u00ebrgjigje, artikulli do t\u00eb p\u00ebrdit\u00ebsohet. <\/p>\n","protected":false},"excerpt":{"rendered":"<p>E ashtuquajtura Zyra p\u00ebr Kosov\u00ebn n\u00eb Qeverin\u00eb e Serbis\u00eb ka pretenduar se me urdh\u00ebr t\u00eb kryeministrit n\u00eb detyr\u00eb Albin Kurti, \u00ebsht\u00eb d\u00ebbuar edhe nj\u00eb qytetar serb nga territori i Kosov\u00ebs. Sipas tyre, b\u00ebhet fjal\u00eb p\u00ebr Aleksandar S., 34-vje\u00e7ar nga Brezovica, i pun\u00ebsuar n\u00eb Ministrin\u00eb e Pun\u00ebve t\u00eb Brendshme t\u00eb Serbis\u00eb. Sipas njoftimit t\u00eb k\u00ebsaj zyre, [&hellip;]<\/p>\n","protected":false},"author":8,"featured_media":20496,"comment_status":"closed","ping_status":"closed","sticky":false,"template":"","format":"standard","meta":{"footnotes":""},"categories":[215,213],"tags":[],"class_list":["post-20495","post","type-post","status-publish","format-standard","has-post-thumbnail","hentry","category-kosove","category-lajme"],"yoast_head":"<!-- This site is optimized with the Yoast SEO plugin v25.1 - https:\/\/yoast.com\/wordpress\/plugins\/seo\/ -->\n<title>Serbia thot\u00eb se Kosova e ka d\u00ebbuar edhe nj\u00eb polic serb - press7.tv<\/title>\n<meta name=\"robots\" content=\"index, follow, max-snippet:-1, max-image-preview:large, max-video-preview:-1\" \/>\n<link rel=\"canonical\" href=\"https:\/\/www.press7.tv\/?p=20495\" \/>\n<meta property=\"og:locale\" content=\"en_US\" \/>\n<meta property=\"og:type\" content=\"article\" \/>\n<meta property=\"og:title\" content=\"Serbia thot\u00eb se Kosova e ka d\u00ebbuar edhe nj\u00eb polic serb - press7.tv\" \/>\n<meta property=\"og:description\" content=\"E ashtuquajtura Zyra p\u00ebr Kosov\u00ebn n\u00eb Qeverin\u00eb e Serbis\u00eb ka pretenduar se me urdh\u00ebr t\u00eb kryeministrit n\u00eb detyr\u00eb Albin Kurti, \u00ebsht\u00eb d\u00ebbuar edhe nj\u00eb qytetar serb nga territori i Kosov\u00ebs. Sipas tyre, b\u00ebhet fjal\u00eb p\u00ebr Aleksandar S., 34-vje\u00e7ar nga Brezovica, i pun\u00ebsuar n\u00eb Ministrin\u00eb e Pun\u00ebve t\u00eb Brendshme t\u00eb Serbis\u00eb. Sipas njoftimit t\u00eb k\u00ebsaj zyre, [&hellip;]\" \/>\n<meta property=\"og:url\" content=\"https:\/\/www.press7.tv\/?p=20495\" \/>\n<meta property=\"og:site_name\" content=\"press7.tv\" \/>\n<meta property=\"article:publisher\" content=\"https:\/\/www.facebook.com\/press7.tv\" \/>\n<meta property=\"article:published_time\" content=\"2025-06-25T13:56:35+00:00\" \/>\n<meta property=\"og:image\" content=\"https:\/\/www.press7.tv\/wp-content\/uploads\/2025\/06\/IMG_5669.avif\" \/>\n\t<meta property=\"og:image:width\" content=\"1360\" \/>\n\t<meta property=\"og:image:height\" content=\"870\" \/>\n\t<meta property=\"og:image:type\" content=\"image\/webp\" \/>\n<meta name=\"author\" content=\"gazetar2\" \/>\n<meta name=\"twitter:card\" content=\"summary_large_image\" \/>\n<meta name=\"twitter:label1\" content=\"Written by\" \/>\n\t<meta name=\"twitter:data1\" content=\"gazetar2\" \/>\n\t<meta name=\"twitter:label2\" content=\"Est. reading time\" \/>\n\t<meta name=\"twitter:data2\" content=\"1 minute\" \/>\n<script type=\"application\/ld+json\" class=\"yoast-schema-graph\">{\"@context\":\"https:\/\/schema.org\",\"@graph\":[{\"@type\":\"Article\",\"@id\":\"https:\/\/www.press7.tv\/?p=20495#article\",\"isPartOf\":{\"@id\":\"https:\/\/www.press7.tv\/?p=20495\"},\"author\":{\"name\":\"gazetar2\",\"@id\":\"https:\/\/www.news33.tv\/#\/schema\/person\/5a04a38a23ccdba82f9bd665cd8f9efa\"},\"headline\":\"Serbia thot\u00eb se Kosova e ka d\u00ebbuar edhe nj\u00eb polic serb\",\"datePublished\":\"2025-06-25T13:56:35+00:00\",\"mainEntityOfPage\":{\"@id\":\"https:\/\/www.press7.tv\/?p=20495\"},\"wordCount\":363,\"publisher\":{\"@id\":\"https:\/\/www.news33.tv\/#organization\"},\"image\":{\"@id\":\"https:\/\/www.press7.tv\/?p=20495#primaryimage\"},\"thumbnailUrl\":\"https:\/\/www.press7.tv\/wp-content\/uploads\/2025\/06\/IMG_5669.avif\",\"articleSection\":[\"Kosov\u00eb\",\"Lajme\"],\"inLanguage\":\"en-US\"},{\"@type\":\"WebPage\",\"@id\":\"https:\/\/www.press7.tv\/?p=20495\",\"url\":\"https:\/\/www.press7.tv\/?p=20495\",\"name\":\"Serbia thot\u00eb se Kosova e ka d\u00ebbuar edhe nj\u00eb polic serb - press7.tv\",\"isPartOf\":{\"@id\":\"https:\/\/www.news33.tv\/#website\"},\"primaryImageOfPage\":{\"@id\":\"https:\/\/www.press7.tv\/?p=20495#primaryimage\"},\"image\":{\"@id\":\"https:\/\/www.press7.tv\/?p=20495#primaryimage\"},\"thumbnailUrl\":\"https:\/\/www.press7.tv\/wp-content\/uploads\/2025\/06\/IMG_5669.avif\",\"datePublished\":\"2025-06-25T13:56:35+00:00\",\"breadcrumb\":{\"@id\":\"https:\/\/www.press7.tv\/?p=20495#breadcrumb\"},\"inLanguage\":\"en-US\",\"potentialAction\":[{\"@type\":\"ReadAction\",\"target\":[\"https:\/\/www.press7.tv\/?p=20495\"]}]},{\"@type\":\"ImageObject\",\"inLanguage\":\"en-US\",\"@id\":\"https:\/\/www.press7.tv\/?p=20495#primaryimage\",\"url\":\"https:\/\/www.press7.tv\/wp-content\/uploads\/2025\/06\/IMG_5669.avif\",\"contentUrl\":\"https:\/\/www.press7.tv\/wp-content\/uploads\/2025\/06\/IMG_5669.avif\",\"width\":1360,\"height\":870},{\"@type\":\"BreadcrumbList\",\"@id\":\"https:\/\/www.press7.tv\/?p=20495#breadcrumb\",\"itemListElement\":[{\"@type\":\"ListItem\",\"position\":1,\"name\":\"Home\",\"item\":\"https:\/\/www.press7.tv\/\"},{\"@type\":\"ListItem\",\"position\":2,\"name\":\"Serbia thot\u00eb se Kosova e ka d\u00ebbuar edhe nj\u00eb polic serb\"}]},{\"@type\":\"WebSite\",\"@id\":\"https:\/\/www.news33.tv\/#website\",\"url\":\"https:\/\/www.news33.tv\/\",\"name\":\"News33.tv Media\",\"description\":\"Media\",\"publisher\":{\"@id\":\"https:\/\/www.news33.tv\/#organization\"},\"potentialAction\":[{\"@type\":\"SearchAction\",\"target\":{\"@type\":\"EntryPoint\",\"urlTemplate\":\"https:\/\/www.news33.tv\/?s={search_term_string}\"},\"query-input\":{\"@type\":\"PropertyValueSpecification\",\"valueRequired\":true,\"valueName\":\"search_term_string\"}}],\"inLanguage\":\"en-US\"},{\"@type\":\"Organization\",\"@id\":\"https:\/\/www.news33.tv\/#organization\",\"name\":\"News33.tv Media\",\"url\":\"https:\/\/www.news33.tv\/\",\"logo\":{\"@type\":\"ImageObject\",\"inLanguage\":\"en-US\",\"@id\":\"https:\/\/www.news33.tv\/#\/schema\/logo\/image\/\",\"url\":\"https:\/\/www.press7.tv\/wp-content\/uploads\/2024\/02\/logo-news33-black.png\",\"contentUrl\":\"https:\/\/www.press7.tv\/wp-content\/uploads\/2024\/02\/logo-news33-black.png\",\"width\":180,\"height\":37,\"caption\":\"News33.tv Media\"},\"image\":{\"@id\":\"https:\/\/www.news33.tv\/#\/schema\/logo\/image\/\"},\"sameAs\":[\"https:\/\/www.facebook.com\/press7.tv\"]},{\"@type\":\"Person\",\"@id\":\"https:\/\/www.news33.tv\/#\/schema\/person\/5a04a38a23ccdba82f9bd665cd8f9efa\",\"name\":\"gazetar2\",\"image\":{\"@type\":\"ImageObject\",\"inLanguage\":\"en-US\",\"@id\":\"https:\/\/www.news33.tv\/#\/schema\/person\/image\/\",\"url\":\"https:\/\/www.press7.tv\/wp-content\/litespeed\/avatar\/41975e402c3049d9ddb03adca8f7a883.jpg?ver=1777169572\",\"contentUrl\":\"https:\/\/www.press7.tv\/wp-content\/litespeed\/avatar\/41975e402c3049d9ddb03adca8f7a883.jpg?ver=1777169572\",\"caption\":\"gazetar2\"},\"url\":\"https:\/\/www.press7.tv\/?author=8\"}]}<\/script>\n<!-- \/ Yoast SEO plugin. -->","yoast_head_json":{"title":"Serbia thot\u00eb se Kosova e ka d\u00ebbuar edhe nj\u00eb polic serb - press7.tv","robots":{"index":"index","follow":"follow","max-snippet":"max-snippet:-1","max-image-preview":"max-image-preview:large","max-video-preview":"max-video-preview:-1"},"canonical":"https:\/\/www.press7.tv\/?p=20495","og_locale":"en_US","og_type":"article","og_title":"Serbia thot\u00eb se Kosova e ka d\u00ebbuar edhe nj\u00eb polic serb - press7.tv","og_description":"E ashtuquajtura Zyra p\u00ebr Kosov\u00ebn n\u00eb Qeverin\u00eb e Serbis\u00eb ka pretenduar se me urdh\u00ebr t\u00eb kryeministrit n\u00eb detyr\u00eb Albin Kurti, \u00ebsht\u00eb d\u00ebbuar edhe nj\u00eb qytetar serb nga territori i Kosov\u00ebs. Sipas tyre, b\u00ebhet fjal\u00eb p\u00ebr Aleksandar S., 34-vje\u00e7ar nga Brezovica, i pun\u00ebsuar n\u00eb Ministrin\u00eb e Pun\u00ebve t\u00eb Brendshme t\u00eb Serbis\u00eb. Sipas njoftimit t\u00eb k\u00ebsaj zyre, [&hellip;]","og_url":"https:\/\/www.press7.tv\/?p=20495","og_site_name":"press7.tv","article_publisher":"https:\/\/www.facebook.com\/press7.tv","article_published_time":"2025-06-25T13:56:35+00:00","og_image":[{"width":1360,"height":870,"url":"https:\/\/www.press7.tv\/wp-content\/uploads\/2025\/06\/IMG_5669.avif","type":"image\/webp"}],"author":"gazetar2","twitter_card":"summary_large_image","twitter_misc":{"Written by":"gazetar2","Est. reading time":"1 minute"},"schema":{"@context":"https:\/\/schema.org","@graph":[{"@type":"Article","@id":"https:\/\/www.press7.tv\/?p=20495#article","isPartOf":{"@id":"https:\/\/www.press7.tv\/?p=20495"},"author":{"name":"gazetar2","@id":"https:\/\/www.news33.tv\/#\/schema\/person\/5a04a38a23ccdba82f9bd665cd8f9efa"},"headline":"Serbia thot\u00eb se Kosova e ka d\u00ebbuar edhe nj\u00eb polic serb","datePublished":"2025-06-25T13:56:35+00:00","mainEntityOfPage":{"@id":"https:\/\/www.press7.tv\/?p=20495"},"wordCount":363,"publisher":{"@id":"https:\/\/www.news33.tv\/#organization"},"image":{"@id":"https:\/\/www.press7.tv\/?p=20495#primaryimage"},"thumbnailUrl":"https:\/\/www.press7.tv\/wp-content\/uploads\/2025\/06\/IMG_5669.avif","articleSection":["Kosov\u00eb","Lajme"],"inLanguage":"en-US"},{"@type":"WebPage","@id":"https:\/\/www.press7.tv\/?p=20495","url":"https:\/\/www.press7.tv\/?p=20495","name":"Serbia thot\u00eb se Kosova e ka d\u00ebbuar edhe nj\u00eb polic serb - press7.tv","isPartOf":{"@id":"https:\/\/www.news33.tv\/#website"},"primaryImageOfPage":{"@id":"https:\/\/www.press7.tv\/?p=20495#primaryimage"},"image":{"@id":"https:\/\/www.press7.tv\/?p=20495#primaryimage"},"thumbnailUrl":"https:\/\/www.press7.tv\/wp-content\/uploads\/2025\/06\/IMG_5669.avif","datePublished":"2025-06-25T13:56:35+00:00","breadcrumb":{"@id":"https:\/\/www.press7.tv\/?p=20495#breadcrumb"},"inLanguage":"en-US","potentialAction":[{"@type":"ReadAction","target":["https:\/\/www.press7.tv\/?p=20495"]}]},{"@type":"ImageObject","inLanguage":"en-US","@id":"https:\/\/www.press7.tv\/?p=20495#primaryimage","url":"https:\/\/www.press7.tv\/wp-content\/uploads\/2025\/06\/IMG_5669.avif","contentUrl":"https:\/\/www.press7.tv\/wp-content\/uploads\/2025\/06\/IMG_5669.avif","width":1360,"height":870},{"@type":"BreadcrumbList","@id":"https:\/\/www.press7.tv\/?p=20495#breadcrumb","itemListElement":[{"@type":"ListItem","position":1,"name":"Home","item":"https:\/\/www.press7.tv\/"},{"@type":"ListItem","position":2,"name":"Serbia thot\u00eb se Kosova e ka d\u00ebbuar edhe nj\u00eb polic serb"}]},{"@type":"WebSite","@id":"https:\/\/www.news33.tv\/#website","url":"https:\/\/www.news33.tv\/","name":"News33.tv Media","description":"Media","publisher":{"@id":"https:\/\/www.news33.tv\/#organization"},"potentialAction":[{"@type":"SearchAction","target":{"@type":"EntryPoint","urlTemplate":"https:\/\/www.news33.tv\/?s={search_term_string}"},"query-input":{"@type":"PropertyValueSpecification","valueRequired":true,"valueName":"search_term_string"}}],"inLanguage":"en-US"},{"@type":"Organization","@id":"https:\/\/www.news33.tv\/#organization","name":"News33.tv Media","url":"https:\/\/www.news33.tv\/","logo":{"@type":"ImageObject","inLanguage":"en-US","@id":"https:\/\/www.news33.tv\/#\/schema\/logo\/image\/","url":"https:\/\/www.press7.tv\/wp-content\/uploads\/2024\/02\/logo-news33-black.png","contentUrl":"https:\/\/www.press7.tv\/wp-content\/uploads\/2024\/02\/logo-news33-black.png","width":180,"height":37,"caption":"News33.tv Media"},"image":{"@id":"https:\/\/www.news33.tv\/#\/schema\/logo\/image\/"},"sameAs":["https:\/\/www.facebook.com\/press7.tv"]},{"@type":"Person","@id":"https:\/\/www.news33.tv\/#\/schema\/person\/5a04a38a23ccdba82f9bd665cd8f9efa","name":"gazetar2","image":{"@type":"ImageObject","inLanguage":"en-US","@id":"https:\/\/www.news33.tv\/#\/schema\/person\/image\/","url":"https:\/\/www.press7.tv\/wp-content\/litespeed\/avatar\/41975e402c3049d9ddb03adca8f7a883.jpg?ver=1777169572","contentUrl":"https:\/\/www.press7.tv\/wp-content\/litespeed\/avatar\/41975e402c3049d9ddb03adca8f7a883.jpg?ver=1777169572","caption":"gazetar2"},"url":"https:\/\/www.press7.tv\/?author=8"}]}},"amp_enabled":true,"_links":{"self":[{"href":"https:\/\/www.press7.tv\/index.php?rest_route=\/wp\/v2\/posts\/20495","targetHints":{"allow":["GET"]}}],"collection":[{"href":"https:\/\/www.press7.tv\/index.php?rest_route=\/wp\/v2\/posts"}],"about":[{"href":"https:\/\/www.press7.tv\/index.php?rest_route=\/wp\/v2\/types\/post"}],"author":[{"embeddable":true,"href":"https:\/\/www.press7.tv\/index.php?rest_route=\/wp\/v2\/users\/8"}],"replies":[{"embeddable":true,"href":"https:\/\/www.press7.tv\/index.php?rest_route=%2Fwp%2Fv2%2Fcomments&post=20495"}],"version-history":[{"count":1,"href":"https:\/\/www.press7.tv\/index.php?rest_route=\/wp\/v2\/posts\/20495\/revisions"}],"predecessor-version":[{"id":20497,"href":"https:\/\/www.press7.tv\/index.php?rest_route=\/wp\/v2\/posts\/20495\/revisions\/20497"}],"wp:featuredmedia":[{"embeddable":true,"href":"https:\/\/www.press7.tv\/index.php?rest_route=\/wp\/v2\/media\/20496"}],"wp:attachment":[{"href":"https:\/\/www.press7.tv\/index.php?rest_route=%2Fwp%2Fv2%2Fmedia&parent=20495"}],"wp:term":[{"taxonomy":"category","embeddable":true,"href":"https:\/\/www.press7.tv\/index.php?rest_route=%2Fwp%2Fv2%2Fcategories&post=20495"},{"taxonomy":"post_tag","embeddable":true,"href":"https:\/\/www.press7.tv\/index.php?rest_route=%2Fwp%2Fv2%2Ftags&post=20495"}],"curies":[{"name":"wp","href":"https:\/\/api.w.org\/{rel}","templated":true}]}}