{"id":20475,"date":"2025-06-24T12:03:44","date_gmt":"2025-06-24T12:03:44","guid":{"rendered":"https:\/\/www.press7.tv\/?p=20475"},"modified":"2025-06-24T12:03:44","modified_gmt":"2025-06-24T12:03:44","slug":"kosova-do-ti-perzgjedhe-te-debuarit-amerikane-bazuar-ne-kriteret-e-sigurise","status":"publish","type":"post","link":"https:\/\/www.press7.tv\/?p=20475","title":{"rendered":"Kosova do t&#8217;i p\u00ebrzgjedh\u00eb t\u00eb d\u00ebbuarit amerikan\u00eb bazuar n\u00eb kriteret e siguris\u00eb"},"content":{"rendered":"\n    <div class=\"xs_social_share_widget xs_share_url before_content \t\tmain_content  wslu-style-2 wslu-share-box-shaped wslu-fill-colored wslu-share-m-5 wslu-none wslu-share-vertical wslu-theme-font-no wslu-main_content\">\n\n\t\t\n        <ul>\n\t\t\t        <\/ul>\n    <\/div> \n<p>Qeveria e Kosov\u00ebs ka th\u00ebn\u00eb se p\u00ebrzgjedhja e t\u00eb d\u00ebbuarve amerikan\u00eb q\u00eb do t\u00eb vijn\u00eb p\u00ebrkoh\u00ebsisht n\u00eb Kosov\u00eb do t\u00eb identifikohen dhe p\u00ebrzgjidhen n\u00eb bashk\u00ebpunim me autoritetet e Shteteve t\u00eb Bashkuara.<\/p>\n<p>Qeveria ka njoftuar se dh\u00ebnia e mbrojtjes s\u00eb p\u00ebrkohshme do t\u00eb b\u00ebhet n\u00eb pajtim me legjislacionin p\u00ebrkat\u00ebs p\u00ebr azilin, teksa u tha se p\u00ebrzgjedhja \u201cdo t\u00eb b\u00ebhet duke pasur parasysh sigurin\u00eb komb\u00ebtare dhe rendin publik\u201d.<\/p>\n<p>\u201cSipas Vendimit t\u00eb 11 qershorit, shteti yn\u00eb do t\u00eb pranoj\u00eb dhe strehoj\u00eb deri n\u00eb 50 individ\u00eb me q\u00ebllim t\u00eb leht\u00ebsimit t\u00eb kthimit t\u00eb tyre t\u00eb sigurt n\u00eb vendin e prejardhjes. Identifikimi dhe p\u00ebrzgjedhja e personave do t\u00eb b\u00ebhet n\u00eb bashk\u00ebpunim me autoritetet relevante t\u00eb Shteteve t\u00eb Bashkuara t\u00eb Amerik\u00ebs. Dh\u00ebnia e mbrojtjes s\u00eb p\u00ebrkohshme do t\u00eb b\u00ebhet n\u00eb pajtim me legjislacionin p\u00ebrkat\u00ebs p\u00ebr azilin. Rrjedhimisht, p\u00ebrzgjedhja e k\u00ebtyre personave do t\u00eb b\u00ebhet duke pasur parasysh sigurin\u00eb komb\u00ebtare dhe rendin publik. Institucionet tona do t\u00eb vazhdojn\u00eb bashk\u00ebpunimin me ato t\u00eb Shteteve t\u00eb Bashkuara t\u00eb Amerik\u00ebs q\u00eb kjo mbrojtje e ofruar nga Republika e Kosov\u00ebs, t\u00eb realizohet pa pengesa dhe n\u00eb koordinim t\u00eb vazhduesh\u00ebm\u201d, ka th\u00ebn\u00eb Qeveria p\u00ebr KOH\u00cbN.<\/p>\n<p>Me rastet individuale u tha se do t\u00eb merret Ministria e Pun\u00ebv\u00ebe t\u00eb Brendshme, derisa t\u00eb d\u00ebbuarve nga SHBA-ja Kosova do t\u2019iu ofroj\u00eb strehim, akomodim, ushqim, veshmbathje, pako higjienike dhe qasje n\u00eb kujdes sh\u00ebndet\u00ebsor.<\/p>\n<p>\u201cRepublika e Kosov\u00ebs tashm\u00eb ka menaxhuar me sukses proceseve t\u00eb ofrimit t\u00eb mbrojtjes s\u00eb p\u00ebrkohshme si\u00e7 ka qen\u00eb rasti n\u00eb vitin 2021 me shtetasit afgan\u00eb sipas bashk\u00ebpunimit me NATO-n dhe Shtetet e Bashkuara t\u00eb Amerik\u00ebs, dhe rasti me strehimin e shtetasve ukrainas, p\u00ebrkat\u00ebsisht gazetar\u00ebve ukrainas n\u00eb kuad\u00ebr t\u00eb programit Gazetar\u00ebt n\u00eb Rezidenc\u00eb (JiR). T\u00eb dy k\u00ebto raste t\u00eb viteve t\u00eb fundit d\u00ebshmojn\u00eb aft\u00ebsin\u00eb dhe kapacitetet e institucioneve t\u00eb vendit p\u00ebr procese t\u00eb tilla, madje n\u00eb num\u00ebr duksh\u00ebm m\u00eb t\u00eb madh se q\u00eb parasheh Vendimi i 11 qershorit 2025\u201d, thuhet tutje.<\/p>\n<p>Qeveria shtoi se \u201cSHBA-ja met\u00ebt aleat i pal\u00ebkundur dhe Republika e Kosov\u00ebs do t\u00eb jet\u00eb gjithmon\u00eb partner i besuesh\u00ebm\u201d.<\/p>\n<p>\u201cNe u jemi p\u00ebrher\u00eb mir\u00ebnjoh\u00ebs p\u00ebr ndihm\u00ebn dhe bashk\u00ebpunimin e vazhduesh\u00ebm, dhe e vler\u00ebsojm\u00eb lart\u00eb mb\u00ebshtetjen e Shteteve t\u00eb Bashkuara t\u00eb Amerik\u00ebs n\u00eb mbrojtje e zhvillim, e sidomos n\u00eb rrug\u00ebtimin ton\u00eb drejt integrimit Euro-Atlantik\u201d, thuhet n\u00eb njoftim.<\/p>\n","protected":false},"excerpt":{"rendered":"<p>Qeveria e Kosov\u00ebs ka th\u00ebn\u00eb se p\u00ebrzgjedhja e t\u00eb d\u00ebbuarve amerikan\u00eb q\u00eb do t\u00eb vijn\u00eb p\u00ebrkoh\u00ebsisht n\u00eb Kosov\u00eb do t\u00eb identifikohen dhe p\u00ebrzgjidhen n\u00eb bashk\u00ebpunim me autoritetet e Shteteve t\u00eb Bashkuara. Qeveria ka njoftuar se dh\u00ebnia e mbrojtjes s\u00eb p\u00ebrkohshme do t\u00eb b\u00ebhet n\u00eb pajtim me legjislacionin p\u00ebrkat\u00ebs p\u00ebr azilin, teksa u tha se p\u00ebrzgjedhja [&hellip;]<\/p>\n","protected":false},"author":8,"featured_media":20476,"comment_status":"closed","ping_status":"closed","sticky":false,"template":"","format":"standard","meta":{"footnotes":""},"categories":[215,213],"tags":[],"class_list":["post-20475","post","type-post","status-publish","format-standard","has-post-thumbnail","hentry","category-kosove","category-lajme"],"yoast_head":"<!-- This site is optimized with the Yoast SEO plugin v25.1 - https:\/\/yoast.com\/wordpress\/plugins\/seo\/ -->\n<title>Kosova do t&#039;i p\u00ebrzgjedh\u00eb t\u00eb d\u00ebbuarit amerikan\u00eb bazuar n\u00eb kriteret e siguris\u00eb - press7.tv<\/title>\n<meta name=\"robots\" content=\"index, follow, max-snippet:-1, max-image-preview:large, max-video-preview:-1\" \/>\n<link rel=\"canonical\" href=\"https:\/\/www.press7.tv\/?p=20475\" \/>\n<meta property=\"og:locale\" content=\"en_US\" \/>\n<meta property=\"og:type\" content=\"article\" \/>\n<meta property=\"og:title\" content=\"Kosova do t&#039;i p\u00ebrzgjedh\u00eb t\u00eb d\u00ebbuarit amerikan\u00eb bazuar n\u00eb kriteret e siguris\u00eb - press7.tv\" \/>\n<meta property=\"og:description\" content=\"Qeveria e Kosov\u00ebs ka th\u00ebn\u00eb se p\u00ebrzgjedhja e t\u00eb d\u00ebbuarve amerikan\u00eb q\u00eb do t\u00eb vijn\u00eb p\u00ebrkoh\u00ebsisht n\u00eb Kosov\u00eb do t\u00eb identifikohen dhe p\u00ebrzgjidhen n\u00eb bashk\u00ebpunim me autoritetet e Shteteve t\u00eb Bashkuara. Qeveria ka njoftuar se dh\u00ebnia e mbrojtjes s\u00eb p\u00ebrkohshme do t\u00eb b\u00ebhet n\u00eb pajtim me legjislacionin p\u00ebrkat\u00ebs p\u00ebr azilin, teksa u tha se p\u00ebrzgjedhja [&hellip;]\" \/>\n<meta property=\"og:url\" content=\"https:\/\/www.press7.tv\/?p=20475\" \/>\n<meta property=\"og:site_name\" content=\"press7.tv\" \/>\n<meta property=\"article:publisher\" content=\"https:\/\/www.facebook.com\/press7.tv\" \/>\n<meta property=\"article:published_time\" content=\"2025-06-24T12:03:44+00:00\" \/>\n<meta property=\"og:image\" content=\"https:\/\/www.press7.tv\/wp-content\/uploads\/2025\/06\/IMG_5612.avif\" \/>\n\t<meta property=\"og:image:width\" content=\"1360\" \/>\n\t<meta property=\"og:image:height\" content=\"870\" \/>\n\t<meta property=\"og:image:type\" content=\"image\/webp\" \/>\n<meta name=\"author\" content=\"gazetar2\" \/>\n<meta name=\"twitter:card\" content=\"summary_large_image\" \/>\n<meta name=\"twitter:label1\" content=\"Written by\" \/>\n\t<meta name=\"twitter:data1\" content=\"gazetar2\" \/>\n\t<meta name=\"twitter:label2\" content=\"Est. reading time\" \/>\n\t<meta name=\"twitter:data2\" content=\"1 minute\" \/>\n<script type=\"application\/ld+json\" class=\"yoast-schema-graph\">{\"@context\":\"https:\/\/schema.org\",\"@graph\":[{\"@type\":\"Article\",\"@id\":\"https:\/\/www.press7.tv\/?p=20475#article\",\"isPartOf\":{\"@id\":\"https:\/\/www.press7.tv\/?p=20475\"},\"author\":{\"name\":\"gazetar2\",\"@id\":\"https:\/\/www.news33.tv\/#\/schema\/person\/5a04a38a23ccdba82f9bd665cd8f9efa\"},\"headline\":\"Kosova do t&#8217;i p\u00ebrzgjedh\u00eb t\u00eb d\u00ebbuarit amerikan\u00eb bazuar n\u00eb kriteret e siguris\u00eb\",\"datePublished\":\"2025-06-24T12:03:44+00:00\",\"mainEntityOfPage\":{\"@id\":\"https:\/\/www.press7.tv\/?p=20475\"},\"wordCount\":449,\"publisher\":{\"@id\":\"https:\/\/www.news33.tv\/#organization\"},\"image\":{\"@id\":\"https:\/\/www.press7.tv\/?p=20475#primaryimage\"},\"thumbnailUrl\":\"https:\/\/www.press7.tv\/wp-content\/uploads\/2025\/06\/IMG_5612.avif\",\"articleSection\":[\"Kosov\u00eb\",\"Lajme\"],\"inLanguage\":\"en-US\"},{\"@type\":\"WebPage\",\"@id\":\"https:\/\/www.press7.tv\/?p=20475\",\"url\":\"https:\/\/www.press7.tv\/?p=20475\",\"name\":\"Kosova do t'i p\u00ebrzgjedh\u00eb t\u00eb d\u00ebbuarit amerikan\u00eb bazuar n\u00eb kriteret e siguris\u00eb - press7.tv\",\"isPartOf\":{\"@id\":\"https:\/\/www.news33.tv\/#website\"},\"primaryImageOfPage\":{\"@id\":\"https:\/\/www.press7.tv\/?p=20475#primaryimage\"},\"image\":{\"@id\":\"https:\/\/www.press7.tv\/?p=20475#primaryimage\"},\"thumbnailUrl\":\"https:\/\/www.press7.tv\/wp-content\/uploads\/2025\/06\/IMG_5612.avif\",\"datePublished\":\"2025-06-24T12:03:44+00:00\",\"breadcrumb\":{\"@id\":\"https:\/\/www.press7.tv\/?p=20475#breadcrumb\"},\"inLanguage\":\"en-US\",\"potentialAction\":[{\"@type\":\"ReadAction\",\"target\":[\"https:\/\/www.press7.tv\/?p=20475\"]}]},{\"@type\":\"ImageObject\",\"inLanguage\":\"en-US\",\"@id\":\"https:\/\/www.press7.tv\/?p=20475#primaryimage\",\"url\":\"https:\/\/www.press7.tv\/wp-content\/uploads\/2025\/06\/IMG_5612.avif\",\"contentUrl\":\"https:\/\/www.press7.tv\/wp-content\/uploads\/2025\/06\/IMG_5612.avif\",\"width\":1360,\"height\":870},{\"@type\":\"BreadcrumbList\",\"@id\":\"https:\/\/www.press7.tv\/?p=20475#breadcrumb\",\"itemListElement\":[{\"@type\":\"ListItem\",\"position\":1,\"name\":\"Home\",\"item\":\"https:\/\/www.press7.tv\/\"},{\"@type\":\"ListItem\",\"position\":2,\"name\":\"Kosova do t&#8217;i p\u00ebrzgjedh\u00eb t\u00eb d\u00ebbuarit amerikan\u00eb bazuar n\u00eb kriteret e siguris\u00eb\"}]},{\"@type\":\"WebSite\",\"@id\":\"https:\/\/www.news33.tv\/#website\",\"url\":\"https:\/\/www.news33.tv\/\",\"name\":\"News33.tv Media\",\"description\":\"Media\",\"publisher\":{\"@id\":\"https:\/\/www.news33.tv\/#organization\"},\"potentialAction\":[{\"@type\":\"SearchAction\",\"target\":{\"@type\":\"EntryPoint\",\"urlTemplate\":\"https:\/\/www.news33.tv\/?s={search_term_string}\"},\"query-input\":{\"@type\":\"PropertyValueSpecification\",\"valueRequired\":true,\"valueName\":\"search_term_string\"}}],\"inLanguage\":\"en-US\"},{\"@type\":\"Organization\",\"@id\":\"https:\/\/www.news33.tv\/#organization\",\"name\":\"News33.tv Media\",\"url\":\"https:\/\/www.news33.tv\/\",\"logo\":{\"@type\":\"ImageObject\",\"inLanguage\":\"en-US\",\"@id\":\"https:\/\/www.news33.tv\/#\/schema\/logo\/image\/\",\"url\":\"https:\/\/www.press7.tv\/wp-content\/uploads\/2024\/02\/logo-news33-black.png\",\"contentUrl\":\"https:\/\/www.press7.tv\/wp-content\/uploads\/2024\/02\/logo-news33-black.png\",\"width\":180,\"height\":37,\"caption\":\"News33.tv Media\"},\"image\":{\"@id\":\"https:\/\/www.news33.tv\/#\/schema\/logo\/image\/\"},\"sameAs\":[\"https:\/\/www.facebook.com\/press7.tv\"]},{\"@type\":\"Person\",\"@id\":\"https:\/\/www.news33.tv\/#\/schema\/person\/5a04a38a23ccdba82f9bd665cd8f9efa\",\"name\":\"gazetar2\",\"image\":{\"@type\":\"ImageObject\",\"inLanguage\":\"en-US\",\"@id\":\"https:\/\/www.news33.tv\/#\/schema\/person\/image\/\",\"url\":\"https:\/\/www.press7.tv\/wp-content\/litespeed\/avatar\/41975e402c3049d9ddb03adca8f7a883.jpg?ver=1777169572\",\"contentUrl\":\"https:\/\/www.press7.tv\/wp-content\/litespeed\/avatar\/41975e402c3049d9ddb03adca8f7a883.jpg?ver=1777169572\",\"caption\":\"gazetar2\"},\"url\":\"https:\/\/www.press7.tv\/?author=8\"}]}<\/script>\n<!-- \/ Yoast SEO plugin. -->","yoast_head_json":{"title":"Kosova do t'i p\u00ebrzgjedh\u00eb t\u00eb d\u00ebbuarit amerikan\u00eb bazuar n\u00eb kriteret e siguris\u00eb - press7.tv","robots":{"index":"index","follow":"follow","max-snippet":"max-snippet:-1","max-image-preview":"max-image-preview:large","max-video-preview":"max-video-preview:-1"},"canonical":"https:\/\/www.press7.tv\/?p=20475","og_locale":"en_US","og_type":"article","og_title":"Kosova do t'i p\u00ebrzgjedh\u00eb t\u00eb d\u00ebbuarit amerikan\u00eb bazuar n\u00eb kriteret e siguris\u00eb - press7.tv","og_description":"Qeveria e Kosov\u00ebs ka th\u00ebn\u00eb se p\u00ebrzgjedhja e t\u00eb d\u00ebbuarve amerikan\u00eb q\u00eb do t\u00eb vijn\u00eb p\u00ebrkoh\u00ebsisht n\u00eb Kosov\u00eb do t\u00eb identifikohen dhe p\u00ebrzgjidhen n\u00eb bashk\u00ebpunim me autoritetet e Shteteve t\u00eb Bashkuara. Qeveria ka njoftuar se dh\u00ebnia e mbrojtjes s\u00eb p\u00ebrkohshme do t\u00eb b\u00ebhet n\u00eb pajtim me legjislacionin p\u00ebrkat\u00ebs p\u00ebr azilin, teksa u tha se p\u00ebrzgjedhja [&hellip;]","og_url":"https:\/\/www.press7.tv\/?p=20475","og_site_name":"press7.tv","article_publisher":"https:\/\/www.facebook.com\/press7.tv","article_published_time":"2025-06-24T12:03:44+00:00","og_image":[{"width":1360,"height":870,"url":"https:\/\/www.press7.tv\/wp-content\/uploads\/2025\/06\/IMG_5612.avif","type":"image\/webp"}],"author":"gazetar2","twitter_card":"summary_large_image","twitter_misc":{"Written by":"gazetar2","Est. reading time":"1 minute"},"schema":{"@context":"https:\/\/schema.org","@graph":[{"@type":"Article","@id":"https:\/\/www.press7.tv\/?p=20475#article","isPartOf":{"@id":"https:\/\/www.press7.tv\/?p=20475"},"author":{"name":"gazetar2","@id":"https:\/\/www.news33.tv\/#\/schema\/person\/5a04a38a23ccdba82f9bd665cd8f9efa"},"headline":"Kosova do t&#8217;i p\u00ebrzgjedh\u00eb t\u00eb d\u00ebbuarit amerikan\u00eb bazuar n\u00eb kriteret e siguris\u00eb","datePublished":"2025-06-24T12:03:44+00:00","mainEntityOfPage":{"@id":"https:\/\/www.press7.tv\/?p=20475"},"wordCount":449,"publisher":{"@id":"https:\/\/www.news33.tv\/#organization"},"image":{"@id":"https:\/\/www.press7.tv\/?p=20475#primaryimage"},"thumbnailUrl":"https:\/\/www.press7.tv\/wp-content\/uploads\/2025\/06\/IMG_5612.avif","articleSection":["Kosov\u00eb","Lajme"],"inLanguage":"en-US"},{"@type":"WebPage","@id":"https:\/\/www.press7.tv\/?p=20475","url":"https:\/\/www.press7.tv\/?p=20475","name":"Kosova do t'i p\u00ebrzgjedh\u00eb t\u00eb d\u00ebbuarit amerikan\u00eb bazuar n\u00eb kriteret e siguris\u00eb - press7.tv","isPartOf":{"@id":"https:\/\/www.news33.tv\/#website"},"primaryImageOfPage":{"@id":"https:\/\/www.press7.tv\/?p=20475#primaryimage"},"image":{"@id":"https:\/\/www.press7.tv\/?p=20475#primaryimage"},"thumbnailUrl":"https:\/\/www.press7.tv\/wp-content\/uploads\/2025\/06\/IMG_5612.avif","datePublished":"2025-06-24T12:03:44+00:00","breadcrumb":{"@id":"https:\/\/www.press7.tv\/?p=20475#breadcrumb"},"inLanguage":"en-US","potentialAction":[{"@type":"ReadAction","target":["https:\/\/www.press7.tv\/?p=20475"]}]},{"@type":"ImageObject","inLanguage":"en-US","@id":"https:\/\/www.press7.tv\/?p=20475#primaryimage","url":"https:\/\/www.press7.tv\/wp-content\/uploads\/2025\/06\/IMG_5612.avif","contentUrl":"https:\/\/www.press7.tv\/wp-content\/uploads\/2025\/06\/IMG_5612.avif","width":1360,"height":870},{"@type":"BreadcrumbList","@id":"https:\/\/www.press7.tv\/?p=20475#breadcrumb","itemListElement":[{"@type":"ListItem","position":1,"name":"Home","item":"https:\/\/www.press7.tv\/"},{"@type":"ListItem","position":2,"name":"Kosova do t&#8217;i p\u00ebrzgjedh\u00eb t\u00eb d\u00ebbuarit amerikan\u00eb bazuar n\u00eb kriteret e siguris\u00eb"}]},{"@type":"WebSite","@id":"https:\/\/www.news33.tv\/#website","url":"https:\/\/www.news33.tv\/","name":"News33.tv Media","description":"Media","publisher":{"@id":"https:\/\/www.news33.tv\/#organization"},"potentialAction":[{"@type":"SearchAction","target":{"@type":"EntryPoint","urlTemplate":"https:\/\/www.news33.tv\/?s={search_term_string}"},"query-input":{"@type":"PropertyValueSpecification","valueRequired":true,"valueName":"search_term_string"}}],"inLanguage":"en-US"},{"@type":"Organization","@id":"https:\/\/www.news33.tv\/#organization","name":"News33.tv Media","url":"https:\/\/www.news33.tv\/","logo":{"@type":"ImageObject","inLanguage":"en-US","@id":"https:\/\/www.news33.tv\/#\/schema\/logo\/image\/","url":"https:\/\/www.press7.tv\/wp-content\/uploads\/2024\/02\/logo-news33-black.png","contentUrl":"https:\/\/www.press7.tv\/wp-content\/uploads\/2024\/02\/logo-news33-black.png","width":180,"height":37,"caption":"News33.tv Media"},"image":{"@id":"https:\/\/www.news33.tv\/#\/schema\/logo\/image\/"},"sameAs":["https:\/\/www.facebook.com\/press7.tv"]},{"@type":"Person","@id":"https:\/\/www.news33.tv\/#\/schema\/person\/5a04a38a23ccdba82f9bd665cd8f9efa","name":"gazetar2","image":{"@type":"ImageObject","inLanguage":"en-US","@id":"https:\/\/www.news33.tv\/#\/schema\/person\/image\/","url":"https:\/\/www.press7.tv\/wp-content\/litespeed\/avatar\/41975e402c3049d9ddb03adca8f7a883.jpg?ver=1777169572","contentUrl":"https:\/\/www.press7.tv\/wp-content\/litespeed\/avatar\/41975e402c3049d9ddb03adca8f7a883.jpg?ver=1777169572","caption":"gazetar2"},"url":"https:\/\/www.press7.tv\/?author=8"}]}},"amp_enabled":true,"_links":{"self":[{"href":"https:\/\/www.press7.tv\/index.php?rest_route=\/wp\/v2\/posts\/20475","targetHints":{"allow":["GET"]}}],"collection":[{"href":"https:\/\/www.press7.tv\/index.php?rest_route=\/wp\/v2\/posts"}],"about":[{"href":"https:\/\/www.press7.tv\/index.php?rest_route=\/wp\/v2\/types\/post"}],"author":[{"embeddable":true,"href":"https:\/\/www.press7.tv\/index.php?rest_route=\/wp\/v2\/users\/8"}],"replies":[{"embeddable":true,"href":"https:\/\/www.press7.tv\/index.php?rest_route=%2Fwp%2Fv2%2Fcomments&post=20475"}],"version-history":[{"count":1,"href":"https:\/\/www.press7.tv\/index.php?rest_route=\/wp\/v2\/posts\/20475\/revisions"}],"predecessor-version":[{"id":20477,"href":"https:\/\/www.press7.tv\/index.php?rest_route=\/wp\/v2\/posts\/20475\/revisions\/20477"}],"wp:featuredmedia":[{"embeddable":true,"href":"https:\/\/www.press7.tv\/index.php?rest_route=\/wp\/v2\/media\/20476"}],"wp:attachment":[{"href":"https:\/\/www.press7.tv\/index.php?rest_route=%2Fwp%2Fv2%2Fmedia&parent=20475"}],"wp:term":[{"taxonomy":"category","embeddable":true,"href":"https:\/\/www.press7.tv\/index.php?rest_route=%2Fwp%2Fv2%2Fcategories&post=20475"},{"taxonomy":"post_tag","embeddable":true,"href":"https:\/\/www.press7.tv\/index.php?rest_route=%2Fwp%2Fv2%2Ftags&post=20475"}],"curies":[{"name":"wp","href":"https:\/\/api.w.org\/{rel}","templated":true}]}}