{"id":20472,"date":"2025-06-24T11:58:20","date_gmt":"2025-06-24T11:58:20","guid":{"rendered":"https:\/\/www.press7.tv\/?p=20472"},"modified":"2025-06-24T11:58:20","modified_gmt":"2025-06-24T11:58:20","slug":"trump-izraeli-dhe-irani-kane-shkelur-armepushimin","status":"publish","type":"post","link":"https:\/\/www.press7.tv\/?p=20472","title":{"rendered":"Trump: Izraeli dhe Irani kan\u00eb shkelur arm\u00ebpushimin"},"content":{"rendered":"\n    <div class=\"xs_social_share_widget xs_share_url before_content \t\tmain_content  wslu-style-2 wslu-share-box-shaped wslu-fill-colored wslu-share-m-5 wslu-none wslu-share-vertical wslu-theme-font-no wslu-main_content\">\n\n\t\t\n        <ul>\n\t\t\t        <\/ul>\n    <\/div> \n<p>Presidenti i Shteteve t\u00eb Bashkuara t\u00eb Amerik\u00ebs, Donald Trump, ka deklaruar t\u00eb mart\u00ebn se t\u00eb dyja vendet, si Izraeli ashtu dhe Irani, e kan\u00eb shkelur marr\u00ebveshjen e dakorduar disa or\u00eb m\u00eb par\u00eb t\u00eb arm\u00ebpushimit.<\/p>\n<p>Ai ka shprehur pak\u00ebnaq\u00ebsi, ve\u00e7an\u00ebrisht ndaj Izraelit.<\/p>\n<p>Duke folur p\u00ebr gazetar\u00ebt para se t\u00eb nisej p\u00ebr n\u00eb samitin e NATO-s n\u00eb Hag\u00eb t\u00eb Holand\u00ebs, Trumpi ka th\u00ebn\u00eb se Izraeli sulmoi menj\u00ebher\u00eb pasi pranoi marr\u00ebveshjen. Sa i p\u00ebrket Iranit, Trumpi ka th\u00ebn\u00eb se kapacitetet b\u00ebrthamore t\u00eb shtetit persik jan\u00eb shkat\u00ebrruar t\u00ebr\u00ebsisht dhe se ata nuk do t\u00eb rind\u00ebrtojn\u00eb m\u00eb kurr\u00eb programin b\u00ebrthamor.<\/p>\n<p>E vet\u00ebm disa minuta pasi deklaroi se Izraeli dhe Irani e kan\u00eb shkelur marr\u00ebveshjen e arm\u00ebpushimit, presidenti amerikan p\u00ebrmes nj\u00eb shkrimi n\u00eb rrjetin social \u201cTruth Social\u201d, e ka paralajm\u00ebruar Izraelin q\u00eb t\u00eb mos l\u00ebshoj\u00eb m\u00eb bomba n\u00eb drejtim t\u00eb Iranit.<\/p>\n<p>\u201cIzrael. Mos i gjuaj ato bomba. N\u00ebse e b\u00ebn at\u00ebher\u00eb do t\u00eb jet\u00eb shkelje e madhe. Ktheji pilot\u00ebt n\u00eb sht\u00ebpi, tani\u201d, ka shkruar Trump.<\/p>\n","protected":false},"excerpt":{"rendered":"<p>Presidenti i Shteteve t\u00eb Bashkuara t\u00eb Amerik\u00ebs, Donald Trump, ka deklaruar t\u00eb mart\u00ebn se t\u00eb dyja vendet, si Izraeli ashtu dhe Irani, e kan\u00eb shkelur marr\u00ebveshjen e dakorduar disa or\u00eb m\u00eb par\u00eb t\u00eb arm\u00ebpushimit. Ai ka shprehur pak\u00ebnaq\u00ebsi, ve\u00e7an\u00ebrisht ndaj Izraelit. Duke folur p\u00ebr gazetar\u00ebt para se t\u00eb nisej p\u00ebr n\u00eb samitin e NATO-s n\u00eb [&hellip;]<\/p>\n","protected":false},"author":8,"featured_media":20473,"comment_status":"closed","ping_status":"closed","sticky":false,"template":"","format":"standard","meta":{"footnotes":""},"categories":[217,213],"tags":[],"class_list":["post-20472","post","type-post","status-publish","format-standard","has-post-thumbnail","hentry","category-bote","category-lajme"],"yoast_head":"<!-- This site is optimized with the Yoast SEO plugin v25.1 - https:\/\/yoast.com\/wordpress\/plugins\/seo\/ -->\n<title>Trump: Izraeli dhe Irani kan\u00eb shkelur arm\u00ebpushimin - press7.tv<\/title>\n<meta name=\"robots\" content=\"index, follow, max-snippet:-1, max-image-preview:large, max-video-preview:-1\" \/>\n<link rel=\"canonical\" href=\"https:\/\/www.press7.tv\/?p=20472\" \/>\n<meta property=\"og:locale\" content=\"en_US\" \/>\n<meta property=\"og:type\" content=\"article\" \/>\n<meta property=\"og:title\" content=\"Trump: Izraeli dhe Irani kan\u00eb shkelur arm\u00ebpushimin - press7.tv\" \/>\n<meta property=\"og:description\" content=\"Presidenti i Shteteve t\u00eb Bashkuara t\u00eb Amerik\u00ebs, Donald Trump, ka deklaruar t\u00eb mart\u00ebn se t\u00eb dyja vendet, si Izraeli ashtu dhe Irani, e kan\u00eb shkelur marr\u00ebveshjen e dakorduar disa or\u00eb m\u00eb par\u00eb t\u00eb arm\u00ebpushimit. Ai ka shprehur pak\u00ebnaq\u00ebsi, ve\u00e7an\u00ebrisht ndaj Izraelit. Duke folur p\u00ebr gazetar\u00ebt para se t\u00eb nisej p\u00ebr n\u00eb samitin e NATO-s n\u00eb [&hellip;]\" \/>\n<meta property=\"og:url\" content=\"https:\/\/www.press7.tv\/?p=20472\" \/>\n<meta property=\"og:site_name\" content=\"press7.tv\" \/>\n<meta property=\"article:publisher\" content=\"https:\/\/www.facebook.com\/press7.tv\" \/>\n<meta property=\"article:published_time\" content=\"2025-06-24T11:58:20+00:00\" \/>\n<meta property=\"og:image\" content=\"https:\/\/www.press7.tv\/wp-content\/uploads\/2025\/06\/IMG_5610.avif\" \/>\n\t<meta property=\"og:image:width\" content=\"1360\" \/>\n\t<meta property=\"og:image:height\" content=\"870\" \/>\n\t<meta property=\"og:image:type\" content=\"image\/webp\" \/>\n<meta name=\"author\" content=\"gazetar2\" \/>\n<meta name=\"twitter:card\" content=\"summary_large_image\" \/>\n<meta name=\"twitter:label1\" content=\"Written by\" \/>\n\t<meta name=\"twitter:data1\" content=\"gazetar2\" \/>\n\t<meta name=\"twitter:label2\" content=\"Est. reading time\" \/>\n\t<meta name=\"twitter:data2\" content=\"1 minute\" \/>\n<script type=\"application\/ld+json\" class=\"yoast-schema-graph\">{\"@context\":\"https:\/\/schema.org\",\"@graph\":[{\"@type\":\"Article\",\"@id\":\"https:\/\/www.press7.tv\/?p=20472#article\",\"isPartOf\":{\"@id\":\"https:\/\/www.press7.tv\/?p=20472\"},\"author\":{\"name\":\"gazetar2\",\"@id\":\"https:\/\/www.news33.tv\/#\/schema\/person\/5a04a38a23ccdba82f9bd665cd8f9efa\"},\"headline\":\"Trump: Izraeli dhe Irani kan\u00eb shkelur arm\u00ebpushimin\",\"datePublished\":\"2025-06-24T11:58:20+00:00\",\"mainEntityOfPage\":{\"@id\":\"https:\/\/www.press7.tv\/?p=20472\"},\"wordCount\":201,\"publisher\":{\"@id\":\"https:\/\/www.news33.tv\/#organization\"},\"image\":{\"@id\":\"https:\/\/www.press7.tv\/?p=20472#primaryimage\"},\"thumbnailUrl\":\"https:\/\/www.press7.tv\/wp-content\/uploads\/2025\/06\/IMG_5610.avif\",\"articleSection\":[\"Bot\u00eb\",\"Lajme\"],\"inLanguage\":\"en-US\"},{\"@type\":\"WebPage\",\"@id\":\"https:\/\/www.press7.tv\/?p=20472\",\"url\":\"https:\/\/www.press7.tv\/?p=20472\",\"name\":\"Trump: Izraeli dhe Irani kan\u00eb shkelur arm\u00ebpushimin - press7.tv\",\"isPartOf\":{\"@id\":\"https:\/\/www.news33.tv\/#website\"},\"primaryImageOfPage\":{\"@id\":\"https:\/\/www.press7.tv\/?p=20472#primaryimage\"},\"image\":{\"@id\":\"https:\/\/www.press7.tv\/?p=20472#primaryimage\"},\"thumbnailUrl\":\"https:\/\/www.press7.tv\/wp-content\/uploads\/2025\/06\/IMG_5610.avif\",\"datePublished\":\"2025-06-24T11:58:20+00:00\",\"breadcrumb\":{\"@id\":\"https:\/\/www.press7.tv\/?p=20472#breadcrumb\"},\"inLanguage\":\"en-US\",\"potentialAction\":[{\"@type\":\"ReadAction\",\"target\":[\"https:\/\/www.press7.tv\/?p=20472\"]}]},{\"@type\":\"ImageObject\",\"inLanguage\":\"en-US\",\"@id\":\"https:\/\/www.press7.tv\/?p=20472#primaryimage\",\"url\":\"https:\/\/www.press7.tv\/wp-content\/uploads\/2025\/06\/IMG_5610.avif\",\"contentUrl\":\"https:\/\/www.press7.tv\/wp-content\/uploads\/2025\/06\/IMG_5610.avif\",\"width\":1360,\"height\":870},{\"@type\":\"BreadcrumbList\",\"@id\":\"https:\/\/www.press7.tv\/?p=20472#breadcrumb\",\"itemListElement\":[{\"@type\":\"ListItem\",\"position\":1,\"name\":\"Home\",\"item\":\"https:\/\/www.press7.tv\/\"},{\"@type\":\"ListItem\",\"position\":2,\"name\":\"Trump: Izraeli dhe Irani kan\u00eb shkelur arm\u00ebpushimin\"}]},{\"@type\":\"WebSite\",\"@id\":\"https:\/\/www.news33.tv\/#website\",\"url\":\"https:\/\/www.news33.tv\/\",\"name\":\"News33.tv Media\",\"description\":\"Media\",\"publisher\":{\"@id\":\"https:\/\/www.news33.tv\/#organization\"},\"potentialAction\":[{\"@type\":\"SearchAction\",\"target\":{\"@type\":\"EntryPoint\",\"urlTemplate\":\"https:\/\/www.news33.tv\/?s={search_term_string}\"},\"query-input\":{\"@type\":\"PropertyValueSpecification\",\"valueRequired\":true,\"valueName\":\"search_term_string\"}}],\"inLanguage\":\"en-US\"},{\"@type\":\"Organization\",\"@id\":\"https:\/\/www.news33.tv\/#organization\",\"name\":\"News33.tv Media\",\"url\":\"https:\/\/www.news33.tv\/\",\"logo\":{\"@type\":\"ImageObject\",\"inLanguage\":\"en-US\",\"@id\":\"https:\/\/www.news33.tv\/#\/schema\/logo\/image\/\",\"url\":\"https:\/\/www.press7.tv\/wp-content\/uploads\/2024\/02\/logo-news33-black.png\",\"contentUrl\":\"https:\/\/www.press7.tv\/wp-content\/uploads\/2024\/02\/logo-news33-black.png\",\"width\":180,\"height\":37,\"caption\":\"News33.tv Media\"},\"image\":{\"@id\":\"https:\/\/www.news33.tv\/#\/schema\/logo\/image\/\"},\"sameAs\":[\"https:\/\/www.facebook.com\/press7.tv\"]},{\"@type\":\"Person\",\"@id\":\"https:\/\/www.news33.tv\/#\/schema\/person\/5a04a38a23ccdba82f9bd665cd8f9efa\",\"name\":\"gazetar2\",\"image\":{\"@type\":\"ImageObject\",\"inLanguage\":\"en-US\",\"@id\":\"https:\/\/www.news33.tv\/#\/schema\/person\/image\/\",\"url\":\"https:\/\/www.press7.tv\/wp-content\/litespeed\/avatar\/41975e402c3049d9ddb03adca8f7a883.jpg?ver=1777169572\",\"contentUrl\":\"https:\/\/www.press7.tv\/wp-content\/litespeed\/avatar\/41975e402c3049d9ddb03adca8f7a883.jpg?ver=1777169572\",\"caption\":\"gazetar2\"},\"url\":\"https:\/\/www.press7.tv\/?author=8\"}]}<\/script>\n<!-- \/ Yoast SEO plugin. -->","yoast_head_json":{"title":"Trump: Izraeli dhe Irani kan\u00eb shkelur arm\u00ebpushimin - press7.tv","robots":{"index":"index","follow":"follow","max-snippet":"max-snippet:-1","max-image-preview":"max-image-preview:large","max-video-preview":"max-video-preview:-1"},"canonical":"https:\/\/www.press7.tv\/?p=20472","og_locale":"en_US","og_type":"article","og_title":"Trump: Izraeli dhe Irani kan\u00eb shkelur arm\u00ebpushimin - press7.tv","og_description":"Presidenti i Shteteve t\u00eb Bashkuara t\u00eb Amerik\u00ebs, Donald Trump, ka deklaruar t\u00eb mart\u00ebn se t\u00eb dyja vendet, si Izraeli ashtu dhe Irani, e kan\u00eb shkelur marr\u00ebveshjen e dakorduar disa or\u00eb m\u00eb par\u00eb t\u00eb arm\u00ebpushimit. Ai ka shprehur pak\u00ebnaq\u00ebsi, ve\u00e7an\u00ebrisht ndaj Izraelit. Duke folur p\u00ebr gazetar\u00ebt para se t\u00eb nisej p\u00ebr n\u00eb samitin e NATO-s n\u00eb [&hellip;]","og_url":"https:\/\/www.press7.tv\/?p=20472","og_site_name":"press7.tv","article_publisher":"https:\/\/www.facebook.com\/press7.tv","article_published_time":"2025-06-24T11:58:20+00:00","og_image":[{"width":1360,"height":870,"url":"https:\/\/www.press7.tv\/wp-content\/uploads\/2025\/06\/IMG_5610.avif","type":"image\/webp"}],"author":"gazetar2","twitter_card":"summary_large_image","twitter_misc":{"Written by":"gazetar2","Est. reading time":"1 minute"},"schema":{"@context":"https:\/\/schema.org","@graph":[{"@type":"Article","@id":"https:\/\/www.press7.tv\/?p=20472#article","isPartOf":{"@id":"https:\/\/www.press7.tv\/?p=20472"},"author":{"name":"gazetar2","@id":"https:\/\/www.news33.tv\/#\/schema\/person\/5a04a38a23ccdba82f9bd665cd8f9efa"},"headline":"Trump: Izraeli dhe Irani kan\u00eb shkelur arm\u00ebpushimin","datePublished":"2025-06-24T11:58:20+00:00","mainEntityOfPage":{"@id":"https:\/\/www.press7.tv\/?p=20472"},"wordCount":201,"publisher":{"@id":"https:\/\/www.news33.tv\/#organization"},"image":{"@id":"https:\/\/www.press7.tv\/?p=20472#primaryimage"},"thumbnailUrl":"https:\/\/www.press7.tv\/wp-content\/uploads\/2025\/06\/IMG_5610.avif","articleSection":["Bot\u00eb","Lajme"],"inLanguage":"en-US"},{"@type":"WebPage","@id":"https:\/\/www.press7.tv\/?p=20472","url":"https:\/\/www.press7.tv\/?p=20472","name":"Trump: Izraeli dhe Irani kan\u00eb shkelur arm\u00ebpushimin - press7.tv","isPartOf":{"@id":"https:\/\/www.news33.tv\/#website"},"primaryImageOfPage":{"@id":"https:\/\/www.press7.tv\/?p=20472#primaryimage"},"image":{"@id":"https:\/\/www.press7.tv\/?p=20472#primaryimage"},"thumbnailUrl":"https:\/\/www.press7.tv\/wp-content\/uploads\/2025\/06\/IMG_5610.avif","datePublished":"2025-06-24T11:58:20+00:00","breadcrumb":{"@id":"https:\/\/www.press7.tv\/?p=20472#breadcrumb"},"inLanguage":"en-US","potentialAction":[{"@type":"ReadAction","target":["https:\/\/www.press7.tv\/?p=20472"]}]},{"@type":"ImageObject","inLanguage":"en-US","@id":"https:\/\/www.press7.tv\/?p=20472#primaryimage","url":"https:\/\/www.press7.tv\/wp-content\/uploads\/2025\/06\/IMG_5610.avif","contentUrl":"https:\/\/www.press7.tv\/wp-content\/uploads\/2025\/06\/IMG_5610.avif","width":1360,"height":870},{"@type":"BreadcrumbList","@id":"https:\/\/www.press7.tv\/?p=20472#breadcrumb","itemListElement":[{"@type":"ListItem","position":1,"name":"Home","item":"https:\/\/www.press7.tv\/"},{"@type":"ListItem","position":2,"name":"Trump: Izraeli dhe Irani kan\u00eb shkelur arm\u00ebpushimin"}]},{"@type":"WebSite","@id":"https:\/\/www.news33.tv\/#website","url":"https:\/\/www.news33.tv\/","name":"News33.tv Media","description":"Media","publisher":{"@id":"https:\/\/www.news33.tv\/#organization"},"potentialAction":[{"@type":"SearchAction","target":{"@type":"EntryPoint","urlTemplate":"https:\/\/www.news33.tv\/?s={search_term_string}"},"query-input":{"@type":"PropertyValueSpecification","valueRequired":true,"valueName":"search_term_string"}}],"inLanguage":"en-US"},{"@type":"Organization","@id":"https:\/\/www.news33.tv\/#organization","name":"News33.tv Media","url":"https:\/\/www.news33.tv\/","logo":{"@type":"ImageObject","inLanguage":"en-US","@id":"https:\/\/www.news33.tv\/#\/schema\/logo\/image\/","url":"https:\/\/www.press7.tv\/wp-content\/uploads\/2024\/02\/logo-news33-black.png","contentUrl":"https:\/\/www.press7.tv\/wp-content\/uploads\/2024\/02\/logo-news33-black.png","width":180,"height":37,"caption":"News33.tv Media"},"image":{"@id":"https:\/\/www.news33.tv\/#\/schema\/logo\/image\/"},"sameAs":["https:\/\/www.facebook.com\/press7.tv"]},{"@type":"Person","@id":"https:\/\/www.news33.tv\/#\/schema\/person\/5a04a38a23ccdba82f9bd665cd8f9efa","name":"gazetar2","image":{"@type":"ImageObject","inLanguage":"en-US","@id":"https:\/\/www.news33.tv\/#\/schema\/person\/image\/","url":"https:\/\/www.press7.tv\/wp-content\/litespeed\/avatar\/41975e402c3049d9ddb03adca8f7a883.jpg?ver=1777169572","contentUrl":"https:\/\/www.press7.tv\/wp-content\/litespeed\/avatar\/41975e402c3049d9ddb03adca8f7a883.jpg?ver=1777169572","caption":"gazetar2"},"url":"https:\/\/www.press7.tv\/?author=8"}]}},"amp_enabled":true,"_links":{"self":[{"href":"https:\/\/www.press7.tv\/index.php?rest_route=\/wp\/v2\/posts\/20472","targetHints":{"allow":["GET"]}}],"collection":[{"href":"https:\/\/www.press7.tv\/index.php?rest_route=\/wp\/v2\/posts"}],"about":[{"href":"https:\/\/www.press7.tv\/index.php?rest_route=\/wp\/v2\/types\/post"}],"author":[{"embeddable":true,"href":"https:\/\/www.press7.tv\/index.php?rest_route=\/wp\/v2\/users\/8"}],"replies":[{"embeddable":true,"href":"https:\/\/www.press7.tv\/index.php?rest_route=%2Fwp%2Fv2%2Fcomments&post=20472"}],"version-history":[{"count":1,"href":"https:\/\/www.press7.tv\/index.php?rest_route=\/wp\/v2\/posts\/20472\/revisions"}],"predecessor-version":[{"id":20474,"href":"https:\/\/www.press7.tv\/index.php?rest_route=\/wp\/v2\/posts\/20472\/revisions\/20474"}],"wp:featuredmedia":[{"embeddable":true,"href":"https:\/\/www.press7.tv\/index.php?rest_route=\/wp\/v2\/media\/20473"}],"wp:attachment":[{"href":"https:\/\/www.press7.tv\/index.php?rest_route=%2Fwp%2Fv2%2Fmedia&parent=20472"}],"wp:term":[{"taxonomy":"category","embeddable":true,"href":"https:\/\/www.press7.tv\/index.php?rest_route=%2Fwp%2Fv2%2Fcategories&post=20472"},{"taxonomy":"post_tag","embeddable":true,"href":"https:\/\/www.press7.tv\/index.php?rest_route=%2Fwp%2Fv2%2Ftags&post=20472"}],"curies":[{"name":"wp","href":"https:\/\/api.w.org\/{rel}","templated":true}]}}