{"id":20469,"date":"2025-06-24T11:49:30","date_gmt":"2025-06-24T11:49:30","guid":{"rendered":"https:\/\/www.press7.tv\/?p=20469"},"modified":"2025-06-24T11:49:30","modified_gmt":"2025-06-24T11:49:30","slug":"rizvanolli-kosova-ne-asnje-moment-nuk-ka-qene-ne-kolaps-energjetik","status":"publish","type":"post","link":"https:\/\/www.press7.tv\/?p=20469","title":{"rendered":"Rizvanolli: Kosova n\u00eb asnj\u00eb moment nuk ka qen\u00eb n\u00eb kolaps energjetik"},"content":{"rendered":"\n    <div class=\"xs_social_share_widget xs_share_url before_content \t\tmain_content  wslu-style-2 wslu-share-box-shaped wslu-fill-colored wslu-share-m-5 wslu-none wslu-share-vertical wslu-theme-font-no wslu-main_content\">\n\n\t\t\n        <ul>\n\t\t\t        <\/ul>\n    <\/div> \n<p>Ministrja n\u00eb detyr\u00eb e Ekonomis\u00eb, Artane Rizvanolli tha se nuk ka pasur asnj\u00eb moment kur KEK-u ka prodhuar zero megavat n\u00eb or\u00eb, ose q\u00eb Kosova n\u00eb ndonj\u00eb moment ka qen\u00eb n\u00eb kolaps energjetik.<\/p>\n<p>N\u00eb nj\u00eb konferenc\u00eb p\u00ebr media, ministrja n\u00eb detyr\u00eb tha se kan\u00eb sfida n\u00eb sektorin energjetik, sepse sipas Rizvanollit, siguria furnizimit varet nga termocentralet 62 e 42 vje\u00e7are, sepse nuk jan\u00eb b\u00ebr\u00eb kurr\u00eb rehabilitime t\u00eb tyre.<\/p>\n<p>\u201cNj\u00eb arsye pse q\u00eb nga prilli nuk i kemi n\u00eb funksion t\u00eb gjitha blloqet \u00ebsht\u00eb sepse p\u00ebr her\u00eb t\u00eb par\u00eb n\u00eb termocentralin \u201cKosova B\u201d po i modernizojm\u00eb turbinat dhe rrjedhimisht blloku B2 \u00ebsht\u00eb jasht\u00eb funksionit p\u00ebr tu kryer k\u00ebto operime p\u00ebr gati 6 muaj. Kjo \u00ebsht\u00eb nj\u00eb sakrific\u00eb e p\u00ebrkohshme, por e domosdoshme, dhe duhet ta b\u00ebjm\u00eb tash, sepse nuk e kan\u00eb b\u00ebr\u00eb me koh\u00eb kur \u00e7mimet e importit kan\u00eb qen\u00eb trefish m\u00eb t\u00eb lira. Po thuhet nd\u00ebr t\u00eb tjera q\u00eb k\u00ebto jan\u00eb remonte t\u00eb rregullta q\u00eb po b\u00ebhen n\u00eb termocentralin \u201cKosova B\u201d e q\u00eb jan\u00eb b\u00ebr\u00eb gjithmon\u00eb. Kjo nuk \u00ebsht\u00eb e sakt\u00eb. K\u00ebto po b\u00ebhen p\u00ebr her\u00eb t\u00eb par\u00eb, jan\u00eb b\u00ebr\u00eb intervenime t\u00eb vogla qindra tender\u00eb q\u00eb kan\u00eb kushtuar n\u00eb total mbi 1 miliard euro, por kurr\u00eb nuk jan\u00eb b\u00ebr\u00eb rehabilitime e modernizime t\u00eb tilla si\u00e7 po i b\u00ebjm\u00eb tani\u201d, tha n\u00eb konferenc\u00eb Rizvanolli.<\/p>\n<p>closevolume_off<br \/>\nAjo tha se p\u00ebr her\u00eb t\u00eb par\u00eb n\u00eb termocentralin \u201cKosova B\u201d po b\u00ebjn\u00eb modernizimin e turbinave, vendosjen e filter\u00ebve dhe nj\u00eb s\u00ebr\u00eb investimesh p\u00ebrcjell\u00ebse q\u00eb, sipas saj, do ta rrisin kapacitetin p\u00ebr 80 megavat dhe do ta ulin duksh\u00ebm ndotjen.<\/p>\n<p>Rizvanolli: Tregtimi n\u00eb linjat mes Kosov\u00ebs e Serbis\u00eb \u00ebsht\u00eb i bllokuar q\u00eb nga pavar\u00ebsimi energjetik i Kosov\u00ebs<\/p>\n<p>Ministrja n\u00eb detyr\u00eb e Ekonomis\u00eb, Artane Rizvaolli n\u00eb konferenc\u00ebn p\u00ebr media tha se koh\u00ebve t\u00eb fundit kan\u00eb qarkulluar nj\u00eb s\u00ebr\u00eb dezinformatash n\u00eb lidhje me importin e energjis\u00eb elektrike n\u00eb Kosov\u00eb.<\/p>\n<p>\u201c\u00cbsht\u00eb th\u00ebn\u00eb se importi gjat\u00eb kat\u00ebr viteve t\u00eb fundit \u00ebsht\u00eb rritur n\u00eb mbi 3 mij\u00eb gigavat or\u00eb, k\u00ebto shifra jan\u00eb t\u00eb pasakta. Importi n\u00eb Kosov\u00eb ka qen\u00eb prej rreth diku 1 mij\u00eb deri n\u00eb rreth 1500 gigavat or\u00eb e jo mbi tre mij\u00eb si\u00e7 \u00ebsht\u00eb th\u00ebn\u00eb. Nuk e di nga po i marrin k\u00ebto informata, mir\u00ebpo n\u00ebse po i marrin nga ASK-ja \u00ebsht\u00eb mir\u00eb t\u00eb tregojn\u00eb informat\u00ebn e plot\u00eb p\u00ebr m\u00ebnyr\u00ebn e p\u00ebrllogaritjes dhe p\u00ebrkufizimin e indikatorit\u201d, tha ajo.<\/p>\n<p>Tutjje, Rizvanolli tha se gjat\u00eb dit\u00ebve t\u00eb fundit \u00ebsht\u00eb th\u00ebn\u00eb se Kosova po importon energji nga Serbia, por sipas saj iu jan\u00eb referuar gabimisht rrjedhave fizike t\u00eb energjis\u00eb n\u00eb linjat e transmetimit mes Kosov\u00ebs dhe Serbis\u00eb.<\/p>\n<p>\u201cKushdo q\u00eb di ve\u00e7 pak p\u00ebr sektorin e energjis\u00eb e ka parasysh q\u00eb tregtimi n\u00eb linjat mes Kosov\u00ebs e Serbis\u00eb \u00ebsht\u00eb i bllokuar q\u00eb nga pavar\u00ebsimi energjetik i Kosov\u00ebs n\u00eb vitin 2020. Me k\u00ebt\u00eb rast dua t\u00eb p\u00ebrkujtoj nj\u00eb gj\u00eb, q\u00eb qeveria nuk blen energji. Adresa p\u00ebr pyetje si blihet energjia, me \u00e7far\u00eb \u00e7mimi, n\u00eb \u00e7far\u00eb rrug\u00eb, nga cil\u00ebt operator\u00eb e keni te furnizuesit, tek KESCO si furnizuesi kryesor, nj\u00eb kompani e privatizuar qysh n\u00eb vitin 2013 q\u00eb nuk ka asnj\u00eb lidhje me Qeverin\u00eb e Kosov\u00ebs\u201d, tha Rizvanolli n\u00eb konferenc\u00eb para gazetar\u00ebve.<\/p>\n","protected":false},"excerpt":{"rendered":"<p>Ministrja n\u00eb detyr\u00eb e Ekonomis\u00eb, Artane Rizvanolli tha se nuk ka pasur asnj\u00eb moment kur KEK-u ka prodhuar zero megavat n\u00eb or\u00eb, ose q\u00eb Kosova n\u00eb ndonj\u00eb moment ka qen\u00eb n\u00eb kolaps energjetik. N\u00eb nj\u00eb konferenc\u00eb p\u00ebr media, ministrja n\u00eb detyr\u00eb tha se kan\u00eb sfida n\u00eb sektorin energjetik, sepse sipas Rizvanollit, siguria furnizimit varet nga [&hellip;]<\/p>\n","protected":false},"author":8,"featured_media":20470,"comment_status":"closed","ping_status":"closed","sticky":false,"template":"","format":"standard","meta":{"footnotes":""},"categories":[215,213],"tags":[],"class_list":["post-20469","post","type-post","status-publish","format-standard","has-post-thumbnail","hentry","category-kosove","category-lajme"],"yoast_head":"<!-- This site is optimized with the Yoast SEO plugin v25.1 - https:\/\/yoast.com\/wordpress\/plugins\/seo\/ -->\n<title>Rizvanolli: Kosova n\u00eb asnj\u00eb moment nuk ka qen\u00eb n\u00eb kolaps energjetik - press7.tv<\/title>\n<meta name=\"robots\" content=\"index, follow, max-snippet:-1, max-image-preview:large, max-video-preview:-1\" \/>\n<link rel=\"canonical\" href=\"https:\/\/www.press7.tv\/?p=20469\" \/>\n<meta property=\"og:locale\" content=\"en_US\" \/>\n<meta property=\"og:type\" content=\"article\" \/>\n<meta property=\"og:title\" content=\"Rizvanolli: Kosova n\u00eb asnj\u00eb moment nuk ka qen\u00eb n\u00eb kolaps energjetik - press7.tv\" \/>\n<meta property=\"og:description\" content=\"Ministrja n\u00eb detyr\u00eb e Ekonomis\u00eb, Artane Rizvanolli tha se nuk ka pasur asnj\u00eb moment kur KEK-u ka prodhuar zero megavat n\u00eb or\u00eb, ose q\u00eb Kosova n\u00eb ndonj\u00eb moment ka qen\u00eb n\u00eb kolaps energjetik. N\u00eb nj\u00eb konferenc\u00eb p\u00ebr media, ministrja n\u00eb detyr\u00eb tha se kan\u00eb sfida n\u00eb sektorin energjetik, sepse sipas Rizvanollit, siguria furnizimit varet nga [&hellip;]\" \/>\n<meta property=\"og:url\" content=\"https:\/\/www.press7.tv\/?p=20469\" \/>\n<meta property=\"og:site_name\" content=\"press7.tv\" \/>\n<meta property=\"article:publisher\" content=\"https:\/\/www.facebook.com\/press7.tv\" \/>\n<meta property=\"article:published_time\" content=\"2025-06-24T11:49:30+00:00\" \/>\n<meta property=\"og:image\" content=\"https:\/\/www.press7.tv\/wp-content\/uploads\/2025\/06\/IMG_5608.avif\" \/>\n\t<meta property=\"og:image:width\" content=\"800\" \/>\n\t<meta property=\"og:image:height\" content=\"435\" \/>\n\t<meta property=\"og:image:type\" content=\"image\/jpeg\" \/>\n<meta name=\"author\" content=\"gazetar2\" \/>\n<meta name=\"twitter:card\" content=\"summary_large_image\" \/>\n<meta name=\"twitter:label1\" content=\"Written by\" \/>\n\t<meta name=\"twitter:data1\" content=\"gazetar2\" \/>\n\t<meta name=\"twitter:label2\" content=\"Est. reading time\" \/>\n\t<meta name=\"twitter:data2\" content=\"1 minute\" \/>\n<script type=\"application\/ld+json\" class=\"yoast-schema-graph\">{\"@context\":\"https:\/\/schema.org\",\"@graph\":[{\"@type\":\"Article\",\"@id\":\"https:\/\/www.press7.tv\/?p=20469#article\",\"isPartOf\":{\"@id\":\"https:\/\/www.press7.tv\/?p=20469\"},\"author\":{\"name\":\"gazetar2\",\"@id\":\"https:\/\/www.news33.tv\/#\/schema\/person\/5a04a38a23ccdba82f9bd665cd8f9efa\"},\"headline\":\"Rizvanolli: Kosova n\u00eb asnj\u00eb moment nuk ka qen\u00eb n\u00eb kolaps energjetik\",\"datePublished\":\"2025-06-24T11:49:30+00:00\",\"mainEntityOfPage\":{\"@id\":\"https:\/\/www.press7.tv\/?p=20469\"},\"wordCount\":571,\"publisher\":{\"@id\":\"https:\/\/www.news33.tv\/#organization\"},\"image\":{\"@id\":\"https:\/\/www.press7.tv\/?p=20469#primaryimage\"},\"thumbnailUrl\":\"https:\/\/www.press7.tv\/wp-content\/uploads\/2025\/06\/IMG_5608.avif\",\"articleSection\":[\"Kosov\u00eb\",\"Lajme\"],\"inLanguage\":\"en-US\"},{\"@type\":\"WebPage\",\"@id\":\"https:\/\/www.press7.tv\/?p=20469\",\"url\":\"https:\/\/www.press7.tv\/?p=20469\",\"name\":\"Rizvanolli: Kosova n\u00eb asnj\u00eb moment nuk ka qen\u00eb n\u00eb kolaps energjetik - press7.tv\",\"isPartOf\":{\"@id\":\"https:\/\/www.news33.tv\/#website\"},\"primaryImageOfPage\":{\"@id\":\"https:\/\/www.press7.tv\/?p=20469#primaryimage\"},\"image\":{\"@id\":\"https:\/\/www.press7.tv\/?p=20469#primaryimage\"},\"thumbnailUrl\":\"https:\/\/www.press7.tv\/wp-content\/uploads\/2025\/06\/IMG_5608.avif\",\"datePublished\":\"2025-06-24T11:49:30+00:00\",\"breadcrumb\":{\"@id\":\"https:\/\/www.press7.tv\/?p=20469#breadcrumb\"},\"inLanguage\":\"en-US\",\"potentialAction\":[{\"@type\":\"ReadAction\",\"target\":[\"https:\/\/www.press7.tv\/?p=20469\"]}]},{\"@type\":\"ImageObject\",\"inLanguage\":\"en-US\",\"@id\":\"https:\/\/www.press7.tv\/?p=20469#primaryimage\",\"url\":\"https:\/\/www.press7.tv\/wp-content\/uploads\/2025\/06\/IMG_5608.avif\",\"contentUrl\":\"https:\/\/www.press7.tv\/wp-content\/uploads\/2025\/06\/IMG_5608.avif\",\"width\":800,\"height\":435},{\"@type\":\"BreadcrumbList\",\"@id\":\"https:\/\/www.press7.tv\/?p=20469#breadcrumb\",\"itemListElement\":[{\"@type\":\"ListItem\",\"position\":1,\"name\":\"Home\",\"item\":\"https:\/\/www.press7.tv\/\"},{\"@type\":\"ListItem\",\"position\":2,\"name\":\"Rizvanolli: Kosova n\u00eb asnj\u00eb moment nuk ka qen\u00eb n\u00eb kolaps energjetik\"}]},{\"@type\":\"WebSite\",\"@id\":\"https:\/\/www.news33.tv\/#website\",\"url\":\"https:\/\/www.news33.tv\/\",\"name\":\"News33.tv Media\",\"description\":\"Media\",\"publisher\":{\"@id\":\"https:\/\/www.news33.tv\/#organization\"},\"potentialAction\":[{\"@type\":\"SearchAction\",\"target\":{\"@type\":\"EntryPoint\",\"urlTemplate\":\"https:\/\/www.news33.tv\/?s={search_term_string}\"},\"query-input\":{\"@type\":\"PropertyValueSpecification\",\"valueRequired\":true,\"valueName\":\"search_term_string\"}}],\"inLanguage\":\"en-US\"},{\"@type\":\"Organization\",\"@id\":\"https:\/\/www.news33.tv\/#organization\",\"name\":\"News33.tv Media\",\"url\":\"https:\/\/www.news33.tv\/\",\"logo\":{\"@type\":\"ImageObject\",\"inLanguage\":\"en-US\",\"@id\":\"https:\/\/www.news33.tv\/#\/schema\/logo\/image\/\",\"url\":\"https:\/\/www.press7.tv\/wp-content\/uploads\/2024\/02\/logo-news33-black.png\",\"contentUrl\":\"https:\/\/www.press7.tv\/wp-content\/uploads\/2024\/02\/logo-news33-black.png\",\"width\":180,\"height\":37,\"caption\":\"News33.tv Media\"},\"image\":{\"@id\":\"https:\/\/www.news33.tv\/#\/schema\/logo\/image\/\"},\"sameAs\":[\"https:\/\/www.facebook.com\/press7.tv\"]},{\"@type\":\"Person\",\"@id\":\"https:\/\/www.news33.tv\/#\/schema\/person\/5a04a38a23ccdba82f9bd665cd8f9efa\",\"name\":\"gazetar2\",\"image\":{\"@type\":\"ImageObject\",\"inLanguage\":\"en-US\",\"@id\":\"https:\/\/www.news33.tv\/#\/schema\/person\/image\/\",\"url\":\"https:\/\/www.press7.tv\/wp-content\/litespeed\/avatar\/41975e402c3049d9ddb03adca8f7a883.jpg?ver=1777169572\",\"contentUrl\":\"https:\/\/www.press7.tv\/wp-content\/litespeed\/avatar\/41975e402c3049d9ddb03adca8f7a883.jpg?ver=1777169572\",\"caption\":\"gazetar2\"},\"url\":\"https:\/\/www.press7.tv\/?author=8\"}]}<\/script>\n<!-- \/ Yoast SEO plugin. -->","yoast_head_json":{"title":"Rizvanolli: Kosova n\u00eb asnj\u00eb moment nuk ka qen\u00eb n\u00eb kolaps energjetik - press7.tv","robots":{"index":"index","follow":"follow","max-snippet":"max-snippet:-1","max-image-preview":"max-image-preview:large","max-video-preview":"max-video-preview:-1"},"canonical":"https:\/\/www.press7.tv\/?p=20469","og_locale":"en_US","og_type":"article","og_title":"Rizvanolli: Kosova n\u00eb asnj\u00eb moment nuk ka qen\u00eb n\u00eb kolaps energjetik - press7.tv","og_description":"Ministrja n\u00eb detyr\u00eb e Ekonomis\u00eb, Artane Rizvanolli tha se nuk ka pasur asnj\u00eb moment kur KEK-u ka prodhuar zero megavat n\u00eb or\u00eb, ose q\u00eb Kosova n\u00eb ndonj\u00eb moment ka qen\u00eb n\u00eb kolaps energjetik. N\u00eb nj\u00eb konferenc\u00eb p\u00ebr media, ministrja n\u00eb detyr\u00eb tha se kan\u00eb sfida n\u00eb sektorin energjetik, sepse sipas Rizvanollit, siguria furnizimit varet nga [&hellip;]","og_url":"https:\/\/www.press7.tv\/?p=20469","og_site_name":"press7.tv","article_publisher":"https:\/\/www.facebook.com\/press7.tv","article_published_time":"2025-06-24T11:49:30+00:00","og_image":[{"width":800,"height":435,"url":"https:\/\/www.press7.tv\/wp-content\/uploads\/2025\/06\/IMG_5608.avif","type":"image\/jpeg"}],"author":"gazetar2","twitter_card":"summary_large_image","twitter_misc":{"Written by":"gazetar2","Est. reading time":"1 minute"},"schema":{"@context":"https:\/\/schema.org","@graph":[{"@type":"Article","@id":"https:\/\/www.press7.tv\/?p=20469#article","isPartOf":{"@id":"https:\/\/www.press7.tv\/?p=20469"},"author":{"name":"gazetar2","@id":"https:\/\/www.news33.tv\/#\/schema\/person\/5a04a38a23ccdba82f9bd665cd8f9efa"},"headline":"Rizvanolli: Kosova n\u00eb asnj\u00eb moment nuk ka qen\u00eb n\u00eb kolaps energjetik","datePublished":"2025-06-24T11:49:30+00:00","mainEntityOfPage":{"@id":"https:\/\/www.press7.tv\/?p=20469"},"wordCount":571,"publisher":{"@id":"https:\/\/www.news33.tv\/#organization"},"image":{"@id":"https:\/\/www.press7.tv\/?p=20469#primaryimage"},"thumbnailUrl":"https:\/\/www.press7.tv\/wp-content\/uploads\/2025\/06\/IMG_5608.avif","articleSection":["Kosov\u00eb","Lajme"],"inLanguage":"en-US"},{"@type":"WebPage","@id":"https:\/\/www.press7.tv\/?p=20469","url":"https:\/\/www.press7.tv\/?p=20469","name":"Rizvanolli: Kosova n\u00eb asnj\u00eb moment nuk ka qen\u00eb n\u00eb kolaps energjetik - press7.tv","isPartOf":{"@id":"https:\/\/www.news33.tv\/#website"},"primaryImageOfPage":{"@id":"https:\/\/www.press7.tv\/?p=20469#primaryimage"},"image":{"@id":"https:\/\/www.press7.tv\/?p=20469#primaryimage"},"thumbnailUrl":"https:\/\/www.press7.tv\/wp-content\/uploads\/2025\/06\/IMG_5608.avif","datePublished":"2025-06-24T11:49:30+00:00","breadcrumb":{"@id":"https:\/\/www.press7.tv\/?p=20469#breadcrumb"},"inLanguage":"en-US","potentialAction":[{"@type":"ReadAction","target":["https:\/\/www.press7.tv\/?p=20469"]}]},{"@type":"ImageObject","inLanguage":"en-US","@id":"https:\/\/www.press7.tv\/?p=20469#primaryimage","url":"https:\/\/www.press7.tv\/wp-content\/uploads\/2025\/06\/IMG_5608.avif","contentUrl":"https:\/\/www.press7.tv\/wp-content\/uploads\/2025\/06\/IMG_5608.avif","width":800,"height":435},{"@type":"BreadcrumbList","@id":"https:\/\/www.press7.tv\/?p=20469#breadcrumb","itemListElement":[{"@type":"ListItem","position":1,"name":"Home","item":"https:\/\/www.press7.tv\/"},{"@type":"ListItem","position":2,"name":"Rizvanolli: Kosova n\u00eb asnj\u00eb moment nuk ka qen\u00eb n\u00eb kolaps energjetik"}]},{"@type":"WebSite","@id":"https:\/\/www.news33.tv\/#website","url":"https:\/\/www.news33.tv\/","name":"News33.tv Media","description":"Media","publisher":{"@id":"https:\/\/www.news33.tv\/#organization"},"potentialAction":[{"@type":"SearchAction","target":{"@type":"EntryPoint","urlTemplate":"https:\/\/www.news33.tv\/?s={search_term_string}"},"query-input":{"@type":"PropertyValueSpecification","valueRequired":true,"valueName":"search_term_string"}}],"inLanguage":"en-US"},{"@type":"Organization","@id":"https:\/\/www.news33.tv\/#organization","name":"News33.tv Media","url":"https:\/\/www.news33.tv\/","logo":{"@type":"ImageObject","inLanguage":"en-US","@id":"https:\/\/www.news33.tv\/#\/schema\/logo\/image\/","url":"https:\/\/www.press7.tv\/wp-content\/uploads\/2024\/02\/logo-news33-black.png","contentUrl":"https:\/\/www.press7.tv\/wp-content\/uploads\/2024\/02\/logo-news33-black.png","width":180,"height":37,"caption":"News33.tv Media"},"image":{"@id":"https:\/\/www.news33.tv\/#\/schema\/logo\/image\/"},"sameAs":["https:\/\/www.facebook.com\/press7.tv"]},{"@type":"Person","@id":"https:\/\/www.news33.tv\/#\/schema\/person\/5a04a38a23ccdba82f9bd665cd8f9efa","name":"gazetar2","image":{"@type":"ImageObject","inLanguage":"en-US","@id":"https:\/\/www.news33.tv\/#\/schema\/person\/image\/","url":"https:\/\/www.press7.tv\/wp-content\/litespeed\/avatar\/41975e402c3049d9ddb03adca8f7a883.jpg?ver=1777169572","contentUrl":"https:\/\/www.press7.tv\/wp-content\/litespeed\/avatar\/41975e402c3049d9ddb03adca8f7a883.jpg?ver=1777169572","caption":"gazetar2"},"url":"https:\/\/www.press7.tv\/?author=8"}]}},"amp_enabled":true,"_links":{"self":[{"href":"https:\/\/www.press7.tv\/index.php?rest_route=\/wp\/v2\/posts\/20469","targetHints":{"allow":["GET"]}}],"collection":[{"href":"https:\/\/www.press7.tv\/index.php?rest_route=\/wp\/v2\/posts"}],"about":[{"href":"https:\/\/www.press7.tv\/index.php?rest_route=\/wp\/v2\/types\/post"}],"author":[{"embeddable":true,"href":"https:\/\/www.press7.tv\/index.php?rest_route=\/wp\/v2\/users\/8"}],"replies":[{"embeddable":true,"href":"https:\/\/www.press7.tv\/index.php?rest_route=%2Fwp%2Fv2%2Fcomments&post=20469"}],"version-history":[{"count":1,"href":"https:\/\/www.press7.tv\/index.php?rest_route=\/wp\/v2\/posts\/20469\/revisions"}],"predecessor-version":[{"id":20471,"href":"https:\/\/www.press7.tv\/index.php?rest_route=\/wp\/v2\/posts\/20469\/revisions\/20471"}],"wp:featuredmedia":[{"embeddable":true,"href":"https:\/\/www.press7.tv\/index.php?rest_route=\/wp\/v2\/media\/20470"}],"wp:attachment":[{"href":"https:\/\/www.press7.tv\/index.php?rest_route=%2Fwp%2Fv2%2Fmedia&parent=20469"}],"wp:term":[{"taxonomy":"category","embeddable":true,"href":"https:\/\/www.press7.tv\/index.php?rest_route=%2Fwp%2Fv2%2Fcategories&post=20469"},{"taxonomy":"post_tag","embeddable":true,"href":"https:\/\/www.press7.tv\/index.php?rest_route=%2Fwp%2Fv2%2Ftags&post=20469"}],"curies":[{"name":"wp","href":"https:\/\/api.w.org\/{rel}","templated":true}]}}