{"id":19634,"date":"2025-05-21T09:31:07","date_gmt":"2025-05-21T09:31:07","guid":{"rendered":"https:\/\/www.press7.tv\/?p=19634"},"modified":"2025-05-21T09:31:07","modified_gmt":"2025-05-21T09:31:07","slug":"operacioni-bunker-bastisje-ne-pese-lokacione-ne-shkup-kunder-grupit-kriminal-belanoca-baron","status":"publish","type":"post","link":"https:\/\/www.press7.tv\/?p=19634","title":{"rendered":"Operacioni \u201cBunker\u201d: Bastisje n\u00eb pes\u00eb lokacione n\u00eb Shkup kund\u00ebr grupit kriminal \u201cBelanoca-Baron\u201d"},"content":{"rendered":"\n    <div class=\"xs_social_share_widget xs_share_url before_content \t\tmain_content  wslu-style-2 wslu-share-box-shaped wslu-fill-colored wslu-share-m-5 wslu-none wslu-share-vertical wslu-theme-font-no wslu-main_content\">\n\n\t\t\n        <ul>\n\t\t\t        <\/ul>\n    <\/div> \n<p>Nj\u00eb aksion i ri policor \u00ebsht\u00eb zhvilluar q\u00eb nga m\u00ebngjesi i sot\u00ebm n\u00eb Shkup, n\u00eb kuad\u00ebr t\u00eb rastit t\u00eb koduar \u201cBunker\u201d. Sipas informacioneve zyrtare, kontrollet jan\u00eb duke u kryer n\u00eb pes\u00eb lokacione t\u00eb ndryshme dhe drejtohen nga nj\u00eb prokuror nga Prokuroria p\u00ebr Krim t\u00eb Organizuar dhe Korrupsion.<\/p>\n<p>Ky operacion \u00ebsht\u00eb vazhdim i hetimeve ndaj grupit kriminal t\u00eb njohur si \u201cBelanoca-Baron\u201d, i cili dyshohet p\u00ebr nj\u00eb s\u00ebr\u00eb veprash penale, p\u00ebrfshir\u00eb vrasje, zhvatje, dhe djegie t\u00eb q\u00ebllimshme objektesh dhe automjetesh si mjet p\u00ebr shantazh.<\/p>\n<p>N\u00eb dhjetor t\u00eb vitit t\u00eb kaluar, autoritetet kishin nd\u00ebrmarr\u00eb nj\u00eb aksion t\u00eb gjer\u00eb kund\u00ebr k\u00ebtij grupi, duke bastisur 30 lokacione dhe duke konfiskuar para, ar, arm\u00eb dhe sende t\u00eb tjera. At\u00ebher\u00eb ishin arrestuar kat\u00ebr persona, nd\u00ebrsa nj\u00eb tjet\u00ebr ishte dor\u00ebzuar n\u00eb polici.<\/p>\n<p>Autoritetet pritet t\u00eb publikojn\u00eb m\u00eb shum\u00eb detaje n\u00eb vijim t\u00eb dit\u00ebs.<\/p>\n","protected":false},"excerpt":{"rendered":"<p>Nj\u00eb aksion i ri policor \u00ebsht\u00eb zhvilluar q\u00eb nga m\u00ebngjesi i sot\u00ebm n\u00eb Shkup, n\u00eb kuad\u00ebr t\u00eb rastit t\u00eb koduar \u201cBunker\u201d. Sipas informacioneve zyrtare, kontrollet jan\u00eb duke u kryer n\u00eb pes\u00eb lokacione t\u00eb ndryshme dhe drejtohen nga nj\u00eb prokuror nga Prokuroria p\u00ebr Krim t\u00eb Organizuar dhe Korrupsion. Ky operacion \u00ebsht\u00eb vazhdim i hetimeve ndaj grupit [&hellip;]<\/p>\n","protected":false},"author":9,"featured_media":19635,"comment_status":"closed","ping_status":"closed","sticky":false,"template":"","format":"standard","meta":{"footnotes":""},"categories":[213,214],"tags":[],"class_list":["post-19634","post","type-post","status-publish","format-standard","has-post-thumbnail","hentry","category-lajme","category-maqedoni"],"yoast_head":"<!-- This site is optimized with the Yoast SEO plugin v25.1 - https:\/\/yoast.com\/wordpress\/plugins\/seo\/ -->\n<title>Operacioni \u201cBunker\u201d: Bastisje n\u00eb pes\u00eb lokacione n\u00eb Shkup kund\u00ebr grupit kriminal \u201cBelanoca-Baron\u201d - press7.tv<\/title>\n<meta name=\"robots\" content=\"index, follow, max-snippet:-1, max-image-preview:large, max-video-preview:-1\" \/>\n<link rel=\"canonical\" href=\"https:\/\/www.press7.tv\/?p=19634\" \/>\n<meta property=\"og:locale\" content=\"en_US\" \/>\n<meta property=\"og:type\" content=\"article\" \/>\n<meta property=\"og:title\" content=\"Operacioni \u201cBunker\u201d: Bastisje n\u00eb pes\u00eb lokacione n\u00eb Shkup kund\u00ebr grupit kriminal \u201cBelanoca-Baron\u201d - press7.tv\" \/>\n<meta property=\"og:description\" content=\"Nj\u00eb aksion i ri policor \u00ebsht\u00eb zhvilluar q\u00eb nga m\u00ebngjesi i sot\u00ebm n\u00eb Shkup, n\u00eb kuad\u00ebr t\u00eb rastit t\u00eb koduar \u201cBunker\u201d. Sipas informacioneve zyrtare, kontrollet jan\u00eb duke u kryer n\u00eb pes\u00eb lokacione t\u00eb ndryshme dhe drejtohen nga nj\u00eb prokuror nga Prokuroria p\u00ebr Krim t\u00eb Organizuar dhe Korrupsion. Ky operacion \u00ebsht\u00eb vazhdim i hetimeve ndaj grupit [&hellip;]\" \/>\n<meta property=\"og:url\" content=\"https:\/\/www.press7.tv\/?p=19634\" \/>\n<meta property=\"og:site_name\" content=\"press7.tv\" \/>\n<meta property=\"article:publisher\" content=\"https:\/\/www.facebook.com\/press7.tv\" \/>\n<meta property=\"article:published_time\" content=\"2025-05-21T09:31:07+00:00\" \/>\n<meta property=\"og:image\" content=\"https:\/\/www.press7.tv\/wp-content\/uploads\/2025\/05\/IMG_7312.avif\" \/>\n\t<meta property=\"og:image:width\" content=\"927\" \/>\n\t<meta property=\"og:image:height\" content=\"588\" \/>\n\t<meta property=\"og:image:type\" content=\"image\/jpeg\" \/>\n<meta name=\"author\" content=\"Press Gazetar\" \/>\n<meta name=\"twitter:card\" content=\"summary_large_image\" \/>\n<meta name=\"twitter:label1\" content=\"Written by\" \/>\n\t<meta name=\"twitter:data1\" content=\"Press Gazetar\" \/>\n\t<meta name=\"twitter:label2\" content=\"Est. reading time\" \/>\n\t<meta name=\"twitter:data2\" content=\"1 minute\" \/>\n<script type=\"application\/ld+json\" class=\"yoast-schema-graph\">{\"@context\":\"https:\/\/schema.org\",\"@graph\":[{\"@type\":\"Article\",\"@id\":\"https:\/\/www.press7.tv\/?p=19634#article\",\"isPartOf\":{\"@id\":\"https:\/\/www.press7.tv\/?p=19634\"},\"author\":{\"name\":\"Press Gazetar\",\"@id\":\"https:\/\/www.news33.tv\/#\/schema\/person\/167a429284ec9e6134aec6cd47c570ea\"},\"headline\":\"Operacioni \u201cBunker\u201d: Bastisje n\u00eb pes\u00eb lokacione n\u00eb Shkup kund\u00ebr grupit kriminal \u201cBelanoca-Baron\u201d\",\"datePublished\":\"2025-05-21T09:31:07+00:00\",\"mainEntityOfPage\":{\"@id\":\"https:\/\/www.press7.tv\/?p=19634\"},\"wordCount\":165,\"publisher\":{\"@id\":\"https:\/\/www.news33.tv\/#organization\"},\"image\":{\"@id\":\"https:\/\/www.press7.tv\/?p=19634#primaryimage\"},\"thumbnailUrl\":\"https:\/\/www.press7.tv\/wp-content\/uploads\/2025\/05\/IMG_7312.avif\",\"articleSection\":[\"Lajme\",\"Maqedoni\"],\"inLanguage\":\"en-US\"},{\"@type\":\"WebPage\",\"@id\":\"https:\/\/www.press7.tv\/?p=19634\",\"url\":\"https:\/\/www.press7.tv\/?p=19634\",\"name\":\"Operacioni \u201cBunker\u201d: Bastisje n\u00eb pes\u00eb lokacione n\u00eb Shkup kund\u00ebr grupit kriminal \u201cBelanoca-Baron\u201d - press7.tv\",\"isPartOf\":{\"@id\":\"https:\/\/www.news33.tv\/#website\"},\"primaryImageOfPage\":{\"@id\":\"https:\/\/www.press7.tv\/?p=19634#primaryimage\"},\"image\":{\"@id\":\"https:\/\/www.press7.tv\/?p=19634#primaryimage\"},\"thumbnailUrl\":\"https:\/\/www.press7.tv\/wp-content\/uploads\/2025\/05\/IMG_7312.avif\",\"datePublished\":\"2025-05-21T09:31:07+00:00\",\"breadcrumb\":{\"@id\":\"https:\/\/www.press7.tv\/?p=19634#breadcrumb\"},\"inLanguage\":\"en-US\",\"potentialAction\":[{\"@type\":\"ReadAction\",\"target\":[\"https:\/\/www.press7.tv\/?p=19634\"]}]},{\"@type\":\"ImageObject\",\"inLanguage\":\"en-US\",\"@id\":\"https:\/\/www.press7.tv\/?p=19634#primaryimage\",\"url\":\"https:\/\/www.press7.tv\/wp-content\/uploads\/2025\/05\/IMG_7312.avif\",\"contentUrl\":\"https:\/\/www.press7.tv\/wp-content\/uploads\/2025\/05\/IMG_7312.avif\",\"width\":927,\"height\":588},{\"@type\":\"BreadcrumbList\",\"@id\":\"https:\/\/www.press7.tv\/?p=19634#breadcrumb\",\"itemListElement\":[{\"@type\":\"ListItem\",\"position\":1,\"name\":\"Home\",\"item\":\"https:\/\/www.press7.tv\/\"},{\"@type\":\"ListItem\",\"position\":2,\"name\":\"Operacioni \u201cBunker\u201d: Bastisje n\u00eb pes\u00eb lokacione n\u00eb Shkup kund\u00ebr grupit kriminal \u201cBelanoca-Baron\u201d\"}]},{\"@type\":\"WebSite\",\"@id\":\"https:\/\/www.news33.tv\/#website\",\"url\":\"https:\/\/www.news33.tv\/\",\"name\":\"News33.tv Media\",\"description\":\"Media\",\"publisher\":{\"@id\":\"https:\/\/www.news33.tv\/#organization\"},\"potentialAction\":[{\"@type\":\"SearchAction\",\"target\":{\"@type\":\"EntryPoint\",\"urlTemplate\":\"https:\/\/www.news33.tv\/?s={search_term_string}\"},\"query-input\":{\"@type\":\"PropertyValueSpecification\",\"valueRequired\":true,\"valueName\":\"search_term_string\"}}],\"inLanguage\":\"en-US\"},{\"@type\":\"Organization\",\"@id\":\"https:\/\/www.news33.tv\/#organization\",\"name\":\"News33.tv Media\",\"url\":\"https:\/\/www.news33.tv\/\",\"logo\":{\"@type\":\"ImageObject\",\"inLanguage\":\"en-US\",\"@id\":\"https:\/\/www.news33.tv\/#\/schema\/logo\/image\/\",\"url\":\"https:\/\/www.press7.tv\/wp-content\/uploads\/2024\/02\/logo-news33-black.png\",\"contentUrl\":\"https:\/\/www.press7.tv\/wp-content\/uploads\/2024\/02\/logo-news33-black.png\",\"width\":180,\"height\":37,\"caption\":\"News33.tv Media\"},\"image\":{\"@id\":\"https:\/\/www.news33.tv\/#\/schema\/logo\/image\/\"},\"sameAs\":[\"https:\/\/www.facebook.com\/press7.tv\"]},{\"@type\":\"Person\",\"@id\":\"https:\/\/www.news33.tv\/#\/schema\/person\/167a429284ec9e6134aec6cd47c570ea\",\"name\":\"Press Gazetar\",\"image\":{\"@type\":\"ImageObject\",\"inLanguage\":\"en-US\",\"@id\":\"https:\/\/www.news33.tv\/#\/schema\/person\/image\/\",\"url\":\"https:\/\/www.press7.tv\/wp-content\/litespeed\/avatar\/9bc8a1ce188443017b24c2559fe448d5.jpg?ver=1777173216\",\"contentUrl\":\"https:\/\/www.press7.tv\/wp-content\/litespeed\/avatar\/9bc8a1ce188443017b24c2559fe448d5.jpg?ver=1777173216\",\"caption\":\"Press Gazetar\"},\"url\":\"https:\/\/www.press7.tv\/?author=9\"}]}<\/script>\n<!-- \/ Yoast SEO plugin. -->","yoast_head_json":{"title":"Operacioni \u201cBunker\u201d: Bastisje n\u00eb pes\u00eb lokacione n\u00eb Shkup kund\u00ebr grupit kriminal \u201cBelanoca-Baron\u201d - press7.tv","robots":{"index":"index","follow":"follow","max-snippet":"max-snippet:-1","max-image-preview":"max-image-preview:large","max-video-preview":"max-video-preview:-1"},"canonical":"https:\/\/www.press7.tv\/?p=19634","og_locale":"en_US","og_type":"article","og_title":"Operacioni \u201cBunker\u201d: Bastisje n\u00eb pes\u00eb lokacione n\u00eb Shkup kund\u00ebr grupit kriminal \u201cBelanoca-Baron\u201d - press7.tv","og_description":"Nj\u00eb aksion i ri policor \u00ebsht\u00eb zhvilluar q\u00eb nga m\u00ebngjesi i sot\u00ebm n\u00eb Shkup, n\u00eb kuad\u00ebr t\u00eb rastit t\u00eb koduar \u201cBunker\u201d. Sipas informacioneve zyrtare, kontrollet jan\u00eb duke u kryer n\u00eb pes\u00eb lokacione t\u00eb ndryshme dhe drejtohen nga nj\u00eb prokuror nga Prokuroria p\u00ebr Krim t\u00eb Organizuar dhe Korrupsion. Ky operacion \u00ebsht\u00eb vazhdim i hetimeve ndaj grupit [&hellip;]","og_url":"https:\/\/www.press7.tv\/?p=19634","og_site_name":"press7.tv","article_publisher":"https:\/\/www.facebook.com\/press7.tv","article_published_time":"2025-05-21T09:31:07+00:00","og_image":[{"width":927,"height":588,"url":"https:\/\/www.press7.tv\/wp-content\/uploads\/2025\/05\/IMG_7312.avif","type":"image\/jpeg"}],"author":"Press Gazetar","twitter_card":"summary_large_image","twitter_misc":{"Written by":"Press Gazetar","Est. reading time":"1 minute"},"schema":{"@context":"https:\/\/schema.org","@graph":[{"@type":"Article","@id":"https:\/\/www.press7.tv\/?p=19634#article","isPartOf":{"@id":"https:\/\/www.press7.tv\/?p=19634"},"author":{"name":"Press Gazetar","@id":"https:\/\/www.news33.tv\/#\/schema\/person\/167a429284ec9e6134aec6cd47c570ea"},"headline":"Operacioni \u201cBunker\u201d: Bastisje n\u00eb pes\u00eb lokacione n\u00eb Shkup kund\u00ebr grupit kriminal \u201cBelanoca-Baron\u201d","datePublished":"2025-05-21T09:31:07+00:00","mainEntityOfPage":{"@id":"https:\/\/www.press7.tv\/?p=19634"},"wordCount":165,"publisher":{"@id":"https:\/\/www.news33.tv\/#organization"},"image":{"@id":"https:\/\/www.press7.tv\/?p=19634#primaryimage"},"thumbnailUrl":"https:\/\/www.press7.tv\/wp-content\/uploads\/2025\/05\/IMG_7312.avif","articleSection":["Lajme","Maqedoni"],"inLanguage":"en-US"},{"@type":"WebPage","@id":"https:\/\/www.press7.tv\/?p=19634","url":"https:\/\/www.press7.tv\/?p=19634","name":"Operacioni \u201cBunker\u201d: Bastisje n\u00eb pes\u00eb lokacione n\u00eb Shkup kund\u00ebr grupit kriminal \u201cBelanoca-Baron\u201d - press7.tv","isPartOf":{"@id":"https:\/\/www.news33.tv\/#website"},"primaryImageOfPage":{"@id":"https:\/\/www.press7.tv\/?p=19634#primaryimage"},"image":{"@id":"https:\/\/www.press7.tv\/?p=19634#primaryimage"},"thumbnailUrl":"https:\/\/www.press7.tv\/wp-content\/uploads\/2025\/05\/IMG_7312.avif","datePublished":"2025-05-21T09:31:07+00:00","breadcrumb":{"@id":"https:\/\/www.press7.tv\/?p=19634#breadcrumb"},"inLanguage":"en-US","potentialAction":[{"@type":"ReadAction","target":["https:\/\/www.press7.tv\/?p=19634"]}]},{"@type":"ImageObject","inLanguage":"en-US","@id":"https:\/\/www.press7.tv\/?p=19634#primaryimage","url":"https:\/\/www.press7.tv\/wp-content\/uploads\/2025\/05\/IMG_7312.avif","contentUrl":"https:\/\/www.press7.tv\/wp-content\/uploads\/2025\/05\/IMG_7312.avif","width":927,"height":588},{"@type":"BreadcrumbList","@id":"https:\/\/www.press7.tv\/?p=19634#breadcrumb","itemListElement":[{"@type":"ListItem","position":1,"name":"Home","item":"https:\/\/www.press7.tv\/"},{"@type":"ListItem","position":2,"name":"Operacioni \u201cBunker\u201d: Bastisje n\u00eb pes\u00eb lokacione n\u00eb Shkup kund\u00ebr grupit kriminal \u201cBelanoca-Baron\u201d"}]},{"@type":"WebSite","@id":"https:\/\/www.news33.tv\/#website","url":"https:\/\/www.news33.tv\/","name":"News33.tv Media","description":"Media","publisher":{"@id":"https:\/\/www.news33.tv\/#organization"},"potentialAction":[{"@type":"SearchAction","target":{"@type":"EntryPoint","urlTemplate":"https:\/\/www.news33.tv\/?s={search_term_string}"},"query-input":{"@type":"PropertyValueSpecification","valueRequired":true,"valueName":"search_term_string"}}],"inLanguage":"en-US"},{"@type":"Organization","@id":"https:\/\/www.news33.tv\/#organization","name":"News33.tv Media","url":"https:\/\/www.news33.tv\/","logo":{"@type":"ImageObject","inLanguage":"en-US","@id":"https:\/\/www.news33.tv\/#\/schema\/logo\/image\/","url":"https:\/\/www.press7.tv\/wp-content\/uploads\/2024\/02\/logo-news33-black.png","contentUrl":"https:\/\/www.press7.tv\/wp-content\/uploads\/2024\/02\/logo-news33-black.png","width":180,"height":37,"caption":"News33.tv Media"},"image":{"@id":"https:\/\/www.news33.tv\/#\/schema\/logo\/image\/"},"sameAs":["https:\/\/www.facebook.com\/press7.tv"]},{"@type":"Person","@id":"https:\/\/www.news33.tv\/#\/schema\/person\/167a429284ec9e6134aec6cd47c570ea","name":"Press Gazetar","image":{"@type":"ImageObject","inLanguage":"en-US","@id":"https:\/\/www.news33.tv\/#\/schema\/person\/image\/","url":"https:\/\/www.press7.tv\/wp-content\/litespeed\/avatar\/9bc8a1ce188443017b24c2559fe448d5.jpg?ver=1777173216","contentUrl":"https:\/\/www.press7.tv\/wp-content\/litespeed\/avatar\/9bc8a1ce188443017b24c2559fe448d5.jpg?ver=1777173216","caption":"Press Gazetar"},"url":"https:\/\/www.press7.tv\/?author=9"}]}},"amp_enabled":true,"_links":{"self":[{"href":"https:\/\/www.press7.tv\/index.php?rest_route=\/wp\/v2\/posts\/19634","targetHints":{"allow":["GET"]}}],"collection":[{"href":"https:\/\/www.press7.tv\/index.php?rest_route=\/wp\/v2\/posts"}],"about":[{"href":"https:\/\/www.press7.tv\/index.php?rest_route=\/wp\/v2\/types\/post"}],"author":[{"embeddable":true,"href":"https:\/\/www.press7.tv\/index.php?rest_route=\/wp\/v2\/users\/9"}],"replies":[{"embeddable":true,"href":"https:\/\/www.press7.tv\/index.php?rest_route=%2Fwp%2Fv2%2Fcomments&post=19634"}],"version-history":[{"count":1,"href":"https:\/\/www.press7.tv\/index.php?rest_route=\/wp\/v2\/posts\/19634\/revisions"}],"predecessor-version":[{"id":19636,"href":"https:\/\/www.press7.tv\/index.php?rest_route=\/wp\/v2\/posts\/19634\/revisions\/19636"}],"wp:featuredmedia":[{"embeddable":true,"href":"https:\/\/www.press7.tv\/index.php?rest_route=\/wp\/v2\/media\/19635"}],"wp:attachment":[{"href":"https:\/\/www.press7.tv\/index.php?rest_route=%2Fwp%2Fv2%2Fmedia&parent=19634"}],"wp:term":[{"taxonomy":"category","embeddable":true,"href":"https:\/\/www.press7.tv\/index.php?rest_route=%2Fwp%2Fv2%2Fcategories&post=19634"},{"taxonomy":"post_tag","embeddable":true,"href":"https:\/\/www.press7.tv\/index.php?rest_route=%2Fwp%2Fv2%2Ftags&post=19634"}],"curies":[{"name":"wp","href":"https:\/\/api.w.org\/{rel}","templated":true}]}}