{"id":19495,"date":"2025-05-17T19:10:37","date_gmt":"2025-05-17T19:10:37","guid":{"rendered":"https:\/\/www.press7.tv\/?p=19495"},"modified":"2025-05-17T19:10:37","modified_gmt":"2025-05-17T19:10:37","slug":"keta-politikane-nuk-leshojne-pe-pa-marre-leje-nga-grenell-vjen-deklarata-e-forte-pas-takimit-te-osmanit-me-lideret-politike","status":"publish","type":"post","link":"https:\/\/www.press7.tv\/?p=19495","title":{"rendered":"K\u00ebta politikan\u00eb nuk l\u00ebshojn\u00eb \u2018pe\u2019 pa marr\u00eb leje nga Grenell!\u201d, vjen deklarata e fort\u00eb pas takimit t\u00eb Osmanit me lider\u00ebt politik\u00eb"},"content":{"rendered":"\n    <div class=\"xs_social_share_widget xs_share_url before_content \t\tmain_content  wslu-style-2 wslu-share-box-shaped wslu-fill-colored wslu-share-m-5 wslu-none wslu-share-vertical wslu-theme-font-no wslu-main_content\">\n\n\t\t\n        <ul>\n\t\t\t        <\/ul>\n    <\/div> \n<p>Takimi i krer\u00ebve politik me presidenten Osmani, mir\u00eb, por jo bash mir\u00eb<br \/>\nAs pas takimit t\u00eb presidentes Vjosa Osmani me krer\u00ebt e partive parlamentare, nuk \u00ebsht\u00eb sh\u00ebnuar ndonj\u00eb p\u00ebrparim p\u00ebr zhbllokimin e ng\u00ebr\u00e7it politik.<\/p>\n<p>Osmani tha se ky ishte vet\u00ebm takimi i par\u00eb dhe paralajm\u00ebroi se takimet do t\u00eb vazhdojn\u00eb edhe jav\u00ebn tjet\u00ebr me secilin lider ve\u00e7 e ve\u00e7, n\u00ebse \u00ebsht\u00eb e nevojshme.<\/p>\n<p>E n\u00eb lidhje me k\u00ebt\u00eb takim, p\u00ebr \u201cBota sot\u201d foli Agim Ali\u00e7kaj drejtor ekzekutiv i Lig\u00ebs Qytetare Shqiptaro-Amerikane.<\/p>\n<p>S\u00eb pari, ai potencoi faktin se Presidenca \u00ebsht\u00eb i vetmi institucion i plot\u00eb i funksionimit ekzekutiv dhe legjislativ t\u00eb Kosov\u00ebs.<\/p>\n<p>Krahas k\u00ebsaj, Ali\u00e7kaj mir\u00ebpriti ftes\u00ebn e presidentes p\u00ebr takim, megjithat\u00eb kritikoi mosgatishm\u00ebrin\u00eb e lider\u00ebve p\u00ebr t\u00eb gjetur nj\u00eb marr\u00ebveshje politike, me q\u00ebllim t\u00eb kalimit t\u00eb k\u00ebsaj bllokade.<\/p>\n<p>\u201cPresidenca e Kosov\u00ebs, e kryesuar nga presidentja Vjosa Osmani, aktualisht \u00ebsht\u00eb i vetmi institucion i plot\u00eb i funksionimit ekzekutiv dhe legjislativ t\u00eb shtetit. Ftesa e saj drejtuar lider\u00ebve politik\u00eb paraqet nj\u00eb p\u00ebrpjekje t\u00eb sinqert\u00eb p\u00ebr tejkalimin e kriz\u00ebs s\u00eb formimit t\u00eb organeve t\u00eb kuvendit dhe institucioneve shtet\u00ebrore. Pjes\u00ebmarrja e tyre n\u00eb nivelin m\u00eb t\u00eb lart\u00eb n\u00eb k\u00ebt\u00eb takim \u00ebsht\u00eb p\u00ebr t\u2019u vler\u00ebsuar si respektim i presidentes dhe shtetit. Megjithat\u00eb, mosgatishm\u00ebria e tyre p\u00ebr t\u00eb gjetur nj\u00eb zgjidhje paraqet nj\u00eb veprim q\u00eb nuk \u00ebsht\u00eb hiq m\u00eb pak se jodemokratik.<\/p>\n<p>Presidentja n\u00eb k\u00ebt\u00eb situat\u00eb nuk ka mund\u00ebsi t\u00eb b\u00ebn m\u00eb shum\u00eb sepse ar\u00ebsyet e bllokad\u00ebs institucionale jan\u00eb shum\u00eb m\u00eb t\u00eb thella se sa q\u00eb shihen dhe tregohen publikisht. Natyrisht q\u00eb ajo, nga pozita e vet e paan\u00ebshme, \u00ebsht\u00eb mir\u00eb ti vazhdoj\u00eb p\u00ebrpjekjet p\u00ebr dalje nga kjo situat\u00eb e keqe p\u00ebr shtetin e Kosov\u00ebs\u201d, n\u00ebnvizoi drejtori i LQSHA-s\u00eb.<\/p>\n<p>ImageAgim Ali\u00e7kaj drejtor ekzekutiv i Lig\u00ebs Qytetare Shqiptaro-Amerikane.Foto galeri<br \/>\nPo ashtu, Ali\u00e7kaj tha se qytetar\u00ebt e kan\u00eb dh\u00ebn\u00eb verdiktin e tyre, q\u00eb d\u00ebshirojn\u00eb t\u00eb udh\u00ebhiqen nga Kurti, por q\u00eb opozita duket se nuk po e pranon k\u00ebt\u00eb.<\/p>\n<p>N\u00eb k\u00ebt\u00eb rast, p\u00ebrmendi disa nga shkaqet q\u00eb po e bllokojn\u00eb situat\u00ebn dhe nuk po i \u2018lejojn\u00eb\u2019 partit\u00eb politike t\u00eb b\u00ebjn\u00eb koalicion me LVV-n\u00eb, apo ndonj\u00eb marr\u00ebveshje politike.<\/p>\n<p>\u201cPopulli i Kosov\u00ebs n\u00eb zgjedhjet e 9 shkurtit, e ka dh\u00ebn\u00eb verdiktin e vet dhe e tregoi me shumic\u00eb t\u00eb konsiderueshme se d\u00ebshiron t\u00eb qeveriset nga KM Kurti me partit\u00eb n\u00eb koalicion edhe p\u00ebr kat\u00ebr vjet, por t\u00eb jet\u00eb m\u00eb i kufizuar se p\u00ebrpara. Problemi \u00ebsht\u00eb se krer\u00ebt e opozit\u00ebs dhe grupet e caktuara rreth tyre, nuk d\u00ebshirojn\u00eb ta pranojn\u00eb k\u00ebt\u00eb gj\u00eb, p\u00ebr shum\u00eb ar\u00ebsye.<\/p>\n<p>Arsyeja kryesore e brendshme \u00ebsht\u00eb d\u00ebshira e tepruar p\u00ebr pushtet, frika nga p\u00ebrgjegj\u00ebsia p\u00ebr korrupsion gjat\u00eb qeverisjes s\u00eb tyre t\u00eb gjat\u00eb n\u00eb t\u00eb kaluar\u00ebn dhe humbja e mund\u00ebshme e pasurive t\u00eb paligj\u00ebshme. Inatet personale, zilia, ofendimet dhe urrejtja p\u00ebr nj\u00ebri tjetrin e kan\u00eb r\u00ebnd\u00ebsin\u00eb e vet, por ato zakonisht tejkalohen me koalicione.<\/p>\n<p>Jan\u00eb ndikimet nga jasht\u00eb ato q\u00eb po e fuqizojn\u00eb q\u00ebndres\u00ebn e krer\u00ebve opozitar\u00eb deri n\u00eb at\u00eb pik\u00eb sa q\u00eb t\u00eb bllokojn\u00eb me \u00e7do kusht krijimin e institucioneve\u201d, n\u00ebnvizoi ai.<\/p>\n<p>N\u00eb vazhdim, drejtori i LQSHA-s\u00eb theksoi edhe ndikimin e shtetit serb n\u00eb Kosov\u00eb dhe politikat q\u00eb i zbaton p\u00ebrmes \u201cdor\u00ebs s\u00eb zgjatur\u201d, si\u00e7 \u00ebsht\u00eb Lista Serbe.<\/p>\n<p>K\u00ebsisoj, p\u00ebrmendi edhe disa miliona dollar q\u00eb Serbia po shp\u00ebrndan n\u00eb trojet shqiptare, me q\u00ebllim t\u00eb d\u00ebmtimit t\u00eb imazhit t\u00eb Kurtit dhe Kosov\u00ebs n\u00eb aren\u00ebn nd\u00ebrkomb\u00ebtare.<\/p>\n<p>\u201c\u00c7do gj\u00eb, fund e krye lidhet me armikun e p\u00ebrbetuar t\u00eb kombit shqiptar, qeverin\u00eb kriminale, shoviniste dhe hegjemoniste t\u00eb z\u00ebdh\u00ebnd\u00ebsit dhe pasardh\u00ebsit t\u00eb kriminelit Milosheviq, kryekriminelit Vu\u00e7iq dhe organizat\u00ebs armiq\u00ebsore \u201cLista srpska\u201d t\u00eb krijuar nga ai, me q\u00ebllim t\u00eb shkat\u00ebrrimit t\u00eb Kosov\u00ebs.<\/p>\n<p>Regjimi serb dhe Lista Serbe e kan\u00eb shpall\u00eb KM Albin Kurti rrezikun num\u00ebr nj\u00eb p\u00ebr interesat serbe dhe jan\u00eb duke b\u00ebr\u00eb \u00e7mos n\u00eb t\u00eb hapur dhe t\u00eb fshehur p\u00ebr ta eliminuar ate nga jeta politike. Kjo \u00ebsht\u00eb m\u00ebnyra m\u00eb efektive e veprimit t\u00eb tyre, t\u00eb gjitha forcat n\u00eb nj\u00eb q\u00ebllim deri sa t\u00eb realizohet, pastaj dalin t\u00eb tjerat.<\/p>\n<p>Serbia po shp\u00ebrndan miliona dollar\u00eb n\u00ebp\u00ebr Kosov\u00eb, Shqip\u00ebri dhe trojet tona duke i influencuar mediat dhe individ\u00eb t\u00eb caktuar, sidomos n\u00eb organizatat joqeveritare por duke e p\u00ebrfshir\u00eb edhe kryeministrin e Shqip\u00ebris\u00eb Edi Rama i cili ka kaluar plot\u00ebsisht n\u00eb an\u00ebn e tyre. Po b\u00ebjn\u00eb investime marramend\u00ebse p\u00ebr lobim n\u00eb SHBA kund\u00ebr KM Kurti dhe shtetit t\u00eb Kosov\u00ebs. Edhe ish ambasadori Grenell, p\u00ebr interesa t\u00eb veta, ka koh\u00eb q\u00eb \u00ebsht\u00eb v\u00ebn\u00eb n\u00eb sh\u00ebrbim t\u00eb regjimit serb.<\/p>\n<p>T\u00eb gjith\u00eb k\u00ebta, shto k\u00ebtu edhe disa oligark\u00eb t\u00eb Kosov\u00ebs dhe t\u00eb Amerik\u00ebs, i kan\u00eb bindur krer\u00ebt e opozit\u00ebs (jo an\u00ebtar\u00ebsin\u00eb e gjer\u00eb) q\u00eb t\u00eb mos e lejojn\u00eb KM Kurti kurr\u00ebsesi t\u00eb krijoj\u00eb institucionet. Ju kan\u00eb premtuar pozita dhe \u201cbashkim-v\u00ebllaz\u00ebrim\u201d me listen serbe si gj\u00eb \u201cp\u00ebrparimtare\u201d q\u00eb mund t\u00eb p\u00ebrkrahet edhe nga nd\u00ebrkom\u00ebtar\u00ebt\u201d, shpjegoi ai.<\/p>\n<p>Tutje, Ali\u00e7kaj ironizoi duke th\u00ebn\u00eb se krer\u00ebt e tri partive m\u00eb t\u00eb m\u00ebdha opozitare nuk l\u00ebshojn\u00eb pe n\u00eb k\u00ebt\u00eb \u00e7\u00ebshtje, pa marr\u00eb leje nga Grenell dhe disa oligark\u00eb t\u00eb tjer\u00eb.<\/p>\n<p>\u201cShkurt e trup, nuk ka gjasa q\u00eb krer\u00ebt e PDK-s\u00eb, LDK-s\u00eb dhe AAK-s\u00eb t\u00eb l\u00ebshojn\u00eb pe n\u00eb krijimin e institucioneve, pa marr\u00eb leje nga oligark\u00ebt-sponsor t\u00eb tyre dhe nga ish emisari amerikan pa pozit\u00eb n\u00eb administrat\u00ebn Trump, Richard Grenell i cili serb\u00ebve ju premton kot se do t\u00eb jua kthej\u00eb Kosov\u00ebn, nd\u00ebrsa disa shqiptar\u00ebve t\u00eb opozit\u00ebs qeverisjen dhe Thaqin.<\/p>\n<p>Tash p\u00ebr tash, e vetmja shpres\u00eb e vog\u00ebl \u00ebsht\u00eb q\u00eb nj\u00eb pjes\u00eb e an\u00ebtar\u00ebve t\u00eb LDK-s\u00eb, pas ofert\u00ebs bujare p\u00ebr koalicion nga Kurti, si dhe Nisma-s\u00eb, t\u00eb shohin qart\u00eb situat\u00ebn, t\u00eb ndryshojn\u00eb mendjen dhe t\u2019i bashkohen opozit\u00ebs duhet pozit\u00ebs n\u00eb interes t\u00eb shtetit dhe kombit\u201d.<\/p>\n<p>N\u00eb fund, shqiptaro-amerikani shtoi se duke par\u00eb gjith\u00eb zhvillimet, duket se zgjedhjet e jasht\u00ebzakonshme mbeten opsioni m\u00eb real.<\/p>\n<p>\u201cKrijimi i nj\u00eb qeverie kukull nga partit\u00eb opozitare me shum\u00eb pak vota individualisht, s\u00eb bashku me list\u00ebn serbe, \u00ebsht\u00eb e padrejt\u00eb, e pamundur dhe armiq\u00ebsore. Populli i Kosov\u00ebs nuk do ta pranoj\u00eb kurr\u00eb k\u00ebt\u00eb.<\/p>\n<p>Nj\u00eb gj\u00eb \u00ebsht\u00eb e sigurt se, KM Kurti dhe koalicioni i tij e kan\u00eb me vete popullin shumic\u00eb t\u00eb Kosov\u00ebs, m\u00ebrgat\u00ebn amerikane dhe kudo tjet\u00ebr, ve\u00e7an\u00ebrisht votuesit intelektual\u00eb dhe t\u00eb pavarur nga e gjith\u00eb bota. Ata e kan\u00eb detyr\u00eb t\u00eb shenjt\u00eb historike q\u00eb n\u00eb asnj\u00eb m\u00ebnyr\u00eb t\u00eb mos e lejojn\u00eb marrjen e pushtetit nga krer\u00ebt e kompremetuar t\u00eb opozit\u00ebs, sepse ekziston rreziku q\u00eb pas 2-3 muajsh ta kthejn\u00eb pushtimin serb n\u00eb veri t\u00eb Kosov\u00ebs.<\/p>\n<p>Sipas t\u00eb gjitha gjasave, zgjedhjet e jasht\u00ebzakonshme mbetet opsioni m\u00eb realist, ndoshta i vetmi, p\u00ebr daljen nga kjo situat\u00eb e d\u00ebmshme p\u00ebr Kosov\u00ebn dhe demokracin\u00eb per\u00ebndimore. Fitorja e sigurt i takon popullit t\u00eb Kosov\u00ebs dhe askujt tjet\u00ebr\u201d, p\u00ebrmbylli Agim Ali\u00e7kaj p\u00ebr \u201cBota sot\u201d.<\/p>\n","protected":false},"excerpt":{"rendered":"<p>Takimi i krer\u00ebve politik me presidenten Osmani, mir\u00eb, por jo bash mir\u00eb As pas takimit t\u00eb presidentes Vjosa Osmani me krer\u00ebt e partive parlamentare, nuk \u00ebsht\u00eb sh\u00ebnuar ndonj\u00eb p\u00ebrparim p\u00ebr zhbllokimin e ng\u00ebr\u00e7it politik. Osmani tha se ky ishte vet\u00ebm takimi i par\u00eb dhe paralajm\u00ebroi se takimet do t\u00eb vazhdojn\u00eb edhe jav\u00ebn tjet\u00ebr me secilin [&hellip;]<\/p>\n","protected":false},"author":8,"featured_media":19496,"comment_status":"closed","ping_status":"closed","sticky":false,"template":"","format":"standard","meta":{"footnotes":""},"categories":[215,213],"tags":[],"class_list":["post-19495","post","type-post","status-publish","format-standard","has-post-thumbnail","hentry","category-kosove","category-lajme"],"yoast_head":"<!-- This site is optimized with the Yoast SEO plugin v25.1 - https:\/\/yoast.com\/wordpress\/plugins\/seo\/ -->\n<title>K\u00ebta politikan\u00eb nuk l\u00ebshojn\u00eb \u2018pe\u2019 pa marr\u00eb leje nga Grenell!\u201d, vjen deklarata e fort\u00eb pas takimit t\u00eb Osmanit me lider\u00ebt politik\u00eb - press7.tv<\/title>\n<meta name=\"robots\" content=\"index, follow, max-snippet:-1, max-image-preview:large, max-video-preview:-1\" \/>\n<link rel=\"canonical\" href=\"https:\/\/www.press7.tv\/?p=19495\" \/>\n<meta property=\"og:locale\" content=\"en_US\" \/>\n<meta property=\"og:type\" content=\"article\" \/>\n<meta property=\"og:title\" content=\"K\u00ebta politikan\u00eb nuk l\u00ebshojn\u00eb \u2018pe\u2019 pa marr\u00eb leje nga Grenell!\u201d, vjen deklarata e fort\u00eb pas takimit t\u00eb Osmanit me lider\u00ebt politik\u00eb - press7.tv\" \/>\n<meta property=\"og:description\" content=\"Takimi i krer\u00ebve politik me presidenten Osmani, mir\u00eb, por jo bash mir\u00eb As pas takimit t\u00eb presidentes Vjosa Osmani me krer\u00ebt e partive parlamentare, nuk \u00ebsht\u00eb sh\u00ebnuar ndonj\u00eb p\u00ebrparim p\u00ebr zhbllokimin e ng\u00ebr\u00e7it politik. Osmani tha se ky ishte vet\u00ebm takimi i par\u00eb dhe paralajm\u00ebroi se takimet do t\u00eb vazhdojn\u00eb edhe jav\u00ebn tjet\u00ebr me secilin [&hellip;]\" \/>\n<meta property=\"og:url\" content=\"https:\/\/www.press7.tv\/?p=19495\" \/>\n<meta property=\"og:site_name\" content=\"press7.tv\" \/>\n<meta property=\"article:publisher\" content=\"https:\/\/www.facebook.com\/press7.tv\" \/>\n<meta property=\"article:published_time\" content=\"2025-05-17T19:10:37+00:00\" \/>\n<meta property=\"og:image\" content=\"https:\/\/www.press7.tv\/wp-content\/uploads\/2025\/05\/IMG_4230.avif\" \/>\n\t<meta property=\"og:image:width\" content=\"850\" \/>\n\t<meta property=\"og:image:height\" content=\"468\" \/>\n\t<meta property=\"og:image:type\" content=\"image\/jpeg\" \/>\n<meta name=\"author\" content=\"gazetar2\" \/>\n<meta name=\"twitter:card\" content=\"summary_large_image\" \/>\n<meta name=\"twitter:label1\" content=\"Written by\" \/>\n\t<meta name=\"twitter:data1\" content=\"gazetar2\" \/>\n\t<meta name=\"twitter:label2\" content=\"Est. reading time\" \/>\n\t<meta name=\"twitter:data2\" content=\"1 minute\" \/>\n<script type=\"application\/ld+json\" class=\"yoast-schema-graph\">{\"@context\":\"https:\/\/schema.org\",\"@graph\":[{\"@type\":\"Article\",\"@id\":\"https:\/\/www.press7.tv\/?p=19495#article\",\"isPartOf\":{\"@id\":\"https:\/\/www.press7.tv\/?p=19495\"},\"author\":{\"name\":\"gazetar2\",\"@id\":\"https:\/\/www.news33.tv\/#\/schema\/person\/5a04a38a23ccdba82f9bd665cd8f9efa\"},\"headline\":\"K\u00ebta politikan\u00eb nuk l\u00ebshojn\u00eb \u2018pe\u2019 pa marr\u00eb leje nga Grenell!\u201d, vjen deklarata e fort\u00eb pas takimit t\u00eb Osmanit me lider\u00ebt politik\u00eb\",\"datePublished\":\"2025-05-17T19:10:37+00:00\",\"mainEntityOfPage\":{\"@id\":\"https:\/\/www.press7.tv\/?p=19495\"},\"wordCount\":1297,\"publisher\":{\"@id\":\"https:\/\/www.news33.tv\/#organization\"},\"image\":{\"@id\":\"https:\/\/www.press7.tv\/?p=19495#primaryimage\"},\"thumbnailUrl\":\"https:\/\/www.press7.tv\/wp-content\/uploads\/2025\/05\/IMG_4230.avif\",\"articleSection\":[\"Kosov\u00eb\",\"Lajme\"],\"inLanguage\":\"en-US\"},{\"@type\":\"WebPage\",\"@id\":\"https:\/\/www.press7.tv\/?p=19495\",\"url\":\"https:\/\/www.press7.tv\/?p=19495\",\"name\":\"K\u00ebta politikan\u00eb nuk l\u00ebshojn\u00eb \u2018pe\u2019 pa marr\u00eb leje nga Grenell!\u201d, vjen deklarata e fort\u00eb pas takimit t\u00eb Osmanit me lider\u00ebt politik\u00eb - press7.tv\",\"isPartOf\":{\"@id\":\"https:\/\/www.news33.tv\/#website\"},\"primaryImageOfPage\":{\"@id\":\"https:\/\/www.press7.tv\/?p=19495#primaryimage\"},\"image\":{\"@id\":\"https:\/\/www.press7.tv\/?p=19495#primaryimage\"},\"thumbnailUrl\":\"https:\/\/www.press7.tv\/wp-content\/uploads\/2025\/05\/IMG_4230.avif\",\"datePublished\":\"2025-05-17T19:10:37+00:00\",\"breadcrumb\":{\"@id\":\"https:\/\/www.press7.tv\/?p=19495#breadcrumb\"},\"inLanguage\":\"en-US\",\"potentialAction\":[{\"@type\":\"ReadAction\",\"target\":[\"https:\/\/www.press7.tv\/?p=19495\"]}]},{\"@type\":\"ImageObject\",\"inLanguage\":\"en-US\",\"@id\":\"https:\/\/www.press7.tv\/?p=19495#primaryimage\",\"url\":\"https:\/\/www.press7.tv\/wp-content\/uploads\/2025\/05\/IMG_4230.avif\",\"contentUrl\":\"https:\/\/www.press7.tv\/wp-content\/uploads\/2025\/05\/IMG_4230.avif\",\"width\":850,\"height\":468},{\"@type\":\"BreadcrumbList\",\"@id\":\"https:\/\/www.press7.tv\/?p=19495#breadcrumb\",\"itemListElement\":[{\"@type\":\"ListItem\",\"position\":1,\"name\":\"Home\",\"item\":\"https:\/\/www.press7.tv\/\"},{\"@type\":\"ListItem\",\"position\":2,\"name\":\"K\u00ebta politikan\u00eb nuk l\u00ebshojn\u00eb \u2018pe\u2019 pa marr\u00eb leje nga Grenell!\u201d, vjen deklarata e fort\u00eb pas takimit t\u00eb Osmanit me lider\u00ebt politik\u00eb\"}]},{\"@type\":\"WebSite\",\"@id\":\"https:\/\/www.news33.tv\/#website\",\"url\":\"https:\/\/www.news33.tv\/\",\"name\":\"News33.tv Media\",\"description\":\"Media\",\"publisher\":{\"@id\":\"https:\/\/www.news33.tv\/#organization\"},\"potentialAction\":[{\"@type\":\"SearchAction\",\"target\":{\"@type\":\"EntryPoint\",\"urlTemplate\":\"https:\/\/www.news33.tv\/?s={search_term_string}\"},\"query-input\":{\"@type\":\"PropertyValueSpecification\",\"valueRequired\":true,\"valueName\":\"search_term_string\"}}],\"inLanguage\":\"en-US\"},{\"@type\":\"Organization\",\"@id\":\"https:\/\/www.news33.tv\/#organization\",\"name\":\"News33.tv Media\",\"url\":\"https:\/\/www.news33.tv\/\",\"logo\":{\"@type\":\"ImageObject\",\"inLanguage\":\"en-US\",\"@id\":\"https:\/\/www.news33.tv\/#\/schema\/logo\/image\/\",\"url\":\"https:\/\/www.press7.tv\/wp-content\/uploads\/2024\/02\/logo-news33-black.png\",\"contentUrl\":\"https:\/\/www.press7.tv\/wp-content\/uploads\/2024\/02\/logo-news33-black.png\",\"width\":180,\"height\":37,\"caption\":\"News33.tv Media\"},\"image\":{\"@id\":\"https:\/\/www.news33.tv\/#\/schema\/logo\/image\/\"},\"sameAs\":[\"https:\/\/www.facebook.com\/press7.tv\"]},{\"@type\":\"Person\",\"@id\":\"https:\/\/www.news33.tv\/#\/schema\/person\/5a04a38a23ccdba82f9bd665cd8f9efa\",\"name\":\"gazetar2\",\"image\":{\"@type\":\"ImageObject\",\"inLanguage\":\"en-US\",\"@id\":\"https:\/\/www.news33.tv\/#\/schema\/person\/image\/\",\"url\":\"https:\/\/www.press7.tv\/wp-content\/litespeed\/avatar\/41975e402c3049d9ddb03adca8f7a883.jpg?ver=1777169572\",\"contentUrl\":\"https:\/\/www.press7.tv\/wp-content\/litespeed\/avatar\/41975e402c3049d9ddb03adca8f7a883.jpg?ver=1777169572\",\"caption\":\"gazetar2\"},\"url\":\"https:\/\/www.press7.tv\/?author=8\"}]}<\/script>\n<!-- \/ Yoast SEO plugin. -->","yoast_head_json":{"title":"K\u00ebta politikan\u00eb nuk l\u00ebshojn\u00eb \u2018pe\u2019 pa marr\u00eb leje nga Grenell!\u201d, vjen deklarata e fort\u00eb pas takimit t\u00eb Osmanit me lider\u00ebt politik\u00eb - press7.tv","robots":{"index":"index","follow":"follow","max-snippet":"max-snippet:-1","max-image-preview":"max-image-preview:large","max-video-preview":"max-video-preview:-1"},"canonical":"https:\/\/www.press7.tv\/?p=19495","og_locale":"en_US","og_type":"article","og_title":"K\u00ebta politikan\u00eb nuk l\u00ebshojn\u00eb \u2018pe\u2019 pa marr\u00eb leje nga Grenell!\u201d, vjen deklarata e fort\u00eb pas takimit t\u00eb Osmanit me lider\u00ebt politik\u00eb - press7.tv","og_description":"Takimi i krer\u00ebve politik me presidenten Osmani, mir\u00eb, por jo bash mir\u00eb As pas takimit t\u00eb presidentes Vjosa Osmani me krer\u00ebt e partive parlamentare, nuk \u00ebsht\u00eb sh\u00ebnuar ndonj\u00eb p\u00ebrparim p\u00ebr zhbllokimin e ng\u00ebr\u00e7it politik. Osmani tha se ky ishte vet\u00ebm takimi i par\u00eb dhe paralajm\u00ebroi se takimet do t\u00eb vazhdojn\u00eb edhe jav\u00ebn tjet\u00ebr me secilin [&hellip;]","og_url":"https:\/\/www.press7.tv\/?p=19495","og_site_name":"press7.tv","article_publisher":"https:\/\/www.facebook.com\/press7.tv","article_published_time":"2025-05-17T19:10:37+00:00","og_image":[{"width":850,"height":468,"url":"https:\/\/www.press7.tv\/wp-content\/uploads\/2025\/05\/IMG_4230.avif","type":"image\/jpeg"}],"author":"gazetar2","twitter_card":"summary_large_image","twitter_misc":{"Written by":"gazetar2","Est. reading time":"1 minute"},"schema":{"@context":"https:\/\/schema.org","@graph":[{"@type":"Article","@id":"https:\/\/www.press7.tv\/?p=19495#article","isPartOf":{"@id":"https:\/\/www.press7.tv\/?p=19495"},"author":{"name":"gazetar2","@id":"https:\/\/www.news33.tv\/#\/schema\/person\/5a04a38a23ccdba82f9bd665cd8f9efa"},"headline":"K\u00ebta politikan\u00eb nuk l\u00ebshojn\u00eb \u2018pe\u2019 pa marr\u00eb leje nga Grenell!\u201d, vjen deklarata e fort\u00eb pas takimit t\u00eb Osmanit me lider\u00ebt politik\u00eb","datePublished":"2025-05-17T19:10:37+00:00","mainEntityOfPage":{"@id":"https:\/\/www.press7.tv\/?p=19495"},"wordCount":1297,"publisher":{"@id":"https:\/\/www.news33.tv\/#organization"},"image":{"@id":"https:\/\/www.press7.tv\/?p=19495#primaryimage"},"thumbnailUrl":"https:\/\/www.press7.tv\/wp-content\/uploads\/2025\/05\/IMG_4230.avif","articleSection":["Kosov\u00eb","Lajme"],"inLanguage":"en-US"},{"@type":"WebPage","@id":"https:\/\/www.press7.tv\/?p=19495","url":"https:\/\/www.press7.tv\/?p=19495","name":"K\u00ebta politikan\u00eb nuk l\u00ebshojn\u00eb \u2018pe\u2019 pa marr\u00eb leje nga Grenell!\u201d, vjen deklarata e fort\u00eb pas takimit t\u00eb Osmanit me lider\u00ebt politik\u00eb - press7.tv","isPartOf":{"@id":"https:\/\/www.news33.tv\/#website"},"primaryImageOfPage":{"@id":"https:\/\/www.press7.tv\/?p=19495#primaryimage"},"image":{"@id":"https:\/\/www.press7.tv\/?p=19495#primaryimage"},"thumbnailUrl":"https:\/\/www.press7.tv\/wp-content\/uploads\/2025\/05\/IMG_4230.avif","datePublished":"2025-05-17T19:10:37+00:00","breadcrumb":{"@id":"https:\/\/www.press7.tv\/?p=19495#breadcrumb"},"inLanguage":"en-US","potentialAction":[{"@type":"ReadAction","target":["https:\/\/www.press7.tv\/?p=19495"]}]},{"@type":"ImageObject","inLanguage":"en-US","@id":"https:\/\/www.press7.tv\/?p=19495#primaryimage","url":"https:\/\/www.press7.tv\/wp-content\/uploads\/2025\/05\/IMG_4230.avif","contentUrl":"https:\/\/www.press7.tv\/wp-content\/uploads\/2025\/05\/IMG_4230.avif","width":850,"height":468},{"@type":"BreadcrumbList","@id":"https:\/\/www.press7.tv\/?p=19495#breadcrumb","itemListElement":[{"@type":"ListItem","position":1,"name":"Home","item":"https:\/\/www.press7.tv\/"},{"@type":"ListItem","position":2,"name":"K\u00ebta politikan\u00eb nuk l\u00ebshojn\u00eb \u2018pe\u2019 pa marr\u00eb leje nga Grenell!\u201d, vjen deklarata e fort\u00eb pas takimit t\u00eb Osmanit me lider\u00ebt politik\u00eb"}]},{"@type":"WebSite","@id":"https:\/\/www.news33.tv\/#website","url":"https:\/\/www.news33.tv\/","name":"News33.tv Media","description":"Media","publisher":{"@id":"https:\/\/www.news33.tv\/#organization"},"potentialAction":[{"@type":"SearchAction","target":{"@type":"EntryPoint","urlTemplate":"https:\/\/www.news33.tv\/?s={search_term_string}"},"query-input":{"@type":"PropertyValueSpecification","valueRequired":true,"valueName":"search_term_string"}}],"inLanguage":"en-US"},{"@type":"Organization","@id":"https:\/\/www.news33.tv\/#organization","name":"News33.tv Media","url":"https:\/\/www.news33.tv\/","logo":{"@type":"ImageObject","inLanguage":"en-US","@id":"https:\/\/www.news33.tv\/#\/schema\/logo\/image\/","url":"https:\/\/www.press7.tv\/wp-content\/uploads\/2024\/02\/logo-news33-black.png","contentUrl":"https:\/\/www.press7.tv\/wp-content\/uploads\/2024\/02\/logo-news33-black.png","width":180,"height":37,"caption":"News33.tv Media"},"image":{"@id":"https:\/\/www.news33.tv\/#\/schema\/logo\/image\/"},"sameAs":["https:\/\/www.facebook.com\/press7.tv"]},{"@type":"Person","@id":"https:\/\/www.news33.tv\/#\/schema\/person\/5a04a38a23ccdba82f9bd665cd8f9efa","name":"gazetar2","image":{"@type":"ImageObject","inLanguage":"en-US","@id":"https:\/\/www.news33.tv\/#\/schema\/person\/image\/","url":"https:\/\/www.press7.tv\/wp-content\/litespeed\/avatar\/41975e402c3049d9ddb03adca8f7a883.jpg?ver=1777169572","contentUrl":"https:\/\/www.press7.tv\/wp-content\/litespeed\/avatar\/41975e402c3049d9ddb03adca8f7a883.jpg?ver=1777169572","caption":"gazetar2"},"url":"https:\/\/www.press7.tv\/?author=8"}]}},"amp_enabled":true,"_links":{"self":[{"href":"https:\/\/www.press7.tv\/index.php?rest_route=\/wp\/v2\/posts\/19495","targetHints":{"allow":["GET"]}}],"collection":[{"href":"https:\/\/www.press7.tv\/index.php?rest_route=\/wp\/v2\/posts"}],"about":[{"href":"https:\/\/www.press7.tv\/index.php?rest_route=\/wp\/v2\/types\/post"}],"author":[{"embeddable":true,"href":"https:\/\/www.press7.tv\/index.php?rest_route=\/wp\/v2\/users\/8"}],"replies":[{"embeddable":true,"href":"https:\/\/www.press7.tv\/index.php?rest_route=%2Fwp%2Fv2%2Fcomments&post=19495"}],"version-history":[{"count":1,"href":"https:\/\/www.press7.tv\/index.php?rest_route=\/wp\/v2\/posts\/19495\/revisions"}],"predecessor-version":[{"id":19497,"href":"https:\/\/www.press7.tv\/index.php?rest_route=\/wp\/v2\/posts\/19495\/revisions\/19497"}],"wp:featuredmedia":[{"embeddable":true,"href":"https:\/\/www.press7.tv\/index.php?rest_route=\/wp\/v2\/media\/19496"}],"wp:attachment":[{"href":"https:\/\/www.press7.tv\/index.php?rest_route=%2Fwp%2Fv2%2Fmedia&parent=19495"}],"wp:term":[{"taxonomy":"category","embeddable":true,"href":"https:\/\/www.press7.tv\/index.php?rest_route=%2Fwp%2Fv2%2Fcategories&post=19495"},{"taxonomy":"post_tag","embeddable":true,"href":"https:\/\/www.press7.tv\/index.php?rest_route=%2Fwp%2Fv2%2Ftags&post=19495"}],"curies":[{"name":"wp","href":"https:\/\/api.w.org\/{rel}","templated":true}]}}