{"id":18649,"date":"2025-04-27T11:01:02","date_gmt":"2025-04-27T11:01:02","guid":{"rendered":"https:\/\/www.press7.tv\/?p=18649"},"modified":"2025-04-27T11:01:02","modified_gmt":"2025-04-27T11:01:02","slug":"vlen-ne-tetor-fitojme-gjithkund","status":"publish","type":"post","link":"https:\/\/www.press7.tv\/?p=18649","title":{"rendered":"VLEN: N\u00eb tetor fitojm\u00eb gjithkund!"},"content":{"rendered":"\n    <div class=\"xs_social_share_widget xs_share_url before_content \t\tmain_content  wslu-style-2 wslu-share-box-shaped wslu-fill-colored wslu-share-m-5 wslu-none wslu-share-vertical wslu-theme-font-no wslu-main_content\">\n\n\t\t\n        <ul>\n\t\t\t        <\/ul>\n    <\/div> \n<p>N\u00eb nj\u00eb njoftim p\u00ebr media VLEN ka shpallur q\u00ebndrimin e saj kund\u00ebr politikave t\u00eb kaluara, duke u zotuar p\u00ebr ndryshim dhe drejt\u00ebsi. P\u00ebr zgjedhjet lokale t\u00eb tetorit, VLEN premton fitore n\u00eb t\u00eb gjitha komunat shqiptare\/ Koha e s\u00eb kaluar\u00ebs, sipas tyre, ka marr\u00eb fund, dhe nj\u00eb epok\u00eb e re ndryshimi ka nisur.<\/p>\n<p>\u201cPasi p\u00ebr 20 vite vodh\u00ebn, mashtruan dhe shkat\u00ebrruan \u00e7do shpres\u00eb shqiptare, tani dalin pa pik\u00eb turpi e k\u00ebrkojn\u00eb q\u00eb qytetar\u00ebt t\u2019u japin edhe nj\u00eb shans!<br \/>\nAta q\u00eb p\u00ebr dekada e p\u00ebrdor\u00ebn pushtetin p\u00ebr interesa personale, sot, t\u00eb frustruar dhe t\u00eb zbuluar para qytetar\u00ebve, k\u00ebrkojn\u00eb t\u00eb kthejn\u00eb koh\u00ebt e vjetra t\u00eb kapjes dhe shantazhit.<br \/>\nBDI q\u00eb \u00e7do institucion shnd\u00ebrroi n\u00eb deg\u00eb partie, q\u00eb n\u00ebn\u00e7muan intelektual\u00ebt, q\u00eb ia dor\u00ebzuan t\u00eb drejtat shqiptare pazareve t\u00eb ul\u00ebta, sot kan\u00eb frik\u00eb nga drejt\u00ebsia.<br \/>\nVLEN \u00ebsht\u00eb p\u00ebrgjigja e shqiptar\u00ebve ndaj k\u00ebsaj politike t\u00eb kalbur!<br \/>\nVLEN \u00ebsht\u00eb n\u00eb qeveri p\u00ebr t\u00eb zbatuar ndryshimin q\u00eb shqiptar\u00ebt e k\u00ebrkuan me z\u00eb t\u00eb lart\u00eb dhe nuk do t\u00eb ndalet deri sa secili shqiptar t\u00eb ndjehet i lir\u00eb, i barabart\u00eb dhe me dinjitet n\u00eb vendin e vet.<br \/>\nN\u00eb tetor, n\u00eb zgjedhjet lokale, VLEN do t\u2019i fitoj\u00eb t\u00eb gjitha komunat shqiptare! VLEN do t\u00eb jet\u00eb n\u00eb \u00e7do komun\u00eb, n\u00eb \u00e7do institucion, me duar t\u00eb pastra dhe me fytyr\u00eb t\u00eb bardh\u00eb para qytetar\u00ebve.<br \/>\nKoha e BDI-s\u00eb ka marr\u00eb fund! Era e ndryshimit ka nisur dhe askush nuk e ndal dot m\u00eb!<br \/>\nVLEN fiton, shqiptar\u00ebt fitojn\u00eb!\u201d, thuhet n\u00eb njoftimin e VLEN.\/GazetaLajm<\/p>\n","protected":false},"excerpt":{"rendered":"<p>N\u00eb nj\u00eb njoftim p\u00ebr media VLEN ka shpallur q\u00ebndrimin e saj kund\u00ebr politikave t\u00eb kaluara, duke u zotuar p\u00ebr ndryshim dhe drejt\u00ebsi. P\u00ebr zgjedhjet lokale t\u00eb tetorit, VLEN premton fitore n\u00eb t\u00eb gjitha komunat shqiptare\/ Koha e s\u00eb kaluar\u00ebs, sipas tyre, ka marr\u00eb fund, dhe nj\u00eb epok\u00eb e re ndryshimi ka nisur. \u201cPasi p\u00ebr 20 [&hellip;]<\/p>\n","protected":false},"author":8,"featured_media":18650,"comment_status":"closed","ping_status":"closed","sticky":false,"template":"","format":"standard","meta":{"footnotes":""},"categories":[213,214],"tags":[],"class_list":["post-18649","post","type-post","status-publish","format-standard","has-post-thumbnail","hentry","category-lajme","category-maqedoni"],"yoast_head":"<!-- This site is optimized with the Yoast SEO plugin v25.1 - https:\/\/yoast.com\/wordpress\/plugins\/seo\/ -->\n<title>VLEN: N\u00eb tetor fitojm\u00eb gjithkund! - press7.tv<\/title>\n<meta name=\"robots\" content=\"index, follow, max-snippet:-1, max-image-preview:large, max-video-preview:-1\" \/>\n<link rel=\"canonical\" href=\"https:\/\/www.press7.tv\/?p=18649\" \/>\n<meta property=\"og:locale\" content=\"en_US\" \/>\n<meta property=\"og:type\" content=\"article\" \/>\n<meta property=\"og:title\" content=\"VLEN: N\u00eb tetor fitojm\u00eb gjithkund! - press7.tv\" \/>\n<meta property=\"og:description\" content=\"N\u00eb nj\u00eb njoftim p\u00ebr media VLEN ka shpallur q\u00ebndrimin e saj kund\u00ebr politikave t\u00eb kaluara, duke u zotuar p\u00ebr ndryshim dhe drejt\u00ebsi. P\u00ebr zgjedhjet lokale t\u00eb tetorit, VLEN premton fitore n\u00eb t\u00eb gjitha komunat shqiptare\/ Koha e s\u00eb kaluar\u00ebs, sipas tyre, ka marr\u00eb fund, dhe nj\u00eb epok\u00eb e re ndryshimi ka nisur. \u201cPasi p\u00ebr 20 [&hellip;]\" \/>\n<meta property=\"og:url\" content=\"https:\/\/www.press7.tv\/?p=18649\" \/>\n<meta property=\"og:site_name\" content=\"press7.tv\" \/>\n<meta property=\"article:publisher\" content=\"https:\/\/www.facebook.com\/press7.tv\" \/>\n<meta property=\"article:published_time\" content=\"2025-04-27T11:01:02+00:00\" \/>\n<meta property=\"og:image\" content=\"https:\/\/www.press7.tv\/wp-content\/uploads\/2025\/04\/IMG_3162.avif\" \/>\n\t<meta property=\"og:image:width\" content=\"582\" \/>\n\t<meta property=\"og:image:height\" content=\"426\" \/>\n\t<meta property=\"og:image:type\" content=\"image\/png\" \/>\n<meta name=\"author\" content=\"gazetar2\" \/>\n<meta name=\"twitter:card\" content=\"summary_large_image\" \/>\n<meta name=\"twitter:label1\" content=\"Written by\" \/>\n\t<meta name=\"twitter:data1\" content=\"gazetar2\" \/>\n\t<meta name=\"twitter:label2\" content=\"Est. reading time\" \/>\n\t<meta name=\"twitter:data2\" content=\"1 minute\" \/>\n<script type=\"application\/ld+json\" class=\"yoast-schema-graph\">{\"@context\":\"https:\/\/schema.org\",\"@graph\":[{\"@type\":\"Article\",\"@id\":\"https:\/\/www.press7.tv\/?p=18649#article\",\"isPartOf\":{\"@id\":\"https:\/\/www.press7.tv\/?p=18649\"},\"author\":{\"name\":\"gazetar2\",\"@id\":\"https:\/\/www.news33.tv\/#\/schema\/person\/5a04a38a23ccdba82f9bd665cd8f9efa\"},\"headline\":\"VLEN: N\u00eb tetor fitojm\u00eb gjithkund!\",\"datePublished\":\"2025-04-27T11:01:02+00:00\",\"mainEntityOfPage\":{\"@id\":\"https:\/\/www.press7.tv\/?p=18649\"},\"wordCount\":280,\"publisher\":{\"@id\":\"https:\/\/www.news33.tv\/#organization\"},\"image\":{\"@id\":\"https:\/\/www.press7.tv\/?p=18649#primaryimage\"},\"thumbnailUrl\":\"https:\/\/www.press7.tv\/wp-content\/uploads\/2025\/04\/IMG_3162.avif\",\"articleSection\":[\"Lajme\",\"Maqedoni\"],\"inLanguage\":\"en-US\"},{\"@type\":\"WebPage\",\"@id\":\"https:\/\/www.press7.tv\/?p=18649\",\"url\":\"https:\/\/www.press7.tv\/?p=18649\",\"name\":\"VLEN: N\u00eb tetor fitojm\u00eb gjithkund! - press7.tv\",\"isPartOf\":{\"@id\":\"https:\/\/www.news33.tv\/#website\"},\"primaryImageOfPage\":{\"@id\":\"https:\/\/www.press7.tv\/?p=18649#primaryimage\"},\"image\":{\"@id\":\"https:\/\/www.press7.tv\/?p=18649#primaryimage\"},\"thumbnailUrl\":\"https:\/\/www.press7.tv\/wp-content\/uploads\/2025\/04\/IMG_3162.avif\",\"datePublished\":\"2025-04-27T11:01:02+00:00\",\"breadcrumb\":{\"@id\":\"https:\/\/www.press7.tv\/?p=18649#breadcrumb\"},\"inLanguage\":\"en-US\",\"potentialAction\":[{\"@type\":\"ReadAction\",\"target\":[\"https:\/\/www.press7.tv\/?p=18649\"]}]},{\"@type\":\"ImageObject\",\"inLanguage\":\"en-US\",\"@id\":\"https:\/\/www.press7.tv\/?p=18649#primaryimage\",\"url\":\"https:\/\/www.press7.tv\/wp-content\/uploads\/2025\/04\/IMG_3162.avif\",\"contentUrl\":\"https:\/\/www.press7.tv\/wp-content\/uploads\/2025\/04\/IMG_3162.avif\",\"width\":582,\"height\":426},{\"@type\":\"BreadcrumbList\",\"@id\":\"https:\/\/www.press7.tv\/?p=18649#breadcrumb\",\"itemListElement\":[{\"@type\":\"ListItem\",\"position\":1,\"name\":\"Home\",\"item\":\"https:\/\/www.press7.tv\/\"},{\"@type\":\"ListItem\",\"position\":2,\"name\":\"VLEN: N\u00eb tetor fitojm\u00eb gjithkund!\"}]},{\"@type\":\"WebSite\",\"@id\":\"https:\/\/www.news33.tv\/#website\",\"url\":\"https:\/\/www.news33.tv\/\",\"name\":\"News33.tv Media\",\"description\":\"Media\",\"publisher\":{\"@id\":\"https:\/\/www.news33.tv\/#organization\"},\"potentialAction\":[{\"@type\":\"SearchAction\",\"target\":{\"@type\":\"EntryPoint\",\"urlTemplate\":\"https:\/\/www.news33.tv\/?s={search_term_string}\"},\"query-input\":{\"@type\":\"PropertyValueSpecification\",\"valueRequired\":true,\"valueName\":\"search_term_string\"}}],\"inLanguage\":\"en-US\"},{\"@type\":\"Organization\",\"@id\":\"https:\/\/www.news33.tv\/#organization\",\"name\":\"News33.tv Media\",\"url\":\"https:\/\/www.news33.tv\/\",\"logo\":{\"@type\":\"ImageObject\",\"inLanguage\":\"en-US\",\"@id\":\"https:\/\/www.news33.tv\/#\/schema\/logo\/image\/\",\"url\":\"https:\/\/www.press7.tv\/wp-content\/uploads\/2024\/02\/logo-news33-black.png\",\"contentUrl\":\"https:\/\/www.press7.tv\/wp-content\/uploads\/2024\/02\/logo-news33-black.png\",\"width\":180,\"height\":37,\"caption\":\"News33.tv Media\"},\"image\":{\"@id\":\"https:\/\/www.news33.tv\/#\/schema\/logo\/image\/\"},\"sameAs\":[\"https:\/\/www.facebook.com\/press7.tv\"]},{\"@type\":\"Person\",\"@id\":\"https:\/\/www.news33.tv\/#\/schema\/person\/5a04a38a23ccdba82f9bd665cd8f9efa\",\"name\":\"gazetar2\",\"image\":{\"@type\":\"ImageObject\",\"inLanguage\":\"en-US\",\"@id\":\"https:\/\/www.news33.tv\/#\/schema\/person\/image\/\",\"url\":\"https:\/\/www.press7.tv\/wp-content\/litespeed\/avatar\/41975e402c3049d9ddb03adca8f7a883.jpg?ver=1777169572\",\"contentUrl\":\"https:\/\/www.press7.tv\/wp-content\/litespeed\/avatar\/41975e402c3049d9ddb03adca8f7a883.jpg?ver=1777169572\",\"caption\":\"gazetar2\"},\"url\":\"https:\/\/www.press7.tv\/?author=8\"}]}<\/script>\n<!-- \/ Yoast SEO plugin. -->","yoast_head_json":{"title":"VLEN: N\u00eb tetor fitojm\u00eb gjithkund! - press7.tv","robots":{"index":"index","follow":"follow","max-snippet":"max-snippet:-1","max-image-preview":"max-image-preview:large","max-video-preview":"max-video-preview:-1"},"canonical":"https:\/\/www.press7.tv\/?p=18649","og_locale":"en_US","og_type":"article","og_title":"VLEN: N\u00eb tetor fitojm\u00eb gjithkund! - press7.tv","og_description":"N\u00eb nj\u00eb njoftim p\u00ebr media VLEN ka shpallur q\u00ebndrimin e saj kund\u00ebr politikave t\u00eb kaluara, duke u zotuar p\u00ebr ndryshim dhe drejt\u00ebsi. P\u00ebr zgjedhjet lokale t\u00eb tetorit, VLEN premton fitore n\u00eb t\u00eb gjitha komunat shqiptare\/ Koha e s\u00eb kaluar\u00ebs, sipas tyre, ka marr\u00eb fund, dhe nj\u00eb epok\u00eb e re ndryshimi ka nisur. \u201cPasi p\u00ebr 20 [&hellip;]","og_url":"https:\/\/www.press7.tv\/?p=18649","og_site_name":"press7.tv","article_publisher":"https:\/\/www.facebook.com\/press7.tv","article_published_time":"2025-04-27T11:01:02+00:00","og_image":[{"width":582,"height":426,"url":"https:\/\/www.press7.tv\/wp-content\/uploads\/2025\/04\/IMG_3162.avif","type":"image\/png"}],"author":"gazetar2","twitter_card":"summary_large_image","twitter_misc":{"Written by":"gazetar2","Est. reading time":"1 minute"},"schema":{"@context":"https:\/\/schema.org","@graph":[{"@type":"Article","@id":"https:\/\/www.press7.tv\/?p=18649#article","isPartOf":{"@id":"https:\/\/www.press7.tv\/?p=18649"},"author":{"name":"gazetar2","@id":"https:\/\/www.news33.tv\/#\/schema\/person\/5a04a38a23ccdba82f9bd665cd8f9efa"},"headline":"VLEN: N\u00eb tetor fitojm\u00eb gjithkund!","datePublished":"2025-04-27T11:01:02+00:00","mainEntityOfPage":{"@id":"https:\/\/www.press7.tv\/?p=18649"},"wordCount":280,"publisher":{"@id":"https:\/\/www.news33.tv\/#organization"},"image":{"@id":"https:\/\/www.press7.tv\/?p=18649#primaryimage"},"thumbnailUrl":"https:\/\/www.press7.tv\/wp-content\/uploads\/2025\/04\/IMG_3162.avif","articleSection":["Lajme","Maqedoni"],"inLanguage":"en-US"},{"@type":"WebPage","@id":"https:\/\/www.press7.tv\/?p=18649","url":"https:\/\/www.press7.tv\/?p=18649","name":"VLEN: N\u00eb tetor fitojm\u00eb gjithkund! - press7.tv","isPartOf":{"@id":"https:\/\/www.news33.tv\/#website"},"primaryImageOfPage":{"@id":"https:\/\/www.press7.tv\/?p=18649#primaryimage"},"image":{"@id":"https:\/\/www.press7.tv\/?p=18649#primaryimage"},"thumbnailUrl":"https:\/\/www.press7.tv\/wp-content\/uploads\/2025\/04\/IMG_3162.avif","datePublished":"2025-04-27T11:01:02+00:00","breadcrumb":{"@id":"https:\/\/www.press7.tv\/?p=18649#breadcrumb"},"inLanguage":"en-US","potentialAction":[{"@type":"ReadAction","target":["https:\/\/www.press7.tv\/?p=18649"]}]},{"@type":"ImageObject","inLanguage":"en-US","@id":"https:\/\/www.press7.tv\/?p=18649#primaryimage","url":"https:\/\/www.press7.tv\/wp-content\/uploads\/2025\/04\/IMG_3162.avif","contentUrl":"https:\/\/www.press7.tv\/wp-content\/uploads\/2025\/04\/IMG_3162.avif","width":582,"height":426},{"@type":"BreadcrumbList","@id":"https:\/\/www.press7.tv\/?p=18649#breadcrumb","itemListElement":[{"@type":"ListItem","position":1,"name":"Home","item":"https:\/\/www.press7.tv\/"},{"@type":"ListItem","position":2,"name":"VLEN: N\u00eb tetor fitojm\u00eb gjithkund!"}]},{"@type":"WebSite","@id":"https:\/\/www.news33.tv\/#website","url":"https:\/\/www.news33.tv\/","name":"News33.tv Media","description":"Media","publisher":{"@id":"https:\/\/www.news33.tv\/#organization"},"potentialAction":[{"@type":"SearchAction","target":{"@type":"EntryPoint","urlTemplate":"https:\/\/www.news33.tv\/?s={search_term_string}"},"query-input":{"@type":"PropertyValueSpecification","valueRequired":true,"valueName":"search_term_string"}}],"inLanguage":"en-US"},{"@type":"Organization","@id":"https:\/\/www.news33.tv\/#organization","name":"News33.tv Media","url":"https:\/\/www.news33.tv\/","logo":{"@type":"ImageObject","inLanguage":"en-US","@id":"https:\/\/www.news33.tv\/#\/schema\/logo\/image\/","url":"https:\/\/www.press7.tv\/wp-content\/uploads\/2024\/02\/logo-news33-black.png","contentUrl":"https:\/\/www.press7.tv\/wp-content\/uploads\/2024\/02\/logo-news33-black.png","width":180,"height":37,"caption":"News33.tv Media"},"image":{"@id":"https:\/\/www.news33.tv\/#\/schema\/logo\/image\/"},"sameAs":["https:\/\/www.facebook.com\/press7.tv"]},{"@type":"Person","@id":"https:\/\/www.news33.tv\/#\/schema\/person\/5a04a38a23ccdba82f9bd665cd8f9efa","name":"gazetar2","image":{"@type":"ImageObject","inLanguage":"en-US","@id":"https:\/\/www.news33.tv\/#\/schema\/person\/image\/","url":"https:\/\/www.press7.tv\/wp-content\/litespeed\/avatar\/41975e402c3049d9ddb03adca8f7a883.jpg?ver=1777169572","contentUrl":"https:\/\/www.press7.tv\/wp-content\/litespeed\/avatar\/41975e402c3049d9ddb03adca8f7a883.jpg?ver=1777169572","caption":"gazetar2"},"url":"https:\/\/www.press7.tv\/?author=8"}]}},"amp_enabled":true,"_links":{"self":[{"href":"https:\/\/www.press7.tv\/index.php?rest_route=\/wp\/v2\/posts\/18649","targetHints":{"allow":["GET"]}}],"collection":[{"href":"https:\/\/www.press7.tv\/index.php?rest_route=\/wp\/v2\/posts"}],"about":[{"href":"https:\/\/www.press7.tv\/index.php?rest_route=\/wp\/v2\/types\/post"}],"author":[{"embeddable":true,"href":"https:\/\/www.press7.tv\/index.php?rest_route=\/wp\/v2\/users\/8"}],"replies":[{"embeddable":true,"href":"https:\/\/www.press7.tv\/index.php?rest_route=%2Fwp%2Fv2%2Fcomments&post=18649"}],"version-history":[{"count":1,"href":"https:\/\/www.press7.tv\/index.php?rest_route=\/wp\/v2\/posts\/18649\/revisions"}],"predecessor-version":[{"id":18651,"href":"https:\/\/www.press7.tv\/index.php?rest_route=\/wp\/v2\/posts\/18649\/revisions\/18651"}],"wp:featuredmedia":[{"embeddable":true,"href":"https:\/\/www.press7.tv\/index.php?rest_route=\/wp\/v2\/media\/18650"}],"wp:attachment":[{"href":"https:\/\/www.press7.tv\/index.php?rest_route=%2Fwp%2Fv2%2Fmedia&parent=18649"}],"wp:term":[{"taxonomy":"category","embeddable":true,"href":"https:\/\/www.press7.tv\/index.php?rest_route=%2Fwp%2Fv2%2Fcategories&post=18649"},{"taxonomy":"post_tag","embeddable":true,"href":"https:\/\/www.press7.tv\/index.php?rest_route=%2Fwp%2Fv2%2Ftags&post=18649"}],"curies":[{"name":"wp","href":"https:\/\/api.w.org\/{rel}","templated":true}]}}