{"id":18640,"date":"2025-04-27T10:43:22","date_gmt":"2025-04-27T10:43:22","guid":{"rendered":"https:\/\/www.press7.tv\/?p=18640"},"modified":"2025-04-27T10:43:22","modified_gmt":"2025-04-27T10:43:22","slug":"partia-e-tij-kryeson-dukshem-ne-sondazhe-perse-rivali-i-orbanit-peter-magyar-eshte-kaq-i-suksesshem","status":"publish","type":"post","link":"https:\/\/www.press7.tv\/?p=18640","title":{"rendered":"\u201cPartia e tij kryeson duksh\u00ebm n\u00eb sondazhe\u201d. P\u00ebrse rivali i Orbanit, Peter Magyar \u00ebsht\u00eb kaq i suksessh\u00ebm?"},"content":{"rendered":"\n    <div class=\"xs_social_share_widget xs_share_url before_content \t\tmain_content  wslu-style-2 wslu-share-box-shaped wslu-fill-colored wslu-share-m-5 wslu-none wslu-share-vertical wslu-theme-font-no wslu-main_content\">\n\n\t\t\n        <ul>\n\t\t\t        <\/ul>\n    <\/div> \n<p>Ish-mb\u00ebshtet\u00ebsi i Fidesz tani kund\u00ebrshtar i Orbanit, Peter Magyar, \u00ebsht\u00eb tani politikani m\u00eb i preferuar n\u00eb Hungari. Partia e tij Tisza kryeson duksh\u00ebm n\u00eb sondazhe kundrejt partis\u00eb s\u00eb Orbanit. Si e ka arritur ai k\u00ebt\u00eb?<\/p>\n<p>Kudo, ku ai shfaqet nd\u00ebrkoh\u00eb n\u00eb Hungari, njer\u00ebzit v\u00ebrshojn\u00eb drejt tij. Ata e brohorasin at\u00eb, duan t\u2019i shtr\u00ebngojn\u00eb duart me t\u00eb dhe t\u00eb b\u00ebjn\u00eb selfies. Ose duan t\u2019i thin\u00eb atij, se nuk mund t\u00eb vazhdohet m\u00eb si deri tani dhe se ai \u00ebsht\u00eb shpresa e tyre e madhe.<\/p>\n<p>Ai, t\u00eb cilin madje disa e adhurojn\u00eb sikur t\u00eb ishte nj\u00eb Mesia, \u00ebsht\u00eb Peter Magyar, 44 vje\u00e7, avokat nga Budapesti, i ri n\u00eb politik dhe nj\u00eb njeri, q\u00eb mund t\u00eb fitoj\u00eb n\u00eb zgjedhjet parlamentare pranver\u00ebn 2026 kundrejt Viktor Orbanit autoritar q\u00eb qeveris prej shum\u00eb vitesh.<\/p>\n<p>Magyar, q\u00eb duket i ri, t\u00eb shumt\u00ebn e koh\u00ebs vishet me jeans, me k\u00ebmish\u00eb t\u00eb bardh\u00eb dhe atlete, n\u00eb baz\u00eb t\u00eb sondazheve \u00ebsht\u00eb politikani m\u00eb i preferuar aktualisht n\u00eb Hungari. Ai ia del rregullisht, q\u00eb t\u00eb mbledh\u00eb qindra mij\u00eb vet\u00eb n\u00eb demonstrata. Prej jav\u00ebsh ai ndodeht n\u00eb nj\u00eb turn \u00eb qytetet e fshtrat e Hungaris\u00eb \u2013 ndryshe nga Orbani, q\u00eb mburret se \u00ebsht\u00eb nj\u00eb \u201cdjal\u00eb fshatu\u201d dhe luft\u00ebtar i rrug\u00ebs\u201d, por q\u00eb rrall\u00ebher\u00eb e ndesh n\u00eb rrug\u00eb.<\/p>\n<p>Partia e Magyars Tisza (Respekt dhe Liri) nd\u00ebrkoh\u00eb \u00ebsht\u00eb e preferuar nga zgjedh\u00ebsit dhe kryeson deri n\u00eb tet\u00eb p\u00ebrqind kundrejt partis\u00eb s\u00eb Orbanit Fidesz (Lidhja e Demokrat\u00ebve t\u00eb Rinj). Edhe pse me k\u00ebt\u00eb ende nuk po konturohet fundi i sistemit t\u00eb Orbanit, \u00ebsht\u00eb e qart\u00eb, se shum\u00eb hungarez\u00eb jan\u00eb t\u00eb pak\u00ebnaqur me rendin e korruptuar dhe autorkratik t\u00eb kryeministrit dhe d\u00ebshirojn\u00eb ndryshimin e pushtetit.<\/p>\n<p>Rritet pak\u00ebnaq\u00ebsia ndaj Orbanit<\/p>\n<p>Viktor Orban \u00ebsht\u00eb pand\u00ebrprerje n\u00eb pushtet q\u00eb nga viti 2010. Deri tani askush nuk i aka dal\u00eb q\u00eb arrij\u00eb nj\u00eb ndryshim t\u00eb till\u00eb t\u00eb frym\u00ebs si Magyar. Si i aka arritur ai k\u00ebsaj?<\/p>\n<p>Shum\u00eb hungarez\u00eb prej koh\u00ebsh jan\u00eb t\u00eb pak\u00ebnaqur me sistemin e Orbanit. Kryeministri dhe rrethi i pushtetit t\u00eb tij sh\u00ebrbejn\u00eb vet\u00ebm klientel\u00ebn e tyre, q\u00eb p\u00ebrb\u00ebn gati nj\u00eb tret\u00ebn e elektoratit n\u00eb vend. Leht\u00ebsime fiskale dhe favor\u00eb financiare jan\u00eb t\u00eb p\u00ebrshtatura p\u00ebr k\u00ebt\u00eb klientel\u00eb, s\u00eb cil\u00ebs i jepen poste n\u00eb shtet dhe administrat\u00eb, firmat e tyre p\u00ebrfitojn\u00eb nga tenderat shtet\u00ebror\u00eb. T\u00eb gjith\u00eb t\u00eb tjer\u00ebt rropaten p\u00ebr t\u2019ia dal\u00eb disi jasht\u00eb k\u00ebtij sistemi ose jetojn\u00eb n\u00eb kushte t\u00eb v\u00ebshtira.<\/p>\n<p>P\u00ebrkund\u00ebr retorik\u00ebs s\u00eb Orbanit, se n\u00eb Hungari \u00ebsht\u00eb m\u00eb mir\u00eb se kudo tjet\u00ebr n\u00eb BE, n\u00eb pjes\u00ebn m\u00eb t\u00eb madhe infrastruktura \u00ebsht\u00eb l\u00ebn\u00eb pasdore \u2013 duke nisur q\u00eb nga rrug\u00ebt e k\u00ebqia, spitalet e prapambetura dhe shkollat e sh\u00ebrbimet publike n\u00eb kushte kaotike.<\/p>\n<p>Dalje nga sistemi<\/p>\n<p>Morali i dyfisht\u00eb q\u00eb po del gjithnj\u00eb e m\u00eb shum\u00eb n\u00eb pah i Orbanit me spektakle t\u00eb propagand\u00ebs nacionaliste, e ka favorizuar ngjitjen e Peter Magyars. V\u00ebzhguesit e kishin parashikuar, se sistemi nuk po k\u00ebrc\u00ebnohet nga opozita e t\u00eb majt\u00ebve dhe liberal\u00ebve, por nga brenda nga nj\u00eb renegat prej radh\u00ebve t\u00eb tij. E k\u00ebshtu ka ndodhur.<\/p>\n<p>Ka vite q\u00eb n\u00eb Hungari p\u00ebshp\u00ebritet se nj\u00eb dit\u00eb Orbanindo e rr\u00ebzoj\u00eb nga karrigia nj\u00eb prej njer\u00ebzve q\u00eb ka af\u00ebr. Dhe Magyar \u00ebsht\u00eb pik\u00ebrisht nj\u00eb i till\u00eb, ai vjen nga rrethi i ngusht\u00eb i Orbanit. Juristi 43 vje\u00e7ar \u00ebsht\u00eb edhe biznesmen dhe ka qen\u00eb martuar me ish-ministren e drejt\u00ebsis\u00eb, Judit Varga. Ai ka mbajtur poste t\u00eb r\u00ebnd\u00ebsishme n\u00eb sistemin e Orbanit dhe ka qen\u00eb mik ose shok me disa nga funksionar\u00ebt m\u00eb t\u00eb lart\u00eb t\u00eb partis\u00eb s\u00eb Fidesz-it. Q\u00eb prej prezantimit t\u00eb par\u00eb publik n\u00eb shkurt t\u00eb 2024-\u00ebs, ai e ka prezantuar veten si nj\u00eb lloj alternative m\u00eb t\u00eb past\u00ebr konservatore se sa ajo e Orbanit, si nj\u00eb njeri q\u00eb ndan t\u00eb nj\u00ebjtat vlera si ato t\u00eb Fidesz-it, por q\u00eb nuk \u00ebsht\u00eb i korruptuar.<\/p>\n<p>Fitili ndizet nga afera e shp\u00ebrdorimit t\u00eb postit<\/p>\n<p>Magyar, mbiemri i t\u00eb cilit do t\u00eb thot\u00eb shprehimisht \u201ehungarez\u201d, u shfaq n\u00eb shkurt 2024 duke dal\u00eb nga hi\u00e7i. Ai doli n\u00eb publik, mbasi presidentja e shtetit Katalin Novak dha dor\u00ebheqjen n\u00eb kuad\u00ebr t\u00eb s\u00eb ashtuquajtur\u00ebs afer\u00eb shp\u00ebrdorimi. Ajo i pati dh\u00ebn\u00eb falje nj\u00eb personi t\u00eb d\u00ebnuar p\u00ebr bashk\u00ebpunim n\u00eb abuzimin e f\u00ebmij\u00ebve. N\u00eb kuad\u00ebr t\u00eb afer\u00ebs u largua nga politika edhe ish- bashk\u00ebshortja e Magyarit, deri n\u00eb ato momente kryesuese e list\u00ebs s\u00eb Fideszit p\u00ebr zgjedhjet europiane. Afera shkaktoi indinjim t\u00eb madh t\u00eb publikut, sepse qeveria e Orbanit e pati kthyer mbrojtjen e f\u00ebmij\u00ebve n\u00eb qend\u00ebr t\u00eb politik\u00ebs s\u00eb tij, duke b\u00ebr\u00eb shum\u00eb pun\u00eb propagandistike.<\/p>\n<p>N\u00eb fillim Peter Magyar foli vet\u00ebm si njeri i indinjuar, q\u00eb presidentja e shtetit dhe ish-bashk\u00ebshortja e tij jan\u00eb koka turku t\u00eb sistemit t\u00eb Orbanit, por m\u00eb pas b\u00ebri t\u00eb ditur se do t\u00eb hyj\u00eb n\u00eb politik\u00eb.<\/p>\n<p>Brenda kat\u00ebr muajve ai arriti t\u00eb merrte n\u00eb zgjedhje nj\u00eb rezultat t\u00eb lart\u00eb dyshifror me partin\u00eb e tij Tisza, duke inicuar pranimin e k\u00ebsaj partie n\u00eb Partit\u00eb Popullore Europiane (EVP), prej t\u00eb cilave Orbani e nxorri partin\u00eb e tij Fidesz n\u00eb vitin 2021, p\u00ebr t\u2019i paraprir\u00eb nj\u00eb p\u00ebrjashtimi t\u00eb mundsh\u00ebm.<\/p>\n<p>\u201cOrbani nuk e ka menduar kurr\u00eb se mund t\u2019i ndodh\u00eb di\u00e7ka e till\u00eb,\u201d thot\u00eb sociologu, Zoltan Somogyi. \u201cP\u00ebrve\u00e7 k\u00ebsaj Magyari arriti t\u00eb gjitha k\u00ebto pa ndonj\u00eb buxhet t\u00eb madh fushate zgjedhore, ndryshe nga Fidesz, q\u00eb harrxhoi miliarda p\u00ebr propagand\u00ebn.\u201d<\/p>\n<p>Dhe k\u00ebshtu shton Somogyi, Tisza e Magyarit \u00ebsht\u00eb forca e par\u00eb opozitare politike q\u00eb prej vitit 2010, q\u00eb nuk ka pranuar financimin e partis\u00eb nga shteti.<\/p>\n<p>Ndryshimi i pushtetit n\u00eb Hungari n\u00eb 2026?<\/p>\n<p>M\u00eb t\u00eb dukshmet jan\u00eb ndoshta rezultatet e zgjedhjeve evropiane dhe ato lokale n\u00eb Hungari, t\u00eb cilat u mbajt\u00ebn n\u00eb t\u00eb nj\u00ebjt\u00ebn koh\u00eb. P\u00ebr her\u00eb t\u00eb par\u00eb n\u00eb nj\u00eb zgjedhje evropiane q\u00eb nga viti 2009, aleanca e partis\u00eb nacionaliste t\u00eb krahut t\u00eb djatht\u00eb t\u00eb Orbanit, Fidesz dhe partis\u00eb s\u00eb vog\u00ebl Kristiandemokrate KDNP nuk fitoi nj\u00eb shumic\u00eb absolute, por mori m\u00eb pak se 45 p\u00ebr qind. Edhe pse Fidesz fitoi n\u00eb krahasim me t\u00eb gjitha partit\u00eb e tjera, v\u00ebzhguesit e shohin rezultatin si nj\u00eb shuplak\u00eb p\u00ebr kryeministrin Orban, i cili \u00ebsht\u00eb m\u00ebsuar me suksese t\u00eb bindshme.<\/p>\n<p>Kritiku m\u00eb i madh i Orbanit, Peter Magyar, i cili hyri s\u00eb fundi n\u00eb sken\u00ebn politike me partin\u00eb e tij Tisza, vet\u00ebm pak jav\u00eb para zgjedhjeve, arriti rreth 30 p\u00ebr qind \u2013 deri tani rezultati m\u00eb i lart\u00eb i arritur nga nj\u00eb parti opozitare kund\u00ebr Orbanit q\u00eb nga viti 2010 kur erdhi n\u00eb pushtet. Magyar \u00ebsht\u00eb nj\u00eb renegat i Fidesz-it, ka mbajtur poste t\u00eb paguara mir\u00eb n\u00eb aparatin shtet\u00ebror t\u00eb Orbanit viteve t\u00eb fundit dhe u shfaq n\u00eb publik p\u00ebr her\u00eb t\u00eb par\u00eb n\u00eb shkurt 2024 si politikan opozitar. Magyar p\u00ebrfaq\u00ebson pozicionet konservatore t\u00eb Fidesz-it t\u00eb krahut t\u00eb djatht\u00eb n\u00eb shum\u00eb aspekte, p\u00ebr shembull n\u00eb politik\u00ebn e migracionit, por premton t\u00eb pastroj\u00eb korrupsionin e sistemit Orban dhe problemet n\u00eb sistemet sh\u00ebndet\u00ebsore dhe arsimore. P\u00ebrve\u00e7 k\u00ebsaj, ndryshe nga Orban, ai \u00ebsht\u00eb shprehimisht pro-evropian.<\/p>\n<p>Peter Magyar premtoi pas zgjedhjeve evropiane (qershor 2024) nj\u00eb ndryshim pushteti n\u00eb zgjedhjet e ardhshme parlamentare n\u00eb 2026 dhe njoftoi: \u201cTani fillon vall\u00ebzimi!\u201d<\/p>\n<p>Raporte problematike me gazetar\u00ebt<\/p>\n<p>Lidhur me tem\u00ebn e migracionit Magyar do t\u00eb vazhdoj\u00eb linj\u00ebn e Orbanit \u2013 por akuzon kryeministrin p\u00ebr moral t\u00eb dyfisht\u00eb, se nd\u00ebrkoh\u00eb ka t\u00ebrhequr dhjetra mij\u00ebra migrant\u00eb pune nga vendet jo an\u00ebtare t\u00eb BE-s\u00eb. Paraqitjet e tij publike kan\u00eb ngjashm\u00ebri me populizmin e Orbanit, ndon\u00ebse Magyar kujdeset q\u00eb t\u00eb p\u00ebr\u00e7oj\u00eb mesazhe pozitive, n\u00eb vend q\u00eb t\u00eb t\u00eb ysht\u00eb vazhdimisht kund\u00ebr t\u00eb tjer\u00ebve si Orbani. Magyar prezantohet si j\u00eb nacional-konservator i suksessh\u00ebm, i sinqert\u00eb dhe m\u00eb i mir\u00eb, i cili e ka seriozisht me unitetin e kombit hungarez. Ndonj\u00ebher\u00eb ai duket arrogant dhe narcizist. Lidhur me gazetar\u00ebt e pavarur ose rolin e tij si person publik deri tani ai ka nj\u00eb raport po aq problematik sa edhe Orbani.<\/p>\n<p>N\u00eb qershor 2024 ai u largua i fyer nga emisioni i drejtp\u00ebrdrejt\u00eb i lajmeve n\u00eb televizionin ATV, sepse atij nuk i p\u00eblqyen pyetjet kritike. Pak pas k\u00ebsaj ai ia hodhi n\u00eb Danub celularin nj\u00eb t\u00eb panjohur, kur ai po e filmont\u00eb at\u00eb gjat\u00eb nj\u00eb feste. T\u00eb gjitha k\u00ebto deri tani nuk e kan\u00eb d\u00ebmtuar at\u00eb. Pa r\u00ebn\u00eb n\u00eb rolin e viktim\u00ebs, deri tani Magyar ia ka dal\u00eb q\u00eb prezantohet si luft\u00ebtari i Hungaris\u00eb p\u00ebr ligj dhe drejt\u00ebsi, q\u00eb do t\u00eb t\u00eb preferonte ta spostonte qeverin\u00eb e Orbanit. Atij i ndihmon edhe fakti, q\u00eb mediat besnike t\u00eb qeveris\u00eb n\u00eb m\u00ebnyr\u00eb t\u00eb ekzagjeruar yshtin papushim kund\u00ebr tij, gj\u00eb q\u00eb u duket jo e besueshme edhe shum\u00eb mb\u00ebshtet\u00ebsve t\u00eb partis\u00eb Fidesz.\/ DW<\/p>\n<p>Rruga Press<\/p>\n","protected":false},"excerpt":{"rendered":"<p>Ish-mb\u00ebshtet\u00ebsi i Fidesz tani kund\u00ebrshtar i Orbanit, Peter Magyar, \u00ebsht\u00eb tani politikani m\u00eb i preferuar n\u00eb Hungari. Partia e tij Tisza kryeson duksh\u00ebm n\u00eb sondazhe kundrejt partis\u00eb s\u00eb Orbanit. Si e ka arritur ai k\u00ebt\u00eb? Kudo, ku ai shfaqet nd\u00ebrkoh\u00eb n\u00eb Hungari, njer\u00ebzit v\u00ebrshojn\u00eb drejt tij. Ata e brohorasin at\u00eb, duan t\u2019i shtr\u00ebngojn\u00eb duart me [&hellip;]<\/p>\n","protected":false},"author":8,"featured_media":18641,"comment_status":"closed","ping_status":"closed","sticky":false,"template":"","format":"standard","meta":{"footnotes":""},"categories":[217,213],"tags":[],"class_list":["post-18640","post","type-post","status-publish","format-standard","has-post-thumbnail","hentry","category-bote","category-lajme"],"yoast_head":"<!-- This site is optimized with the Yoast SEO plugin v25.1 - https:\/\/yoast.com\/wordpress\/plugins\/seo\/ -->\n<title>\u201cPartia e tij kryeson duksh\u00ebm n\u00eb sondazhe\u201d. P\u00ebrse rivali i Orbanit, Peter Magyar \u00ebsht\u00eb kaq i suksessh\u00ebm? - press7.tv<\/title>\n<meta name=\"robots\" content=\"index, follow, max-snippet:-1, max-image-preview:large, max-video-preview:-1\" \/>\n<link rel=\"canonical\" href=\"https:\/\/www.press7.tv\/?p=18640\" \/>\n<meta property=\"og:locale\" content=\"en_US\" \/>\n<meta property=\"og:type\" content=\"article\" \/>\n<meta property=\"og:title\" content=\"\u201cPartia e tij kryeson duksh\u00ebm n\u00eb sondazhe\u201d. P\u00ebrse rivali i Orbanit, Peter Magyar \u00ebsht\u00eb kaq i suksessh\u00ebm? - press7.tv\" \/>\n<meta property=\"og:description\" content=\"Ish-mb\u00ebshtet\u00ebsi i Fidesz tani kund\u00ebrshtar i Orbanit, Peter Magyar, \u00ebsht\u00eb tani politikani m\u00eb i preferuar n\u00eb Hungari. Partia e tij Tisza kryeson duksh\u00ebm n\u00eb sondazhe kundrejt partis\u00eb s\u00eb Orbanit. Si e ka arritur ai k\u00ebt\u00eb? Kudo, ku ai shfaqet nd\u00ebrkoh\u00eb n\u00eb Hungari, njer\u00ebzit v\u00ebrshojn\u00eb drejt tij. Ata e brohorasin at\u00eb, duan t\u2019i shtr\u00ebngojn\u00eb duart me [&hellip;]\" \/>\n<meta property=\"og:url\" content=\"https:\/\/www.press7.tv\/?p=18640\" \/>\n<meta property=\"og:site_name\" content=\"press7.tv\" \/>\n<meta property=\"article:publisher\" content=\"https:\/\/www.facebook.com\/press7.tv\" \/>\n<meta property=\"article:published_time\" content=\"2025-04-27T10:43:22+00:00\" \/>\n<meta property=\"og:image\" content=\"https:\/\/www.press7.tv\/wp-content\/uploads\/2025\/04\/IMG_3153.avif\" \/>\n\t<meta property=\"og:image:width\" content=\"899\" \/>\n\t<meta property=\"og:image:height\" content=\"500\" \/>\n\t<meta property=\"og:image:type\" content=\"image\/png\" \/>\n<meta name=\"author\" content=\"gazetar2\" \/>\n<meta name=\"twitter:card\" content=\"summary_large_image\" \/>\n<meta name=\"twitter:label1\" content=\"Written by\" \/>\n\t<meta name=\"twitter:data1\" content=\"gazetar2\" \/>\n\t<meta name=\"twitter:label2\" content=\"Est. reading time\" \/>\n\t<meta name=\"twitter:data2\" content=\"1 minute\" \/>\n<script type=\"application\/ld+json\" class=\"yoast-schema-graph\">{\"@context\":\"https:\/\/schema.org\",\"@graph\":[{\"@type\":\"Article\",\"@id\":\"https:\/\/www.press7.tv\/?p=18640#article\",\"isPartOf\":{\"@id\":\"https:\/\/www.press7.tv\/?p=18640\"},\"author\":{\"name\":\"gazetar2\",\"@id\":\"https:\/\/www.news33.tv\/#\/schema\/person\/5a04a38a23ccdba82f9bd665cd8f9efa\"},\"headline\":\"\u201cPartia e tij kryeson duksh\u00ebm n\u00eb sondazhe\u201d. P\u00ebrse rivali i Orbanit, Peter Magyar \u00ebsht\u00eb kaq i suksessh\u00ebm?\",\"datePublished\":\"2025-04-27T10:43:22+00:00\",\"mainEntityOfPage\":{\"@id\":\"https:\/\/www.press7.tv\/?p=18640\"},\"wordCount\":1549,\"publisher\":{\"@id\":\"https:\/\/www.news33.tv\/#organization\"},\"image\":{\"@id\":\"https:\/\/www.press7.tv\/?p=18640#primaryimage\"},\"thumbnailUrl\":\"https:\/\/www.press7.tv\/wp-content\/uploads\/2025\/04\/IMG_3153.avif\",\"articleSection\":[\"Bot\u00eb\",\"Lajme\"],\"inLanguage\":\"en-US\"},{\"@type\":\"WebPage\",\"@id\":\"https:\/\/www.press7.tv\/?p=18640\",\"url\":\"https:\/\/www.press7.tv\/?p=18640\",\"name\":\"\u201cPartia e tij kryeson duksh\u00ebm n\u00eb sondazhe\u201d. P\u00ebrse rivali i Orbanit, Peter Magyar \u00ebsht\u00eb kaq i suksessh\u00ebm? - press7.tv\",\"isPartOf\":{\"@id\":\"https:\/\/www.news33.tv\/#website\"},\"primaryImageOfPage\":{\"@id\":\"https:\/\/www.press7.tv\/?p=18640#primaryimage\"},\"image\":{\"@id\":\"https:\/\/www.press7.tv\/?p=18640#primaryimage\"},\"thumbnailUrl\":\"https:\/\/www.press7.tv\/wp-content\/uploads\/2025\/04\/IMG_3153.avif\",\"datePublished\":\"2025-04-27T10:43:22+00:00\",\"breadcrumb\":{\"@id\":\"https:\/\/www.press7.tv\/?p=18640#breadcrumb\"},\"inLanguage\":\"en-US\",\"potentialAction\":[{\"@type\":\"ReadAction\",\"target\":[\"https:\/\/www.press7.tv\/?p=18640\"]}]},{\"@type\":\"ImageObject\",\"inLanguage\":\"en-US\",\"@id\":\"https:\/\/www.press7.tv\/?p=18640#primaryimage\",\"url\":\"https:\/\/www.press7.tv\/wp-content\/uploads\/2025\/04\/IMG_3153.avif\",\"contentUrl\":\"https:\/\/www.press7.tv\/wp-content\/uploads\/2025\/04\/IMG_3153.avif\",\"width\":899,\"height\":500},{\"@type\":\"BreadcrumbList\",\"@id\":\"https:\/\/www.press7.tv\/?p=18640#breadcrumb\",\"itemListElement\":[{\"@type\":\"ListItem\",\"position\":1,\"name\":\"Home\",\"item\":\"https:\/\/www.press7.tv\/\"},{\"@type\":\"ListItem\",\"position\":2,\"name\":\"\u201cPartia e tij kryeson duksh\u00ebm n\u00eb sondazhe\u201d. P\u00ebrse rivali i Orbanit, Peter Magyar \u00ebsht\u00eb kaq i suksessh\u00ebm?\"}]},{\"@type\":\"WebSite\",\"@id\":\"https:\/\/www.news33.tv\/#website\",\"url\":\"https:\/\/www.news33.tv\/\",\"name\":\"News33.tv Media\",\"description\":\"Media\",\"publisher\":{\"@id\":\"https:\/\/www.news33.tv\/#organization\"},\"potentialAction\":[{\"@type\":\"SearchAction\",\"target\":{\"@type\":\"EntryPoint\",\"urlTemplate\":\"https:\/\/www.news33.tv\/?s={search_term_string}\"},\"query-input\":{\"@type\":\"PropertyValueSpecification\",\"valueRequired\":true,\"valueName\":\"search_term_string\"}}],\"inLanguage\":\"en-US\"},{\"@type\":\"Organization\",\"@id\":\"https:\/\/www.news33.tv\/#organization\",\"name\":\"News33.tv Media\",\"url\":\"https:\/\/www.news33.tv\/\",\"logo\":{\"@type\":\"ImageObject\",\"inLanguage\":\"en-US\",\"@id\":\"https:\/\/www.news33.tv\/#\/schema\/logo\/image\/\",\"url\":\"https:\/\/www.press7.tv\/wp-content\/uploads\/2024\/02\/logo-news33-black.png\",\"contentUrl\":\"https:\/\/www.press7.tv\/wp-content\/uploads\/2024\/02\/logo-news33-black.png\",\"width\":180,\"height\":37,\"caption\":\"News33.tv Media\"},\"image\":{\"@id\":\"https:\/\/www.news33.tv\/#\/schema\/logo\/image\/\"},\"sameAs\":[\"https:\/\/www.facebook.com\/press7.tv\"]},{\"@type\":\"Person\",\"@id\":\"https:\/\/www.news33.tv\/#\/schema\/person\/5a04a38a23ccdba82f9bd665cd8f9efa\",\"name\":\"gazetar2\",\"image\":{\"@type\":\"ImageObject\",\"inLanguage\":\"en-US\",\"@id\":\"https:\/\/www.news33.tv\/#\/schema\/person\/image\/\",\"url\":\"https:\/\/www.press7.tv\/wp-content\/litespeed\/avatar\/41975e402c3049d9ddb03adca8f7a883.jpg?ver=1777169572\",\"contentUrl\":\"https:\/\/www.press7.tv\/wp-content\/litespeed\/avatar\/41975e402c3049d9ddb03adca8f7a883.jpg?ver=1777169572\",\"caption\":\"gazetar2\"},\"url\":\"https:\/\/www.press7.tv\/?author=8\"}]}<\/script>\n<!-- \/ Yoast SEO plugin. -->","yoast_head_json":{"title":"\u201cPartia e tij kryeson duksh\u00ebm n\u00eb sondazhe\u201d. P\u00ebrse rivali i Orbanit, Peter Magyar \u00ebsht\u00eb kaq i suksessh\u00ebm? - press7.tv","robots":{"index":"index","follow":"follow","max-snippet":"max-snippet:-1","max-image-preview":"max-image-preview:large","max-video-preview":"max-video-preview:-1"},"canonical":"https:\/\/www.press7.tv\/?p=18640","og_locale":"en_US","og_type":"article","og_title":"\u201cPartia e tij kryeson duksh\u00ebm n\u00eb sondazhe\u201d. P\u00ebrse rivali i Orbanit, Peter Magyar \u00ebsht\u00eb kaq i suksessh\u00ebm? - press7.tv","og_description":"Ish-mb\u00ebshtet\u00ebsi i Fidesz tani kund\u00ebrshtar i Orbanit, Peter Magyar, \u00ebsht\u00eb tani politikani m\u00eb i preferuar n\u00eb Hungari. Partia e tij Tisza kryeson duksh\u00ebm n\u00eb sondazhe kundrejt partis\u00eb s\u00eb Orbanit. Si e ka arritur ai k\u00ebt\u00eb? Kudo, ku ai shfaqet nd\u00ebrkoh\u00eb n\u00eb Hungari, njer\u00ebzit v\u00ebrshojn\u00eb drejt tij. Ata e brohorasin at\u00eb, duan t\u2019i shtr\u00ebngojn\u00eb duart me [&hellip;]","og_url":"https:\/\/www.press7.tv\/?p=18640","og_site_name":"press7.tv","article_publisher":"https:\/\/www.facebook.com\/press7.tv","article_published_time":"2025-04-27T10:43:22+00:00","og_image":[{"width":899,"height":500,"url":"https:\/\/www.press7.tv\/wp-content\/uploads\/2025\/04\/IMG_3153.avif","type":"image\/png"}],"author":"gazetar2","twitter_card":"summary_large_image","twitter_misc":{"Written by":"gazetar2","Est. reading time":"1 minute"},"schema":{"@context":"https:\/\/schema.org","@graph":[{"@type":"Article","@id":"https:\/\/www.press7.tv\/?p=18640#article","isPartOf":{"@id":"https:\/\/www.press7.tv\/?p=18640"},"author":{"name":"gazetar2","@id":"https:\/\/www.news33.tv\/#\/schema\/person\/5a04a38a23ccdba82f9bd665cd8f9efa"},"headline":"\u201cPartia e tij kryeson duksh\u00ebm n\u00eb sondazhe\u201d. P\u00ebrse rivali i Orbanit, Peter Magyar \u00ebsht\u00eb kaq i suksessh\u00ebm?","datePublished":"2025-04-27T10:43:22+00:00","mainEntityOfPage":{"@id":"https:\/\/www.press7.tv\/?p=18640"},"wordCount":1549,"publisher":{"@id":"https:\/\/www.news33.tv\/#organization"},"image":{"@id":"https:\/\/www.press7.tv\/?p=18640#primaryimage"},"thumbnailUrl":"https:\/\/www.press7.tv\/wp-content\/uploads\/2025\/04\/IMG_3153.avif","articleSection":["Bot\u00eb","Lajme"],"inLanguage":"en-US"},{"@type":"WebPage","@id":"https:\/\/www.press7.tv\/?p=18640","url":"https:\/\/www.press7.tv\/?p=18640","name":"\u201cPartia e tij kryeson duksh\u00ebm n\u00eb sondazhe\u201d. P\u00ebrse rivali i Orbanit, Peter Magyar \u00ebsht\u00eb kaq i suksessh\u00ebm? - press7.tv","isPartOf":{"@id":"https:\/\/www.news33.tv\/#website"},"primaryImageOfPage":{"@id":"https:\/\/www.press7.tv\/?p=18640#primaryimage"},"image":{"@id":"https:\/\/www.press7.tv\/?p=18640#primaryimage"},"thumbnailUrl":"https:\/\/www.press7.tv\/wp-content\/uploads\/2025\/04\/IMG_3153.avif","datePublished":"2025-04-27T10:43:22+00:00","breadcrumb":{"@id":"https:\/\/www.press7.tv\/?p=18640#breadcrumb"},"inLanguage":"en-US","potentialAction":[{"@type":"ReadAction","target":["https:\/\/www.press7.tv\/?p=18640"]}]},{"@type":"ImageObject","inLanguage":"en-US","@id":"https:\/\/www.press7.tv\/?p=18640#primaryimage","url":"https:\/\/www.press7.tv\/wp-content\/uploads\/2025\/04\/IMG_3153.avif","contentUrl":"https:\/\/www.press7.tv\/wp-content\/uploads\/2025\/04\/IMG_3153.avif","width":899,"height":500},{"@type":"BreadcrumbList","@id":"https:\/\/www.press7.tv\/?p=18640#breadcrumb","itemListElement":[{"@type":"ListItem","position":1,"name":"Home","item":"https:\/\/www.press7.tv\/"},{"@type":"ListItem","position":2,"name":"\u201cPartia e tij kryeson duksh\u00ebm n\u00eb sondazhe\u201d. P\u00ebrse rivali i Orbanit, Peter Magyar \u00ebsht\u00eb kaq i suksessh\u00ebm?"}]},{"@type":"WebSite","@id":"https:\/\/www.news33.tv\/#website","url":"https:\/\/www.news33.tv\/","name":"News33.tv Media","description":"Media","publisher":{"@id":"https:\/\/www.news33.tv\/#organization"},"potentialAction":[{"@type":"SearchAction","target":{"@type":"EntryPoint","urlTemplate":"https:\/\/www.news33.tv\/?s={search_term_string}"},"query-input":{"@type":"PropertyValueSpecification","valueRequired":true,"valueName":"search_term_string"}}],"inLanguage":"en-US"},{"@type":"Organization","@id":"https:\/\/www.news33.tv\/#organization","name":"News33.tv Media","url":"https:\/\/www.news33.tv\/","logo":{"@type":"ImageObject","inLanguage":"en-US","@id":"https:\/\/www.news33.tv\/#\/schema\/logo\/image\/","url":"https:\/\/www.press7.tv\/wp-content\/uploads\/2024\/02\/logo-news33-black.png","contentUrl":"https:\/\/www.press7.tv\/wp-content\/uploads\/2024\/02\/logo-news33-black.png","width":180,"height":37,"caption":"News33.tv Media"},"image":{"@id":"https:\/\/www.news33.tv\/#\/schema\/logo\/image\/"},"sameAs":["https:\/\/www.facebook.com\/press7.tv"]},{"@type":"Person","@id":"https:\/\/www.news33.tv\/#\/schema\/person\/5a04a38a23ccdba82f9bd665cd8f9efa","name":"gazetar2","image":{"@type":"ImageObject","inLanguage":"en-US","@id":"https:\/\/www.news33.tv\/#\/schema\/person\/image\/","url":"https:\/\/www.press7.tv\/wp-content\/litespeed\/avatar\/41975e402c3049d9ddb03adca8f7a883.jpg?ver=1777169572","contentUrl":"https:\/\/www.press7.tv\/wp-content\/litespeed\/avatar\/41975e402c3049d9ddb03adca8f7a883.jpg?ver=1777169572","caption":"gazetar2"},"url":"https:\/\/www.press7.tv\/?author=8"}]}},"amp_enabled":true,"_links":{"self":[{"href":"https:\/\/www.press7.tv\/index.php?rest_route=\/wp\/v2\/posts\/18640","targetHints":{"allow":["GET"]}}],"collection":[{"href":"https:\/\/www.press7.tv\/index.php?rest_route=\/wp\/v2\/posts"}],"about":[{"href":"https:\/\/www.press7.tv\/index.php?rest_route=\/wp\/v2\/types\/post"}],"author":[{"embeddable":true,"href":"https:\/\/www.press7.tv\/index.php?rest_route=\/wp\/v2\/users\/8"}],"replies":[{"embeddable":true,"href":"https:\/\/www.press7.tv\/index.php?rest_route=%2Fwp%2Fv2%2Fcomments&post=18640"}],"version-history":[{"count":1,"href":"https:\/\/www.press7.tv\/index.php?rest_route=\/wp\/v2\/posts\/18640\/revisions"}],"predecessor-version":[{"id":18642,"href":"https:\/\/www.press7.tv\/index.php?rest_route=\/wp\/v2\/posts\/18640\/revisions\/18642"}],"wp:featuredmedia":[{"embeddable":true,"href":"https:\/\/www.press7.tv\/index.php?rest_route=\/wp\/v2\/media\/18641"}],"wp:attachment":[{"href":"https:\/\/www.press7.tv\/index.php?rest_route=%2Fwp%2Fv2%2Fmedia&parent=18640"}],"wp:term":[{"taxonomy":"category","embeddable":true,"href":"https:\/\/www.press7.tv\/index.php?rest_route=%2Fwp%2Fv2%2Fcategories&post=18640"},{"taxonomy":"post_tag","embeddable":true,"href":"https:\/\/www.press7.tv\/index.php?rest_route=%2Fwp%2Fv2%2Ftags&post=18640"}],"curies":[{"name":"wp","href":"https:\/\/api.w.org\/{rel}","templated":true}]}}